{"id":155849,"date":"2021-07-10T00:43:35","date_gmt":"2021-07-10T00:43:35","guid":{"rendered":"https:\/\/dimensionturistica.com\/es\/?p=155849"},"modified":"2021-07-10T00:43:35","modified_gmt":"2021-07-10T00:43:35","slug":"duque-ordena-a-inteligencia-viajar-a-haiti-tras-arresto-de-colombianos-por-asesinato-de-moise","status":"publish","type":"post","link":"https:\/\/dimensionturistica.com\/es\/duque-ordena-a-inteligencia-viajar-a-haiti-tras-arresto-de-colombianos-por-asesinato-de-moise\/","title":{"rendered":"Duque ordena a Inteligencia viajar a Hait\u00ed tras arresto de colombianos por asesinato de Mo\u00efse"},"content":{"rendered":"<p> <br \/>\n<\/p>\n<div id=\"cuerpo-nota\">\n<p>MADRID (EUROPA PRESS).- El presidente de Colombia, Iv\u00e1n Duque, orden\u00f3 a los titulares de la Direcci\u00f3n Nacional de Inteligencia (DNI), Rodolfo Amaya, y de Inteligencia de la Polic\u00eda, Norberto Mujica, desplazarse a Hait\u00ed &#8220;en las pr\u00f3ximas horas&#8221;, tras la detenci\u00f3n de 15 colombianos sospechosos de asesinar al presidente Jovenel Mo\u00efse.<\/p>\n<p>A trav\u00e9s de su cuenta en la pink social Twitter, Duque inform\u00f3 que Amaya y Mujica viajar\u00e1n a Hait\u00ed junto a private de la Interpol Colombia, con el objetivo de &#8220;unirse al esfuerzo de las autoridades&#8221; haitianas en el esclarecimiento del asesinato del mandatario.<\/p>\n<aside class=\"relacionadas con-foto\">\n<h5>Noticias Relacionadas<\/h5>\n<\/aside>\n<aside class=\"htmlinline\"\/>\n<p>Duque tuvo una conversaci\u00f3n con el primer ministro de Hait\u00ed, Claude Joseph, en la que le expres\u00f3 la &#8220;solidaridad&#8221; y &#8220;apoyo&#8221; de Colombia y ofreci\u00f3 &#8220;toda la colaboraci\u00f3n&#8221; para hallar a los autores materiales e intelectuales del crimen que tuvo lugar el pasado mi\u00e9rcoles 7.<\/p>\n<aside class=\"htmlinline\"\/>\n<p>La Polic\u00eda de Hait\u00ed inform\u00f3 este viernes que suman 17 colombianos detenidos, as\u00ed como dos estadounidenses, sospechosos de asesinar a Mo\u00efse, y tambi\u00e9n identific\u00f3 que en whole ser\u00edan 28 los presuntos autores de la ejecuci\u00f3n.<\/p>\n<aside class=\"htmlinline\"\/>\n<p>Seg\u00fan la Polic\u00eda, el comando estaba compuesto por 28 atacantes, 26 de los cuales ser\u00edan colombianos. Busca a otros seis que huyeron, mientras que tres m\u00e1s fueron abatidos.<\/p>\n<p>Por su parte, el ministro de Defensa de Colombia, Diego Molano, inform\u00f3 que los colombianos arrestados son miembros retirados del Ej\u00e9rcito del pa\u00eds. Posteriormente, el director de la Polic\u00eda de Colombia, Jorge Luis Vargas, indic\u00f3 que los sospechosos habr\u00edan abandonado el Ej\u00e9rcito entre 2018 y 2020.<\/p>\n<p>Vargas tambi\u00e9n comunic\u00f3 que hay cuatro empresas colombianas que son investigadas por su papel en el magnicidio, inform\u00f3 &#8216;El Espectador&#8217;. El director de la Polic\u00eda comparti\u00f3 parte del itinerario que por el momento se conoce de los sospechosos, quienes en mayo habr\u00edan viajado a Rep\u00fablica Dominicana, desde donde cruzaron a Hait\u00ed.<\/p>\n<p>&#8220;Se tiene una primera informaci\u00f3n de los viajes de algunos de ellos en fechas, por d\u00f3nde lo hicieron, qu\u00e9 tipo de aerol\u00ednea&#8221;, asegur\u00f3 Vargas, para indicar que toda la informaci\u00f3n est\u00e1 &#8220;siendo compartida no s\u00f3lo con la oficina central de Interpol de Hait\u00ed, sino de Rep\u00fablica Dominicana&#8221;.\n<\/p>\n<p>En l\u00ednea con la decisi\u00f3n tomada por las autoridades colombianas, Estados Unidos anunci\u00f3 que tambi\u00e9n brindar\u00e1 apoyo a Hait\u00ed en la b\u00fasqueda de los sospechosos y el esclarecimiento del asesinato, por lo que enviar\u00e1 a agentes de la Oficina Federal de Investigaciones (FBI) y del Departamento de Seguridad Nacional (NHS).\n<\/p>\n<p>As\u00ed lo confirm\u00f3 la secretaria de Prensa de la Casa Blanca, Jen Psaki, quien indic\u00f3 que &#8220;en respuesta a la solicitud del gobierno haitiano&#8221; enviar\u00e1 a &#8220;altos funcionarios&#8221; a Puerto Pr\u00edncipe &#8220;tan pronto como sea posible, para evaluar la situaci\u00f3n y c\u00f3mo podemos ayudar&#8221;, recogi\u00f3 Fox Information.\n<\/p>\n<p>Psaki tambi\u00e9n indic\u00f3 que la investigaci\u00f3n &#8220;no afectar\u00e1 a la asistencia que estamos brindando al pueblo de Hait\u00ed&#8221;.\n<\/p>\n<h2><strong>El papel de los estadunidenses<\/strong><\/h2>\n<p>Uno de los jueces que investiga el caso del asesinato de Mo\u00efse, Cl\u00e9ment Noel, revel\u00f3 este viernes que los dos estadunidenses arrestados en relaci\u00f3n con el crimen aseguraron que no se encontraban en la habitaci\u00f3n del presidente haitiano cuando fue asesinado, y que \u00fanicamente trabajaban como traductores para los presuntos autores.\n<\/p>\n<p>Seg\u00fan la informaci\u00f3n recogida por el diario &#8216;The New York Instances&#8217;, se trata de James J. Solages, quien trabaj\u00f3 en la Embajada de Canad\u00e1 en Hait\u00ed, y Joseph Vincent. Ninguno de ellos result\u00f3 herido durante el asalto a la residencia de Mo\u00efse y se encontraban en posesi\u00f3n de armas, ropa, alimentos y otros objetos que se usaron durante el ataque.\n<\/p>\n<p>Noel rechaz\u00f3 proporcionar detalles sobre la operaci\u00f3n o un posible motivo, pero revel\u00f3 que los estadunidenses aseguran que fue &#8220;intensivamente&#8221; planeada durante un mes. Solages y Vincent se reun\u00edan con los implicados en un lodge ubicado en un suburbio de Puerto Pr\u00edncipe, la capital, para planear el ataque. Seg\u00fan el juez, el objetivo no period matarlo, sino llevarlo al palacio presidencial.\n<\/p>\n<p>Adem\u00e1s, seg\u00fan Solages y Vincent, los colombianos involucrados en el ataque hab\u00edan estado en Hait\u00ed durante aproximadamente tres meses. Vincent tambi\u00e9n indic\u00f3 que el cerebro de la operaci\u00f3n es un hombre &#8220;extranjero&#8221; llamado &#8220;Mike&#8221; que habla espa\u00f1ol e ingl\u00e9s. y Solages detall\u00f3 que consigui\u00f3 el trabajo como traductor para los atacantes gracias a una oferta publicada &#8216;on-line&#8217;.\n<\/p>\n<h2><strong>Hombres armados en la embajada de Taiw\u00e1n<\/strong><\/h2>\n<p>Por otro lado, el Ministerio de Exteriores de Taiw\u00e1n confirm\u00f3 este viernes que la Polic\u00eda de Hait\u00ed detuvo ayer a 11 hombres armados que entraron al patio de la embajada del pa\u00eds asi\u00e1tico en Hait\u00ed, un d\u00eda despu\u00e9s del asesinato de Mo\u00efse.\n<\/p>\n<p>Seg\u00fan explic\u00f3 la portavoz de la cartera de Exteriores taiwanesa, Joanne Ou, los guardias de seguridad de la delegaci\u00f3n tuvieron constancia de la entrada de los hombres armados a primera hora de la ma\u00f1ana el jueves y, tras pedir el gobierno de Hait\u00ed permiso para arrestarlos por sospechas de estar vinculados al asesinato de Mo\u00efse, la embajada dej\u00f3 entrar a la Polic\u00eda.\n<\/p>\n<p>Los arrestados no ofrecieron resistencia y Ou detall\u00f3 que se han constatado algunos da\u00f1os menores en el edificio de la delegaci\u00f3n, como ventanas rotas, pero ninguno de los miembros del private se encontraba en ese momento en las instalaciones. El Ministerio de Exteriores taiwan\u00e9s no puede precisar si los intrusos est\u00e1n involucrados de alguna manera en el crimen del mandatario haitiano.\n<\/p>\n<p>Jovenel Mo\u00efse fue asesinado en un ataque perpetrado la madrugada del mi\u00e9rcoles 7 contra su residencia privada, recibiendo hasta 12 disparos. Tras el magnicidio, Joseph declar\u00f3 el estado de sitio.\n<\/p>\n<\/div>\n<p><script>\n      window.fbAsyncInit = function() {\n        FB.init({\n          appId      : '{785979025297911}',\n          status     : true,\n\t\t  version:  'v2.7',\n          xfbml      : true\n        });\nFB.Event.subscribe('comment.create', function (response) {grabacom_compa(267531)});\t\nFB.Event.subscribe('comment.remove',  function (response) {grabacom_compa(267531)});\t\nFB.Event.subscribe('edge.create',  function (response) {grabacom_compa(267531)});\nFB.Event.subscribe('edge.remove',  function (response) {grabacom_compa(267531)});\n      };\n(function(d, s, id) {\n  var js, fjs = d.getElementsByTagName(s)[0];\n  if (d.getElementById(id)) return;\n  js = d.createElement(s); js.id = id;\n  js.src = \"\/\/connect.facebook.net\/es_LA\/sdk.js#xfbml=1&version=v2.7&appId=785979025297911\";\n  fjs.parentNode.insertBefore(js, fjs);\n}(document, 'script', 'facebook-jssdk'));\n    <\/script><br \/>\n<br \/><\/p>\n<p><em> &#8221; Fuentes www.proceso.com.mx &#8221; <\/em><\/p>\n","protected":false},"excerpt":{"rendered":"<p>MADRID (EUROPA PRESS).- El presidente de Colombia, Iv\u00e1n Duque, orden\u00f3 a los titulares de la Direcci\u00f3n Nacional de Inteligencia (DNI), Rodolfo Amaya, y de Inteligencia de la Polic\u00eda, Norberto Mujica, desplazarse a Hait\u00ed &#8220;en las pr\u00f3ximas horas&#8221;, tras la detenci\u00f3n de 15 colombianos sospechosos de asesinar al presidente Jovenel Mo\u00efse. A trav\u00e9s de su cuenta [&hellip;]<\/p>\n","protected":false},"author":4,"featured_media":155850,"comment_status":"open","ping_status":"closed","sticky":false,"template":"","format":"standard","meta":{"om_disable_all_campaigns":false,"jnews-multi-image_gallery":[],"jnews_single_post":[],"jnews_primary_category":[],"jnews_social_meta":[],"footnotes":""},"categories":[39],"tags":[771,16089],"class_list":["post-155849","post","type-post","status-publish","format-standard","has-post-thumbnail","hentry","category-viajes","tag-colombia","tag-haiti"],"_links":{"self":[{"href":"https:\/\/dimensionturistica.com\/es\/wp-json\/wp\/v2\/posts\/155849","targetHints":{"allow":["GET"]}}],"collection":[{"href":"https:\/\/dimensionturistica.com\/es\/wp-json\/wp\/v2\/posts"}],"about":[{"href":"https:\/\/dimensionturistica.com\/es\/wp-json\/wp\/v2\/types\/post"}],"author":[{"embeddable":true,"href":"https:\/\/dimensionturistica.com\/es\/wp-json\/wp\/v2\/users\/4"}],"replies":[{"embeddable":true,"href":"https:\/\/dimensionturistica.com\/es\/wp-json\/wp\/v2\/comments?post=155849"}],"version-history":[{"count":0,"href":"https:\/\/dimensionturistica.com\/es\/wp-json\/wp\/v2\/posts\/155849\/revisions"}],"wp:featuredmedia":[{"embeddable":true,"href":"https:\/\/dimensionturistica.com\/es\/wp-json\/wp\/v2\/media\/155850"}],"wp:attachment":[{"href":"https:\/\/dimensionturistica.com\/es\/wp-json\/wp\/v2\/media?parent=155849"}],"wp:term":[{"taxonomy":"category","embeddable":true,"href":"https:\/\/dimensionturistica.com\/es\/wp-json\/wp\/v2\/categories?post=155849"},{"taxonomy":"post_tag","embeddable":true,"href":"https:\/\/dimensionturistica.com\/es\/wp-json\/wp\/v2\/tags?post=155849"}],"curies":[{"name":"wp","href":"https:\/\/api.w.org\/{rel}","templated":true}]}}