{"id":155846,"date":"2021-07-10T00:33:13","date_gmt":"2021-07-10T00:33:13","guid":{"rendered":"https:\/\/dimensionturistica.com\/es\/?p=155846"},"modified":"2021-07-10T00:33:13","modified_gmt":"2021-07-10T00:33:13","slug":"dan-apertura-al-v-congreso-de-turismo-de-salud-y-bienestar","status":"publish","type":"post","link":"https:\/\/dimensionturistica.com\/es\/dan-apertura-al-v-congreso-de-turismo-de-salud-y-bienestar\/","title":{"rendered":"Dan apertura al V Congreso de Turismo de Salud y Bienestar"},"content":{"rendered":"<p> <br \/>\n<\/p>\n<div mlnid=\"idcon=16587785;order=7.0\">\n<p>La Asociaci\u00f3n Dominicana de Turismo de Salud (ADTS) y AF Comunicaci\u00f3n Estrat\u00e9gica realizaron la apertura en modalidad h\u00edbrida, digital y presencial, del V Congreso Internacional de Turismo de Salud y Bienestar, en el Backyard Tent del Embajador, Royal Hideaway Resort de Santo Domingo, bajo estrictos protocolos y medidas de seguridad.<\/p>\n<p>Las palabras de apertura estuvieron a cargo del physician Alejandro Cambiaso presidente de la Asociaci\u00f3n Dominicana de Turismo de Salud (ADTS) y de la se\u00f1ora Amelia Reyes Mora, vicepresidenta de la (ADTS) y presidenta de AF Comunicaci\u00f3n Estrat\u00e9gica.<\/p>\n<p>El physician Alejandro Cambiaso, durante sus palabras expres\u00f3 que \u201choy m\u00e1s que nunca, la salud y el turismo requieren innovar y complementarse bajo alianza p\u00fablico-privada de manera colaborativa y estrat\u00e9gica, por lo que proponemos crear las condiciones para la conformaci\u00f3n del Consejo Nacional de Turismo de Salud, poniendo en marcha la estrategia nacional de desarrollo del sector y el concepto de ciudades saludables\u201d.<\/p>\n<p>De su lado Amelia Reyes Mora, destac\u00f3 que \u201ccon gran satisfacci\u00f3n somos testigos de la disposici\u00f3n de los sectores p\u00fablico y privado de unir fuerzas para salir adelante y hacer de este Congreso una realidad. Actividad que forma parte de la estrategia para apoyar la diversificaci\u00f3n de la cartera tur\u00edstica de la Rep\u00fablica Dominicana y nos brinda un escenario para que expertos multisectoriales propongan estrategias para fortalecer a\u00fan m\u00e1s el control y manejo de este flagelo, haciendo posible mediante la innovaci\u00f3n y colaboraci\u00f3n, una recuperaci\u00f3n m\u00e1s viable de nuestra econom\u00eda\u201d.<\/p>\n<p>En representaci\u00f3n del Ministro de Salud P\u00fablica asisti\u00f3 el physician Eladio P\u00e9rez, viceministro de Salud Colectiva.<\/p>\n<p>Como es tradici\u00f3n, en este evento se reconocen instituciones que se han destacado por sus aportes al turismo de salud. En esta oportunidad fueron galardonados el Instituto Espaillat Cabral, por ser el primer centro acreditado internacionalmente fuera de los Estados Unidos por el Healthcare Amenities Accreditation Program (HFAP). Adem\u00e1s, el Plan de Asistencia Turismo Seguro, compuesto por\u202fMitur,\u202fAsonahores, Banco de Reservas y Seguros Reservas, por poner a disposici\u00f3n de los turistas un programa con la finalidad de garantizar sus atenciones m\u00e9dicas de emergencia y reactivar la industria tur\u00edstica de forma segura.<\/p>\n<p>El reconocimiento del Instituto Espaillat Cabral fue recibido por el physician Arnaldo Espaillat. Mientras que, por las entidades que conforman el Plan de Asistencia Turismo Seguro, Francisco El\u00edas del Banco de Reservas, V\u00edctor Rojas por Seguros Reservas, Rafael Blanco Tejada de Asonahores y Jacqueline Mora por Mitur.<\/p>\n<p>Tambi\u00e9n fue presentada la tercera edici\u00f3n de la Gu\u00eda Destino de Turismo de Salud de la Rep\u00fablica Dominicana, una publicaci\u00f3n de la Medical Tourism Affiliation (MTA), que busca mostrarle a la comunidad internacional los principales atributos del pa\u00eds como destino de salud, turismo e inversi\u00f3n.<\/p>\n<p>El V Congreso de Turismo de Salud y Bienestar cuenta con 35 expertos como exponentes entre ellos: Rafael Blanco Tejera, presidente de Asonahores; el physician Eddy P\u00e9rez Then, asesor del Ministerio de Salud P\u00fablica; el physician Mario Lama, director del Servicio Nacional de Salud; Sigmund Freund, director de Alianzas Publico-Privadas; Biviana Riveiro, directora de ProDominicana, David Vequist, director del Centro de Investigaci\u00f3n de Turismo M\u00e9dico y el physician Rafael Yun\u00e9n, presidente de la Junta de Directores Grupo Yunen, el physician Gast\u00f3n Gabin, CEO de CEMDOE.<\/p>\n<p>El evento al que asistieron representantes de instituciones gubernamentales, invitados nacionales e internacionales, representantes del cuerpo diplom\u00e1tico, del sector financiero e inversionistas, cont\u00f3 con el apoyo de distintas entidades como: El Ministerio de Turismo, Banco Fashionable, Seminsa, Hospital Metropolitano de Santiago, Seguros Reservas, Banreservas, Wellmed, Centro M\u00e9dico de Diabetes, Obesidad y Especialidades (CEMDOE), Arium Well being, Humano Seguros, CapCana, Hospital Basic de la Plaza de la Salud, The Panam\u00e1 Clinic, International Medical Dominicana, el Instituto Espaillat Cabral, Central Romana Company, Integra, Curatech, Ureval, Laboratorios Referencia, Diss Dominicana, Mall\u00e9n, Grupo Rescue, Banco Central, Worldcare, Seguros Common, AFP Siembra, Cedimat, M\u00e9dico Specific, ProDominicana, Ducto Limpio, Primera ARS, Meli\u00e1 Punta Cana Seaside, Amadita, Banco Lafise, Farmacia Carol, Superior, Cemeraf, Mass Basic Hospital, New York Presbyterian Hospital, Rocio Ortega Medical Spa, Professional Dominicana, United Healthcare, Hoteles Meli\u00e1, Aquamap, Olga M. Vi\u00f1as Traductora Certificada, Laura Tosato, Pure Serviette.<\/p>\n<p>Los\u202fmedios de comunicaci\u00f3n asociados para difundir y dar apoyo al evento son: el\u202fList\u00edn Diario, Resumen de Salud, y las revistas Mercado, Medihealth, Contacto, Santo Domingo Occasions y Boh\u00edo. Adem\u00e1s, Infotur Dominicano, Resumen Turismo, Dominican Immediately, Dominican.information, Medical Report, y los programas de radio y televisi\u00f3n Consultando con Ana Sim\u00f3 y La Consulta M\u00e9dica.<\/p>\n<\/p><\/div>\n\n<p><em> &#8221; Fuentes www.diariolibre.com &#8221; <\/em><\/p>\n","protected":false},"excerpt":{"rendered":"<p>La Asociaci\u00f3n Dominicana de Turismo de Salud (ADTS) y AF Comunicaci\u00f3n Estrat\u00e9gica realizaron la apertura en modalidad h\u00edbrida, digital y presencial, del V Congreso Internacional de Turismo de Salud y Bienestar, en el Backyard Tent del Embajador, Royal Hideaway Resort de Santo Domingo, bajo estrictos protocolos y medidas de seguridad. Las palabras de apertura estuvieron [&hellip;]<\/p>\n","protected":false},"author":4,"featured_media":155847,"comment_status":"open","ping_status":"closed","sticky":false,"template":"","format":"standard","meta":{"om_disable_all_campaigns":false,"jnews-multi-image_gallery":[],"jnews_single_post":[],"jnews_primary_category":[],"jnews_social_meta":[],"footnotes":""},"categories":[40],"tags":[1429],"class_list":["post-155846","post","type-post","status-publish","format-standard","has-post-thumbnail","hentry","category-industria","tag-santo-domingo"],"_links":{"self":[{"href":"https:\/\/dimensionturistica.com\/es\/wp-json\/wp\/v2\/posts\/155846","targetHints":{"allow":["GET"]}}],"collection":[{"href":"https:\/\/dimensionturistica.com\/es\/wp-json\/wp\/v2\/posts"}],"about":[{"href":"https:\/\/dimensionturistica.com\/es\/wp-json\/wp\/v2\/types\/post"}],"author":[{"embeddable":true,"href":"https:\/\/dimensionturistica.com\/es\/wp-json\/wp\/v2\/users\/4"}],"replies":[{"embeddable":true,"href":"https:\/\/dimensionturistica.com\/es\/wp-json\/wp\/v2\/comments?post=155846"}],"version-history":[{"count":0,"href":"https:\/\/dimensionturistica.com\/es\/wp-json\/wp\/v2\/posts\/155846\/revisions"}],"wp:featuredmedia":[{"embeddable":true,"href":"https:\/\/dimensionturistica.com\/es\/wp-json\/wp\/v2\/media\/155847"}],"wp:attachment":[{"href":"https:\/\/dimensionturistica.com\/es\/wp-json\/wp\/v2\/media?parent=155846"}],"wp:term":[{"taxonomy":"category","embeddable":true,"href":"https:\/\/dimensionturistica.com\/es\/wp-json\/wp\/v2\/categories?post=155846"},{"taxonomy":"post_tag","embeddable":true,"href":"https:\/\/dimensionturistica.com\/es\/wp-json\/wp\/v2\/tags?post=155846"}],"curies":[{"name":"wp","href":"https:\/\/api.w.org\/{rel}","templated":true}]}}