{"id":155638,"date":"2021-07-09T19:57:15","date_gmt":"2021-07-09T19:57:15","guid":{"rendered":"https:\/\/dimensionturistica.com\/es\/?p=155638"},"modified":"2021-07-09T19:57:16","modified_gmt":"2021-07-09T19:57:16","slug":"coppel-quiere-ser-el-alma-mater-de-sus-empleados","status":"publish","type":"post","link":"https:\/\/dimensionturistica.com\/es\/coppel-quiere-ser-el-alma-mater-de-sus-empleados\/","title":{"rendered":"Coppel quiere ser el alma m\u00e1ter de sus empleados"},"content":{"rendered":"<p> <br \/>\n<\/p>\n<div>\n<p>Estudiar no represent\u00f3 un desajuste en su presupuesto, ya que le descuentan por n\u00f3mina 1,400 pesos de inscripci\u00f3n cada semestre y 750 pesos mensuales, esto es, el 10% de su salario. \u201cLa primera materia que curs\u00e9 fue Gesti\u00f3n de Operaciones. Los temas abarcados debemos enfocarlos a problemas que vemos desde nuestro puesto, y nos preguntan c\u00f3mo los resolver\u00edamos\u201d, explica.<\/p>\n<p>A diferencia de los MBA tradicionales, el programa del minorista no ofrece la oportunidad de viajar a otro pa\u00eds para complementar el estudio en una escuela internacional. Pero s\u00ed rescata el valor del networking mediante foros.<\/p>\n<p>La maestr\u00eda de negocios de Universidad Coppel dura dos a\u00f1os. M\u00e1rquez asegura que no planea salirse de la empresa ni a corto ni a mediano plazo. Su expectativa es crecer profesionalmente e ir escalando dentro de la compa\u00f1\u00eda.<\/p>\n<p>Coppel se dio cuenta que pod\u00eda retener al talento y afianzar su <i>engagement<\/i>, a trav\u00e9s de una universidad corporativa, que les permitiera estudiar su bachillerato, una carrera t\u00e9cnica, una licenciatura, ingenier\u00eda o un posgrado. En su gama de opciones est\u00e1 la licenciatura en Desarrollo Gerencial, la ingenier\u00eda en Desarrollo de Software program, las carreras t\u00e9cnicas universitarias en Management Interno y Gesti\u00f3n Contable, Comercio al Detalle y Gesti\u00f3n de Capital Humano.<\/p>\n<p>El grupo firm\u00f3 un convenio con AG Faculty y aval\u00f3 su modelo curricular, con un enfoque de retail, ante la Secretar\u00eda de Educaci\u00f3n P\u00fablica. La Universidad Coppel comenz\u00f3 a operar en mayo de 2019. Desde que comenz\u00f3 la pandemia, toda la plantilla ha tomado 65 cursos relacionados con conocimiento de producto, seguridad en el trabajo o liderazgo consciente, entre otros.<\/p>\n<p>Su programa m\u00e1s reciente es su propio MBA, con el que busca formar ejecutivos de alto nivel, capaces de reconocer, crear, desarrollar y aprovechar oportunidades de negocio, al tiempo que definen, implementan y cumplen con las estrategias y objetivos corporativos.<\/p>\n<p>\u201cDesde hace tiempo nos dimos cuenta que la educaci\u00f3n dentro del \u00e1mbito organizacional es el mejor medio para que los colaboradores se desarrollen. Estamos seguros que (la universidad) nos da la posibilidad de que nuestros colaboradores accedan a mejores beneficios dentro de la organizaci\u00f3n. Adem\u00e1s, tener a gente m\u00e1s preparada nos da una ventaja competitiva frente al resto de los competidores\u201d, menciona Jos\u00e9 Ram\u00f3n Fern\u00e1ndez, director corporativo de desarrollo organizacional, dise\u00f1o y construcci\u00f3n de Grupo Coppel.<\/p>\n<p>La apuesta por la educaci\u00f3n tambi\u00e9n ha impactado en su rotaci\u00f3n de private. Fern\u00e1ndez refiere que tienen un \u00edndice de 38%, una cifra relativamente baja, tomando en cuenta que el retail es uno de los sectores con mayores porcentajes. Seg\u00fan datos de la Antad, el promedio es de 65%.<\/p>\n<\/p><\/div>\n<p><script>\n    window.fbAsyncInit = function() {\n        FB.init({\n                appId : '777317472403233',\n            cookie     : true,\n            xfbml      : true,\n            version    : 'v8.0'\n        });\n        FB.AppEvents.logPageView();\n    };\n    (function(d, s, id){\n        var js, fjs = d.getElementsByTagName(s)[0];\n        if (d.getElementById(id)) {return;}\n        js = d.createElement(s); js.id = id;\n        js.src = \"https:\/\/connect.facebook.net\/en_US\/sdk.js\";\n        fjs.parentNode.insertBefore(js, fjs);\n    }(document, 'script', 'facebook-jssdk'));\n<\/script><br \/>\n<br \/><\/p>\n<p><em> &#8221; Fuentes expansion.mx &#8221; <\/em><\/p>\n","protected":false},"excerpt":{"rendered":"<p>Estudiar no represent\u00f3 un desajuste en su presupuesto, ya que le descuentan por n\u00f3mina 1,400 pesos de inscripci\u00f3n cada semestre y 750 pesos mensuales, esto es, el 10% de su salario. \u201cLa primera materia que curs\u00e9 fue Gesti\u00f3n de Operaciones. Los temas abarcados debemos enfocarlos a problemas que vemos desde nuestro puesto, y nos preguntan [&hellip;]<\/p>\n","protected":false},"author":4,"featured_media":155639,"comment_status":"open","ping_status":"closed","sticky":false,"template":"","format":"standard","meta":{"om_disable_all_campaigns":false,"jnews-multi-image_gallery":[],"jnews_single_post":[],"jnews_primary_category":[],"jnews_social_meta":[],"footnotes":""},"categories":[39],"tags":[12340,27357,27355,27356,27358],"class_list":["post-155638","post","type-post","status-publish","format-standard","has-post-thumbnail","hentry","category-viajes","tag-carrera","tag-como-hago-para-estudiar-en-coppel","tag-coppel-y-su-universidad-corporativa","tag-cuanto-cuesta-estudiar-en-la-universidad-coppel","tag-que-carreras-ofrece-la-universidad-coppel"],"_links":{"self":[{"href":"https:\/\/dimensionturistica.com\/es\/wp-json\/wp\/v2\/posts\/155638","targetHints":{"allow":["GET"]}}],"collection":[{"href":"https:\/\/dimensionturistica.com\/es\/wp-json\/wp\/v2\/posts"}],"about":[{"href":"https:\/\/dimensionturistica.com\/es\/wp-json\/wp\/v2\/types\/post"}],"author":[{"embeddable":true,"href":"https:\/\/dimensionturistica.com\/es\/wp-json\/wp\/v2\/users\/4"}],"replies":[{"embeddable":true,"href":"https:\/\/dimensionturistica.com\/es\/wp-json\/wp\/v2\/comments?post=155638"}],"version-history":[{"count":0,"href":"https:\/\/dimensionturistica.com\/es\/wp-json\/wp\/v2\/posts\/155638\/revisions"}],"wp:featuredmedia":[{"embeddable":true,"href":"https:\/\/dimensionturistica.com\/es\/wp-json\/wp\/v2\/media\/155639"}],"wp:attachment":[{"href":"https:\/\/dimensionturistica.com\/es\/wp-json\/wp\/v2\/media?parent=155638"}],"wp:term":[{"taxonomy":"category","embeddable":true,"href":"https:\/\/dimensionturistica.com\/es\/wp-json\/wp\/v2\/categories?post=155638"},{"taxonomy":"post_tag","embeddable":true,"href":"https:\/\/dimensionturistica.com\/es\/wp-json\/wp\/v2\/tags?post=155638"}],"curies":[{"name":"wp","href":"https:\/\/api.w.org\/{rel}","templated":true}]}}