{"id":155164,"date":"2021-07-09T10:50:45","date_gmt":"2021-07-09T10:50:45","guid":{"rendered":"https:\/\/dimensionturistica.com\/es\/?p=155164"},"modified":"2021-07-09T10:50:45","modified_gmt":"2021-07-09T10:50:45","slug":"enojo-de-los-agentes-de-viaje-con-el-gobierno-no-estan-preparados-para-la-situacion","status":"publish","type":"post","link":"https:\/\/dimensionturistica.com\/es\/enojo-de-los-agentes-de-viaje-con-el-gobierno-no-estan-preparados-para-la-situacion\/","title":{"rendered":"Enojo de los agentes de viaje con el Gobierno: &#8220;No est\u00e1n preparados para la situaci\u00f3n&#8221;"},"content":{"rendered":"<p> <br \/>\n<\/p>\n<div>\n<p><strong>El Turismo es una industria que conlleva numerosos beneficios econ\u00f3micos para un pa\u00eds <\/strong>que la sabe gestionar y promover. El ingreso de divisas &#8220;frescas&#8221;, el aumento del circulante y la generaci\u00f3n de empleo joven o primer trabajo la convierten en una actividad prioritaria para la recuperaci\u00f3n econ\u00f3mica.<\/p>\n<p>Sin embargo<strong>, <\/strong>aunque las autoridades en Mendoza pidan que se autorice la apertura al turismo internacional<strong>, <\/strong>mientras muestran n\u00fameros positivos de ocupaci\u00f3n<strong>, los empresarios del sector se\u00f1alan que esas cifras\u00a0no son ciertos.<\/strong><\/p>\n<aside class=\"htmlinline\"\/>\n<p>En <strong>No cantes victoria, por MDZ Radio,\u00a0<\/strong>nos visit\u00f3 <strong>V\u00edctor Cortegoso, referente del sector tur\u00edstico con m\u00e1s de tres d\u00e9cadas en el rubro <\/strong>para un di\u00e1logo profundo sobre el impacto de la pandemia en las empresas de viajes, los cambios que se produjeron y de los que no hay vuelta atr\u00e1s.<\/p>\n<blockquote>\n<p>&#8220;La industria derivadora de miles de puestos de trabajo tiene\u00a0una perspectiva muy mala por el manejo de la situaci\u00f3n. Estamos exactamente igual que hace 15 meses atr\u00e1s. Con las ayudas del gobierno que han sido pan para hoy y hambre para ma\u00f1ana. Tenemos much\u00edsimas ganas de trabajar y no estamos acostumbrados a que nos subsidien con migajas&#8221;.<\/p>\n<aside class=\"htmlinline\"\/><\/blockquote>\n<p>Aunque aseguran que no es una situaci\u00f3n nueva y que las aerol\u00edneas ven\u00edan en disaster desde antes de la pandemia, sin lugar a dudas para Cortegoso el cierre de muchas de ellas es una de las razones principales para el embate del coronavirus sobre la actividad tur\u00edstica.<\/p>\n<p>&#8220;Si bien se trata de un fen\u00f3meno multicausal, la partida de las l\u00edneas a\u00e9reas ocupa la punta de esa pir\u00e1mide&#8221;. No obstante &#8220;no creo que se trata de un plan para aislar a <strong>Argentina<\/strong>. No creo que nadie est\u00e9 pensando eso&#8221;. El motivo para la reducci\u00f3n de la oferta aerocomercial tiene que ver con &#8220;los costos de operar en Argentina: los salarios, las protestas, la carga impositiva&#8221;.<\/p>\n<p><img decoding=\"async\" alt=\"\" height=\"460\" src=\"https:\/\/www.mdzol.com\/u\/fotografias\/m\/2021\/7\/8\/f768x1-1079504_1079631_3.jpeg\" width=\"768\"\/><\/p>\n<h2><strong>\u00bfPor qu\u00e9 viajar por Argentina fue siempre caro?<\/strong><\/h2>\n<p>Hay una percepci\u00f3n de que viajar por <strong>Argentina<\/strong> tiene valores muy elevados. Para <strong>Cortegoso<\/strong> el problema es que &#8220;viajar por <strong>Argentina<\/strong> es muy caro para los argentinos&#8221;. Los sueldos en el pa\u00eds no alcanzan para poder cubrir los costos. &#8220;El salario m\u00ednimo es casi igual al de Hait\u00ed que es 140 d\u00f3lares y no se puede vacacionar con ese dinero ni en Argentina, ni en Chile, ni en Bulgaria. No alcanza&#8221;.\n<\/p>\n<p>El Turismo en Argentina &#8220;es econ\u00f3mico en relaci\u00f3n precio y calidad&#8221;. Cuando se busca hospedaje y se encuentran opciones &#8220;que cuestan en Valle de Uco (Mendoza) 20.000 pesos con media pensi\u00f3n parece muy caro, pero en verdad son 120 d\u00f3lares&#8221; por lo que no es tan elevado el precio en t\u00e9rminos internacionales.\n<\/p>\n<p><img decoding=\"async\" alt=\"\" height=\"576\" src=\"https:\/\/www.mdzol.com\/u\/fotografias\/m\/2021\/7\/8\/f768x1-1079505_1079632_31.jpeg\" width=\"768\"\/>\n<\/p>\n<h2><strong>&#8220;Los n\u00fameros del Ministerio de Turismo y Cultura en Mendoza son mentira&#8221;<\/strong><\/h2>\n<p>En estos d\u00edas desde el Ministerio de Turismo y Cultura de Mendoza que conduce\u00a0Mariana Juri se compartieron\u00a0algunos n\u00fameros referidos a las reservas de cara al fin de semana largo y las vacaciones de invierno. En distintos medios habl\u00f3 de una ocupaci\u00f3n del 20% de la oferta hotelera de la provincia. Sin embargo, Cortegoso consult\u00f3 a distintos hoteles desde los que afirmaron que &#8220;es mentira ese porcentaje&#8221; ya que se trata no de un n\u00famero sobre el whole, sino s\u00f3lo de &#8220;aquellos establecimientos que pudieron abrir&#8221; y desde que empez\u00f3 la pandemia de <strong>covid-19<\/strong> el 50% de los hospedajes en Mendoza cerraron y no volvieron a abrir.\u00a0\n<\/p>\n<p>&#8220;La gente del Turismo no quiere d\u00e1divas, quiere trabajar. Hoy tener un hotel abierto con el 20% es totalmente inadmisible&#8221; sentenci\u00f3 <strong>Cortegoso<\/strong>. Como referente de su sector se\u00f1ala que hubo una muy mala gesti\u00f3n de la clase dirigencial de la situaci\u00f3n <strong>covid-19<\/strong>.\n<\/p>\n<p>&#8220;Los gobiernos piensan en votos y en sostenerse como han tenido toda su vida de un sueldo que les paga el Estado y no perderlo. Ellos s\u00f3lo piensan en votos. Tal es as\u00ed que dicen \u00b4tenemos el doble de vuelos a <strong>Mendoza<\/strong>\u00b4, el doble de 2 es 4 contra 30 que ten\u00edamos en marzo. El mensaje es todo para ver c\u00f3mo sacan votos, no para ver c\u00f3mo arreglan el problema al de la agencia de viajes o al hotelero&#8221;.\n<\/p>\n<p><img decoding=\"async\" alt=\"\" height=\"512\" src=\"https:\/\/www.mdzol.com\/u\/fotografias\/m\/2021\/7\/8\/f768x1-1079506_1079633_15.jpeg\" width=\"768\"\/>\n<\/p>\n<h2><strong>El Turismo en el futuro ser\u00e1 para pocos<\/strong><\/h2>\n<p>Es believable pensar que un d\u00eda se podr\u00e1 dejar la pandemia atr\u00e1s y con ella las restricciones. Pero \u00bfse podr\u00e1 viajar como antes? En esta direcci\u00f3n el empresario muestra un panorama pesimista. Con la p\u00e9rdida de la conectividad por la menor cantidad de vuelos, habr\u00e1 un encarecimiento de algunos destinos que &#8220;casi siempre fueron accesibles&#8221;. La forma en la que nos movilizamos cambiar\u00e1.\n<\/p>\n<p>Como industria &#8220;el Turismo va a necesitar de much\u00edsima ayuda. Al menos diez a\u00f1os de exenci\u00f3n impositiva, de cr\u00e9ditos con tasas preferenciales&#8221;. Pero adem\u00e1s &#8220;va a quedar un turismo caro&#8221; por el tiempo en que tardar\u00e1 en recuperarse y antes de que lo logre &#8220;puede venir otra pandemia&#8221;. &#8220;Mendoza ten\u00eda 4 vuelos diarios internacionales: Chile, San Pablo, Lima, Panam\u00e1 y no creo que vuelva a recuperarse en mucho tiempo y cuando lo haga tendr\u00e1 valores muy elevados por una cuesti\u00f3n de oferta y demanda&#8221;.\n<\/p>\n<p>Escuch\u00e1 la nota completa <a rel=\"nofollow noopener\" target=\"_blank\" href=\"https:\/\/mdzradio.com\/article\/view?slug=enojo-de-los-agentes-de-viaje-no-estan-preparados-para-la-situacion\">ac\u00e1.<\/a>\n<\/p>\n<\/div>\n<p><script>\n        !function (f, b, e, v, n, t, s) {\n            if (f.fbq) return; n = f.fbq = function () {\n                n.callMethod ?\n                n.callMethod.apply(n, arguments) : n.queue.push(arguments)\n            };\n            if (!f._fbq) f._fbq = n; n.push = n; n.loaded = !0; n.version = '2.0';\n            n.queue = []; t = b.createElement(e); t.async = !0;\n            t.src = v; s = b.getElementsByTagName(e)[0];\n            s.parentNode.insertBefore(t, s)\n        }(window, document, 'script',\n            'https:\/\/connect.facebook.net\/en_US\/fbevents.js');\n        fbq('init', '348054322043240');\n        fbq('track', 'PageView');\n    <\/script><br \/>\n<br \/><\/p>\n<p><em> &#8221; Fuentes www.mdzol.com &#8221; <\/em><\/p>\n","protected":false},"excerpt":{"rendered":"<p>El Turismo es una industria que conlleva numerosos beneficios econ\u00f3micos para un pa\u00eds que la sabe gestionar y promover. El ingreso de divisas &#8220;frescas&#8221;, el aumento del circulante y la generaci\u00f3n de empleo joven o primer trabajo la convierten en una actividad prioritaria para la recuperaci\u00f3n econ\u00f3mica. Sin embargo, aunque las autoridades en Mendoza pidan [&hellip;]<\/p>\n","protected":false},"author":4,"featured_media":155165,"comment_status":"open","ping_status":"closed","sticky":false,"template":"","format":"standard","meta":{"om_disable_all_campaigns":false,"jnews-multi-image_gallery":[],"jnews_single_post":[],"jnews_primary_category":[],"jnews_social_meta":[],"footnotes":""},"categories":[40],"tags":[27315,27314,544],"class_list":["post-155164","post","type-post","status-publish","format-standard","has-post-thumbnail","hentry","category-industria","tag-apertura-al-turismo-internacional","tag-pandemia-y-crisis-economica","tag-turismo"],"_links":{"self":[{"href":"https:\/\/dimensionturistica.com\/es\/wp-json\/wp\/v2\/posts\/155164","targetHints":{"allow":["GET"]}}],"collection":[{"href":"https:\/\/dimensionturistica.com\/es\/wp-json\/wp\/v2\/posts"}],"about":[{"href":"https:\/\/dimensionturistica.com\/es\/wp-json\/wp\/v2\/types\/post"}],"author":[{"embeddable":true,"href":"https:\/\/dimensionturistica.com\/es\/wp-json\/wp\/v2\/users\/4"}],"replies":[{"embeddable":true,"href":"https:\/\/dimensionturistica.com\/es\/wp-json\/wp\/v2\/comments?post=155164"}],"version-history":[{"count":0,"href":"https:\/\/dimensionturistica.com\/es\/wp-json\/wp\/v2\/posts\/155164\/revisions"}],"wp:featuredmedia":[{"embeddable":true,"href":"https:\/\/dimensionturistica.com\/es\/wp-json\/wp\/v2\/media\/155165"}],"wp:attachment":[{"href":"https:\/\/dimensionturistica.com\/es\/wp-json\/wp\/v2\/media?parent=155164"}],"wp:term":[{"taxonomy":"category","embeddable":true,"href":"https:\/\/dimensionturistica.com\/es\/wp-json\/wp\/v2\/categories?post=155164"},{"taxonomy":"post_tag","embeddable":true,"href":"https:\/\/dimensionturistica.com\/es\/wp-json\/wp\/v2\/tags?post=155164"}],"curies":[{"name":"wp","href":"https:\/\/api.w.org\/{rel}","templated":true}]}}