{"id":154438,"date":"2021-07-08T09:37:18","date_gmt":"2021-07-08T09:37:18","guid":{"rendered":"https:\/\/dimensionturistica.com\/es\/?p=154438"},"modified":"2021-07-08T09:37:18","modified_gmt":"2021-07-08T09:37:18","slug":"el-pasaporte-verde-servira-para-recuperar-parcialmente-la-afluencia-de-turistas","status":"publish","type":"post","link":"https:\/\/dimensionturistica.com\/es\/el-pasaporte-verde-servira-para-recuperar-parcialmente-la-afluencia-de-turistas\/","title":{"rendered":"El pasaporte verde servir\u00e1 para recuperar parcialmente la afluencia de turistas"},"content":{"rendered":"<p> <br \/>\n<\/p>\n<div id=\"textoNoticia\" itemprop=\"articleBody\">\n<p>Mercedes Tejero, gerente de la <a rel=\"nofollow noopener\" target=\"_blank\" href=\"https:\/\/ceav.info\/\">Confederaci\u00f3n Espa\u00f1ola de Agencias de Viajes (CEAV)<\/a>, asegura que las agencias de viajes, a pesar del \u201cduro a\u00f1o de pandemia\u201d, saldr\u00e1n \u201cfortalecidas\u201d de la disaster de la COVID, lo que se demostrar\u00e1 durante este verano.<\/p>\n<p>Tejero ha participado junto a Felipe Garc\u00eda Hern\u00e1ndez, socio de <a rel=\"nofollow noopener\" target=\"_blank\" href=\"https:\/\/www.circulolegal.com\/\">C\u00edrculo Legal Madrid<\/a> y responsable del \u00c1rea de Turismo del bufete y Pedro Gim\u00e9nez, director North Atlantic Joint Enterprise en <a rel=\"nofollow noopener\" target=\"_blank\" href=\"https:\/\/www.americanairlines.es\/intl\/es\/index.jsp?locale=es_ES\">American Airlines<\/a>, en una conferencia donde han explicado en qu\u00e9 consiste el certificado verde digital y c\u00f3mo afectar\u00e1 a la industria tur\u00edstica en Espa\u00f1a.<\/p>\n<p>La experta se\u00f1ala que la pandemia provoca incertidumbre, dudas y cambios por parte de los viajeros, unas circunstancias que \u201csolucionan\u201d las agencias de viaje, que en su opini\u00f3n \u201cdan la cara por el consumidor aportando conocimiento sobre el destino\u201d.<\/p>\n<p>\u201cPara conocer las restricciones de cada pa\u00eds hay que tener un m\u00e1ster\u201d, ironiza Tejero, quien considera que las agencias de viaje cumplen \u201ccon profesionalidad y garant\u00eda\u201d su papel, trayendo certezas al consumidor, ya que tienen acceso \u201cal conocimiento del destino y sus restricciones\u201d.<\/p>\n<p>Adem\u00e1s, los consumidores demandan cada vez m\u00e1s seguros de viaje. \u201cEstamos viviendo un auge de p\u00f3lizas de viaje de cancelaci\u00f3n, anulaci\u00f3n por cuarentena, y otros problemas relacionados con la COVID\u201d, se\u00f1ala la experta.<\/p>\n<p><strong>Recuperaci\u00f3n del turismo<\/strong><\/p>\n<p>Tejero explica que la previsi\u00f3n de la CEAV es alcanzar unos niveles de turismo, respecto a los datos de 2019, que se reducir\u00e1n en un 20% del sector nacional y el 60% del internacional, se\u00f1alando que \u201chay pa\u00edses competidores que han tomado decisiones antes\u201d, como Grecia, Turqu\u00eda o Croacia.<\/p>\n<p>En este sentido, la experta considera que el pasaporte verde servir\u00e1 para recuperar parcialmente la afluencia de turistas. El certificado va acompa\u00f1ado tambi\u00e9n de una \u201caclaraci\u00f3n y simplificaci\u00f3n de los requisitos impuestos por los Estados miembros\u201d, ha explicado Tejero. As\u00ed, en base a la evoluci\u00f3n epidemiol\u00f3gica, c\u00f3digos de colores a las zonas, que se identifican con las restricciones de viaje que se les impondr\u00e1n.<\/p>\n<p>De este modo, la evoluci\u00f3n de la llegada de tur\u00edsticas del pa\u00eds depender\u00e1 de que Espa\u00f1a entre en los \u201csem\u00e1foros verdes\u201d de riesgo bajo, de acuerdo con los ponentes, una situaci\u00f3n very important para que se recupere con la mayor normalidad posible.<\/p>\n<p>Unos sem\u00e1foros que se traducen en p\u00e9rdidas multimillonarias, de no cumplir los requisitos para ser destino seguro. \u201cEspa\u00f1a pierde 400 millones de euros todas las semanas que est\u00e1 en sem\u00e1foro rojo\u201d, asegura Tejero.<\/p>\n<\/div>\n<p><script>\n!function(f,b,e,v,n,t,s){if(f.fbq)return;n=f.fbq=function(){n.callMethod?\nn.callMethod.apply(n,arguments):n.queue.push(arguments)};if(!f._fbq)f._fbq=n;\nn.push=n;n.loaded=!0;n.version='2.0';n.queue=[];t=b.createElement(e);t.async=!0;\nt.src=v;s=b.getElementsByTagName(e)[0];s.parentNode.insertBefore(t,s)}(window,\ndocument,'script','\/\/connect.facebook.net\/en_US\/fbevents.js');\nfbq('init', '1760867457466831');\nfbq('track', \"PageView\");<\/script><script>(function(d, s, id) {\nvar js, fjs = d.getElementsByTagName(s)[0];\nif (d.getElementById(id)) return;\njs = d.createElement(s); js.id = id;\njs.src=\"https:\/\/connect.facebook.net\/es_ES\/sdk.js#xfbml=1&version=v2.4&appId=559586777490068\";\nfjs.parentNode.insertBefore(js, fjs);\n}(document, 'script', 'facebook-jssdk'));<\/script><br \/>\n<br \/><\/p>\n<p><em> &#8221; Fuentes www.inoutviajes.com &#8221; <\/em><\/p>\n","protected":false},"excerpt":{"rendered":"<p>Mercedes Tejero, gerente de la Confederaci\u00f3n Espa\u00f1ola de Agencias de Viajes (CEAV), asegura que las agencias de viajes, a pesar del \u201cduro a\u00f1o de pandemia\u201d, saldr\u00e1n \u201cfortalecidas\u201d de la disaster de la COVID, lo que se demostrar\u00e1 durante este verano. Tejero ha participado junto a Felipe Garc\u00eda Hern\u00e1ndez, socio de C\u00edrculo Legal Madrid y responsable [&hellip;]<\/p>\n","protected":false},"author":4,"featured_media":154439,"comment_status":"open","ping_status":"closed","sticky":false,"template":"","format":"standard","meta":{"om_disable_all_campaigns":false,"jnews-multi-image_gallery":[],"jnews_single_post":[],"jnews_primary_category":[],"jnews_social_meta":[],"footnotes":""},"categories":[40],"tags":[12082,15810,4239,1967,1266,570,12468],"class_list":["post-154438","post","type-post","status-publish","format-standard","has-post-thumbnail","hentry","category-industria","tag-afluencia","tag-parcialmente","tag-pasaporte","tag-recuperar","tag-servir","tag-turistas","tag-verde"],"_links":{"self":[{"href":"https:\/\/dimensionturistica.com\/es\/wp-json\/wp\/v2\/posts\/154438","targetHints":{"allow":["GET"]}}],"collection":[{"href":"https:\/\/dimensionturistica.com\/es\/wp-json\/wp\/v2\/posts"}],"about":[{"href":"https:\/\/dimensionturistica.com\/es\/wp-json\/wp\/v2\/types\/post"}],"author":[{"embeddable":true,"href":"https:\/\/dimensionturistica.com\/es\/wp-json\/wp\/v2\/users\/4"}],"replies":[{"embeddable":true,"href":"https:\/\/dimensionturistica.com\/es\/wp-json\/wp\/v2\/comments?post=154438"}],"version-history":[{"count":0,"href":"https:\/\/dimensionturistica.com\/es\/wp-json\/wp\/v2\/posts\/154438\/revisions"}],"wp:featuredmedia":[{"embeddable":true,"href":"https:\/\/dimensionturistica.com\/es\/wp-json\/wp\/v2\/media\/154439"}],"wp:attachment":[{"href":"https:\/\/dimensionturistica.com\/es\/wp-json\/wp\/v2\/media?parent=154438"}],"wp:term":[{"taxonomy":"category","embeddable":true,"href":"https:\/\/dimensionturistica.com\/es\/wp-json\/wp\/v2\/categories?post=154438"},{"taxonomy":"post_tag","embeddable":true,"href":"https:\/\/dimensionturistica.com\/es\/wp-json\/wp\/v2\/tags?post=154438"}],"curies":[{"name":"wp","href":"https:\/\/api.w.org\/{rel}","templated":true}]}}