{"id":154276,"date":"2021-07-08T01:31:28","date_gmt":"2021-07-08T01:31:28","guid":{"rendered":"https:\/\/dimensionturistica.com\/es\/?p=154276"},"modified":"2021-07-08T01:31:28","modified_gmt":"2021-07-08T01:31:28","slug":"colombia-adopta-politica-de-turismo-sostenible-para-proteger-su-capital-natural-mas-contenido","status":"publish","type":"post","link":"https:\/\/dimensionturistica.com\/es\/colombia-adopta-politica-de-turismo-sostenible-para-proteger-su-capital-natural-mas-contenido\/","title":{"rendered":"Colombia adopta pol\u00edtica de turismo sostenible para proteger su capital natural | M\u00e1s Contenido"},"content":{"rendered":"<p> <br \/>\n<\/p>\n<div itemprop=\"articleBody\">\n<p class=\"parrafo first-parrafo\" id=\"pnull-m175-174-176\">Con el Decreto 646 de 2021, Colombia adopta formalmente la Pol\u00edtica de Turismo Sostenible denominada &#8216;Unidos por la naturaleza&#8217;.<\/p>\n<p class=\"parrafo\" id=\"pnull-m199-3-200\">La pol\u00edtica tiene como objetivo <b>posicionar la sostenibilidad como pilar elementary para el desarrollo del turismo en el pa\u00eds,<\/b> como issue de competitividad de los negocios tur\u00edsticos y de desarrollo social y cultural native, explic\u00f3 el  Ministerio de Comercio, Industria y Turismo.<\/p>\n<p>(Lea: <a rel=\"nofollow noopener\" target=\"_blank\" href=\"https:\/\/www.portafolio.co\/negocios\/empresas\/asi-se-preparan-cuatro-destinos-turisticos-clave-552947\">As\u00ed se preparan cuatro destinos tur\u00edsticos clave<\/a>).<\/p>\n<p>Con metas a 2030, esta pol\u00edtica adopta una visi\u00f3n a largo plazo del sector y  <b>protege el capital pure  del pa\u00eds para un alto volumen de turistas.<br \/><\/b><br \/>\u201c<i>Este decreto es una gran noticia para el sector tur\u00edstico ya que establece que la Pol\u00edtica de Turismo Sostenible se debe aplicar en todo el territorio nacional, y adem\u00e1s se adopta la visi\u00f3n en cuanto al tema de sostenibilidad que tenemos desde el Ministerio. Esta nueva normativa adiciona el cap\u00edtulo 11, denominado &#8216;Pol\u00edtica de turismo sostenible&#8217;, a las normas contenidas en el t\u00edtulo 4 del Decreto \u00danico Reglamentario del Sector Comercio, Industria y Turismo<\/i>\u201d, coment\u00f3 la ministra de Comercio, Industria y Turismo, Mar\u00eda Ximena Lombana. <\/p>\n<p>(Lea: <a rel=\"nofollow noopener\" target=\"_blank\" href=\"https:\/\/www.portafolio.co\/negocios\/inversion\/ley-del-turismo-piden-mantener-beneficios-hasta-el-2022-553020\">Piden mantener beneficios de Ley del Turismo hasta diciembre del 2022<\/a>).<\/p>\n<p>El decreto establece que el Ministerio de Turismo liderar\u00e1 la implementaci\u00f3n de esta pol\u00edtica, <b>generando los mecanismos de articulaci\u00f3n adecuados con las diferentes entidades p\u00fablicas y privadas,<\/b> adem\u00e1s se elaborar\u00e1 un informe anual de seguimiento al cumplimiento del plan estrat\u00e9gico de esta pol\u00edtica, detallando los resultados obtenidos, el avance hacia las metas y las recomendaciones para la siguiente vigencia.<\/p>\n<p>PORTAFOLIO<\/p>\n<\/div>\n\n<p><em> &#8221; Fuentes www.portafolio.co &#8221; <\/em><\/p>\n","protected":false},"excerpt":{"rendered":"<p>Con el Decreto 646 de 2021, Colombia adopta formalmente la Pol\u00edtica de Turismo Sostenible denominada &#8216;Unidos por la naturaleza&#8217;. La pol\u00edtica tiene como objetivo posicionar la sostenibilidad como pilar elementary para el desarrollo del turismo en el pa\u00eds, como issue de competitividad de los negocios tur\u00edsticos y de desarrollo social y cultural native, explic\u00f3 el [&hellip;]<\/p>\n","protected":false},"author":4,"featured_media":154277,"comment_status":"open","ping_status":"closed","sticky":false,"template":"","format":"standard","meta":{"om_disable_all_campaigns":false,"jnews-multi-image_gallery":[],"jnews_single_post":[],"jnews_primary_category":[],"jnews_social_meta":[],"footnotes":""},"categories":[40],"tags":[771,17430,546,3177,596],"class_list":["post-154276","post","type-post","status-publish","format-standard","has-post-thumbnail","hentry","category-industria","tag-colombia","tag-consiste","tag-politica","tag-sostenible","tag-turistica"],"_links":{"self":[{"href":"https:\/\/dimensionturistica.com\/es\/wp-json\/wp\/v2\/posts\/154276","targetHints":{"allow":["GET"]}}],"collection":[{"href":"https:\/\/dimensionturistica.com\/es\/wp-json\/wp\/v2\/posts"}],"about":[{"href":"https:\/\/dimensionturistica.com\/es\/wp-json\/wp\/v2\/types\/post"}],"author":[{"embeddable":true,"href":"https:\/\/dimensionturistica.com\/es\/wp-json\/wp\/v2\/users\/4"}],"replies":[{"embeddable":true,"href":"https:\/\/dimensionturistica.com\/es\/wp-json\/wp\/v2\/comments?post=154276"}],"version-history":[{"count":0,"href":"https:\/\/dimensionturistica.com\/es\/wp-json\/wp\/v2\/posts\/154276\/revisions"}],"wp:featuredmedia":[{"embeddable":true,"href":"https:\/\/dimensionturistica.com\/es\/wp-json\/wp\/v2\/media\/154277"}],"wp:attachment":[{"href":"https:\/\/dimensionturistica.com\/es\/wp-json\/wp\/v2\/media?parent=154276"}],"wp:term":[{"taxonomy":"category","embeddable":true,"href":"https:\/\/dimensionturistica.com\/es\/wp-json\/wp\/v2\/categories?post=154276"},{"taxonomy":"post_tag","embeddable":true,"href":"https:\/\/dimensionturistica.com\/es\/wp-json\/wp\/v2\/tags?post=154276"}],"curies":[{"name":"wp","href":"https:\/\/api.w.org\/{rel}","templated":true}]}}