{"id":154183,"date":"2021-07-07T22:10:08","date_gmt":"2021-07-07T22:10:08","guid":{"rendered":"https:\/\/dimensionturistica.com\/es\/?p=154183"},"modified":"2021-07-07T22:10:08","modified_gmt":"2021-07-07T22:10:08","slug":"los-viajes-internacionales-aun-no-despegan-en-mayo-por-las-restricciones","status":"publish","type":"post","link":"https:\/\/dimensionturistica.com\/es\/los-viajes-internacionales-aun-no-despegan-en-mayo-por-las-restricciones\/","title":{"rendered":"Los viajes internacionales a\u00fan no despegan en mayo por las restricciones"},"content":{"rendered":"<p> <br \/>\n<\/p>\n<div>\n<p>La recuperaci\u00f3n del tr\u00e1fico internacional contin\u00faa obstaculizada por las extensas restricciones gubernamentales a los viajes; seg\u00fan ha destacado la Asociaci\u00f3n de Transporte A\u00e9reo Internacional (IATA) al presentar las cifras de tr\u00e1fico correspondientes a mayo, en el que la demanda a\u00e9rea ha mostrado mejoras marginales en comparaci\u00f3n con el mes anterior, si bien el tr\u00e1fico se mantuvo muy por debajo de los niveles prepand\u00e9micos. \u201cEstamos comenzando a ver avances positivos, con la apertura de algunos mercados internacionales a los viajeros vacunados. La temporada de viajes de verano del hemisferio norte ha llegado por completo. Y es decepcionante que m\u00e1s gobiernos no se est\u00e9n moviendo m\u00e1s r\u00e1pidamente sobre los datos para impulsar estrategias de apertura de fronteras que ayudar\u00edan a reactivar los empleos tur\u00edsticos&#8221;, ha afirmado Willie Walsh, director basic de IATA.<\/p>\n<\/div>\n<div>\n<p>La demanda whole de viajes a\u00e9reos en mayo de 2021 (medida en pasajeros-kil\u00f3metros de ingresos o RPK) descendi\u00f3 un -62,7% frente a mayo de 2019, aunque por encima de la ca\u00edda del -65,2% registrada en abril de 2021 frente a abril de 2019.<\/p>\n<p>Espec\u00edficamente, la demanda internacional de pasajeros en mayo fue un 85,1% inferior a la de mayo de 2019, un peque\u00f1o aumento con respecto al descenso del 87,2% registrado en abril de 2021 en comparaci\u00f3n con los niveles anteriores a la pandemia. Todas las regiones, con la excepci\u00f3n de Asia-Pac\u00edfico, contribuyeron a esta modesta mejora.<\/p>\n<div class=\"wysiwyg-photo\"><img decoding=\"async\" title=\"\" src=\"https:\/\/static.hosteltur.com\/app\/public\/uploads\/img\/articles\/2021\/07\/07\/L_202445_iata-mayo-2021-3.jpg\" alt=\"\" data-id=\"228543\"\/>  <\/div>\n<h2>Mercados internacionales<\/h2>\n<p>El tr\u00e1fico internacional de las aerol\u00edneas europeas en mayo disminuy\u00f3 un 84,7% en comparaci\u00f3n con mayo de 2019, mejor\u00f3 desde la disminuci\u00f3n del 87,7% en abril en comparaci\u00f3n con el mismo mes de 2019. La capacidad cay\u00f3 un 75,7% y el issue de ocupaci\u00f3n cay\u00f3 31,3 puntos porcentuales hasta el 52,9%.<\/p>\n<p>Las aerol\u00edneas de Asia-Pac\u00edfico vieron caer su tr\u00e1fico internacional en mayo un 94,3% en comparaci\u00f3n con mayo de 2019, una fracci\u00f3n peor que la ca\u00edda del 94,2% registrada en abril de 2021 en comparaci\u00f3n con abril de 2019. La regi\u00f3n experiment\u00f3 las ca\u00eddas de tr\u00e1fico m\u00e1s pronunciadas por d\u00e9cimo mes consecutivo. La capacidad se redujo un 86,4% y el issue de ocupaci\u00f3n se hundi\u00f3 45,5 puntos porcentuales hasta el 33,2%, el m\u00e1s bajo entre las regiones.<\/p>\n<p>Las aerol\u00edneas de Oriente Medio experimentaron una ca\u00edda de la demanda del 81,3% en mayo en comparaci\u00f3n con mayo de 2019, mejorando ligeramente la disminuci\u00f3n del 82,9% en abril, en comparaci\u00f3n con el mismo mes de 2019. La capacidad disminuy\u00f3 un 63,7% y el issue de ocupaci\u00f3n cay\u00f3 35,3 puntos porcentuales a 37,7%.<\/p>\n<div class=\"wysiwyg-photo\"><img decoding=\"async\" title=\"\" src=\"https:\/\/static.hosteltur.com\/app\/public\/uploads\/img\/articles\/2021\/02\/21\/M_133325_industria-aerea-cambiohh.jpg\" alt=\"\" data-id=\"223895\"\/>  <\/div>\n<p>La demanda de mayo de los operadores norteamericanos cay\u00f3 un 74,4% en comparaci\u00f3n con el per\u00edodo de 2019, una mejora con respecto al descenso del 77,6% en abril en comparaci\u00f3n con hace dos a\u00f1os. La capacidad se hundi\u00f3 un 58,5% y el issue de ocupaci\u00f3n cay\u00f3 32,2 puntos porcentuales hasta el 51,7%.<\/p>\n<p>Las aerol\u00edneas latinoamericanas experimentaron una ca\u00edda de la demanda del 75,1% en mayo, en comparaci\u00f3n con el mismo mes de 2019, mejorando notablemente con respecto a la ca\u00edda del 80,9% en abril en comparaci\u00f3n con abril de 2019. La capacidad de mayo disminuy\u00f3 un 69,9% y el issue de ocupaci\u00f3n disminuy\u00f3 14,6 puntos porcentuales a 69,5% , que fue el issue de carga m\u00e1s alto entre las regiones por octavo mes consecutivo.<\/p>\n<p>El tr\u00e1fico de las aerol\u00edneas africanas cay\u00f3 un 71,4% en mayo frente a mayo de hace dos a\u00f1os, una ganancia con respecto al descenso del 75,6% en abril en comparaci\u00f3n con abril de 2019. La capacidad de mayo disminuy\u00f3 un 61,8% en comparaci\u00f3n con mayo de 2019, y el issue de ocupaci\u00f3n baj\u00f3 16,9 puntos porcentuales hasta el 50,2%.<\/p>\n<p>&#8220;Demasiados gobiernos contin\u00faan actuando como si la \u00fanica herramienta en su arsenal anti-COVID-19 fuera un cierre fronterizo basic o una cuarentena de llegada. De hecho, las investigaciones de las principales organizaciones m\u00e9dicas de todo el mundo confirman que los viajeros vacunados presentan muy poco riesgo para la poblaci\u00f3n native, mientras que los datos muestran que las pruebas previas a la salida eliminan en gran medida el riesgo de que los viajeros no vacunados importen COVID-19. Ya es hora de que esta informaci\u00f3n permita que el mundo se vuelva abrir a los viajes y a todas las oportunidades que brindan\u201d, ha puntualizado Walsh.<\/p>\n<\/div>\n<p><script>\n        !function(f,b,e,v,n,t,s)\n        {if(f.fbq)return;n=f.fbq=function(){n.callMethod?\n            n.callMethod.apply(n,arguments):n.queue.push(arguments)};\n            if(!f._fbq)f._fbq=n;n.push=n;n.loaded=!0;n.version='2.0';\n            n.queue=[];t=b.createElement(e);t.async=!0;\n            t.src=v;s=b.getElementsByTagName(e)[0];\n            s.parentNode.insertBefore(t,s)}(window, document,'script',\n            'https:\/\/connect.facebook.net\/en_US\/fbevents.js');\n        fbq('init', '819396665363898');\n        fbq('track', 'PageView');\n    <\/script><br \/>\n<br \/><\/p>\n<p><em> &#8221; Fuentes www.hosteltur.com &#8221; <\/em><\/p>\n","protected":false},"excerpt":{"rendered":"<p>La recuperaci\u00f3n del tr\u00e1fico internacional contin\u00faa obstaculizada por las extensas restricciones gubernamentales a los viajes; seg\u00fan ha destacado la Asociaci\u00f3n de Transporte A\u00e9reo Internacional (IATA) al presentar las cifras de tr\u00e1fico correspondientes a mayo, en el que la demanda a\u00e9rea ha mostrado mejoras marginales en comparaci\u00f3n con el mes anterior, si bien el tr\u00e1fico se [&hellip;]<\/p>\n","protected":false},"author":4,"featured_media":154184,"comment_status":"open","ping_status":"closed","sticky":false,"template":"","format":"standard","meta":{"om_disable_all_campaigns":false,"jnews-multi-image_gallery":[],"jnews_single_post":[],"jnews_primary_category":[],"jnews_social_meta":[],"footnotes":""},"categories":[39],"tags":[1555],"class_list":["post-154183","post","type-post","status-publish","format-standard","has-post-thumbnail","hentry","category-viajes","tag-transportes"],"_links":{"self":[{"href":"https:\/\/dimensionturistica.com\/es\/wp-json\/wp\/v2\/posts\/154183","targetHints":{"allow":["GET"]}}],"collection":[{"href":"https:\/\/dimensionturistica.com\/es\/wp-json\/wp\/v2\/posts"}],"about":[{"href":"https:\/\/dimensionturistica.com\/es\/wp-json\/wp\/v2\/types\/post"}],"author":[{"embeddable":true,"href":"https:\/\/dimensionturistica.com\/es\/wp-json\/wp\/v2\/users\/4"}],"replies":[{"embeddable":true,"href":"https:\/\/dimensionturistica.com\/es\/wp-json\/wp\/v2\/comments?post=154183"}],"version-history":[{"count":0,"href":"https:\/\/dimensionturistica.com\/es\/wp-json\/wp\/v2\/posts\/154183\/revisions"}],"wp:featuredmedia":[{"embeddable":true,"href":"https:\/\/dimensionturistica.com\/es\/wp-json\/wp\/v2\/media\/154184"}],"wp:attachment":[{"href":"https:\/\/dimensionturistica.com\/es\/wp-json\/wp\/v2\/media?parent=154183"}],"wp:term":[{"taxonomy":"category","embeddable":true,"href":"https:\/\/dimensionturistica.com\/es\/wp-json\/wp\/v2\/categories?post=154183"},{"taxonomy":"post_tag","embeddable":true,"href":"https:\/\/dimensionturistica.com\/es\/wp-json\/wp\/v2\/tags?post=154183"}],"curies":[{"name":"wp","href":"https:\/\/api.w.org\/{rel}","templated":true}]}}