{"id":154121,"date":"2021-07-07T19:42:58","date_gmt":"2021-07-07T19:42:58","guid":{"rendered":"https:\/\/dimensionturistica.com\/es\/?p=154121"},"modified":"2021-07-07T19:42:59","modified_gmt":"2021-07-07T19:42:59","slug":"reconoce-sectur-relajamiento-de-empresarios-y-personas-vacunadas-ante-el-covid-19-en-mazatlan","status":"publish","type":"post","link":"https:\/\/dimensionturistica.com\/es\/reconoce-sectur-relajamiento-de-empresarios-y-personas-vacunadas-ante-el-covid-19-en-mazatlan\/","title":{"rendered":"Reconoce Sectur relajamiento de empresarios y personas vacunadas ante el Covid-19 en Mazatl\u00e1n"},"content":{"rendered":"<p> <br \/>\n<\/p>\n<div>\n<p> \u00d3scar P\u00e9rez Barros comparte que este jueves se reunir\u00e1n las autoridades municipales y del Gobierno del Estado para afinar las medidas ante el rebrote del virus; adem\u00e1s, defiende que las personas que arribar\u00e1n al puerto en crucero el pr\u00f3ximo 24 de agosto est\u00e1n vacunadas en un 95%, y el restante tiene prueba negativa de Covid-19\n<\/p>\n<\/p><\/div>\n\n<p><em> &#8221; Fuentes www.noroeste.com.mx &#8221; <\/em><\/p>\n","protected":false},"excerpt":{"rendered":"<p>\u00d3scar P\u00e9rez Barros comparte que este jueves se reunir\u00e1n las autoridades municipales y del Gobierno del Estado para afinar las medidas ante el rebrote del virus; adem\u00e1s, defiende que las personas que arribar\u00e1n al puerto en crucero el pr\u00f3ximo 24 de agosto est\u00e1n vacunadas en un 95%, y el restante tiene prueba negativa de Covid-19 [&hellip;]<\/p>\n","protected":false},"author":4,"featured_media":154122,"comment_status":"open","ping_status":"closed","sticky":false,"template":"","format":"standard","meta":{"om_disable_all_campaigns":false,"jnews-multi-image_gallery":[],"jnews_single_post":[],"jnews_primary_category":[],"jnews_social_meta":[],"footnotes":""},"categories":[41],"tags":[18734],"class_list":["post-154121","post","type-post","status-publish","format-standard","has-post-thumbnail","hentry","category-cruceros","tag-antonio-olazabal"],"_links":{"self":[{"href":"https:\/\/dimensionturistica.com\/es\/wp-json\/wp\/v2\/posts\/154121","targetHints":{"allow":["GET"]}}],"collection":[{"href":"https:\/\/dimensionturistica.com\/es\/wp-json\/wp\/v2\/posts"}],"about":[{"href":"https:\/\/dimensionturistica.com\/es\/wp-json\/wp\/v2\/types\/post"}],"author":[{"embeddable":true,"href":"https:\/\/dimensionturistica.com\/es\/wp-json\/wp\/v2\/users\/4"}],"replies":[{"embeddable":true,"href":"https:\/\/dimensionturistica.com\/es\/wp-json\/wp\/v2\/comments?post=154121"}],"version-history":[{"count":0,"href":"https:\/\/dimensionturistica.com\/es\/wp-json\/wp\/v2\/posts\/154121\/revisions"}],"wp:featuredmedia":[{"embeddable":true,"href":"https:\/\/dimensionturistica.com\/es\/wp-json\/wp\/v2\/media\/154122"}],"wp:attachment":[{"href":"https:\/\/dimensionturistica.com\/es\/wp-json\/wp\/v2\/media?parent=154121"}],"wp:term":[{"taxonomy":"category","embeddable":true,"href":"https:\/\/dimensionturistica.com\/es\/wp-json\/wp\/v2\/categories?post=154121"},{"taxonomy":"post_tag","embeddable":true,"href":"https:\/\/dimensionturistica.com\/es\/wp-json\/wp\/v2\/tags?post=154121"}],"curies":[{"name":"wp","href":"https:\/\/api.w.org\/{rel}","templated":true}]}}