{"id":153453,"date":"2021-07-06T16:58:35","date_gmt":"2021-07-06T16:58:35","guid":{"rendered":"https:\/\/dimensionturistica.com\/es\/?p=153453"},"modified":"2021-07-06T16:58:36","modified_gmt":"2021-07-06T16:58:36","slug":"puerto-plata-recibe-cerca-de-tres-mil-turistas-en-la-reapertura-de-la-industria-de-cruceros","status":"publish","type":"post","link":"https:\/\/dimensionturistica.com\/es\/puerto-plata-recibe-cerca-de-tres-mil-turistas-en-la-reapertura-de-la-industria-de-cruceros\/","title":{"rendered":"Puerto Plata recibe cerca de tres mil turistas en la reapertura de la industria de cruceros"},"content":{"rendered":"<p> <br \/>\n<\/p>\n<div>\n<div class=\"paragraph\" mlnid=\"idcon=16763724;order=7.0\">\n<p>Lleg\u00f3 este martes a la terminal tur\u00edstica Amber Cove, de Maim\u00f3n, en la provincia Puerto Plata, el trasatl\u00e1ntico Carnival Horizon, el primero en arribar a territorio dominicano tras reanudar las operaciones de atraque y desembarco de cruceros en los puertos debido a los efectos de la pandemia del COVID-19.<\/p>\n<p>En la embarcaci\u00f3n viajan 2,600 pasajeros y alrededor de mil tripulantes.<\/p>\n<p>Los visitantes fueron recibidos por una comisi\u00f3n del Gobierno, encabezada por el ministro de Turismo, David Collado, y la primera dama, Raquel Arbaje, e integrada por ejecutivos del puerto y las autoridades municipales.<\/p>\n<p>Collado destac\u00f3 que ese buque llena de esperanza a la Rep\u00fablica Dominicana.<\/p>\n<p>Dijo que as\u00ed lo not\u00f3 en los rostros de los taxistas en la entrada a la terminal, as\u00ed como en los empleados de Amber Cove, \u201ccon una sonrisa en sus caras\u201d.<\/p>\n<p>Sigui\u00f3 diciendo: \u201cCada vez que el presidente y la primera dama se trasladan conmigo a abrir un hotel, o como en este caso a recibir el primer crucero que llega a la Rep\u00fablica Dominicana luego de la pandemia, lo que vemos son los rostros de los seres humanos y la recuperaci\u00f3n de empleos\u201d.<\/p>\n<p>Destac\u00f3 que el Gobierno ha recuperado m\u00e1s de 100 mil puestos de trabajo en el sector turismo.<\/p>\n<p>Jeffrey Rannik y David Candib, ejecutivos del puerto, destacaron que m\u00e1s del 95 por ciento de los turistas que llegaron presentaron sus tarjetas de vacunaci\u00f3n al arribar al puerto mar\u00edtimo de Maim\u00f3n.<\/p>\n<p>Indicaron que las l\u00edneas de cruceros han implementado protocolos que cumplen y exceden las normas y leyes sanitarias de los Estados Unidos, as\u00ed como de los diferentes destinos que atraca el buque.<\/p>\n<p>Con la llegada de esta embarcaci\u00f3n se dinamizan los sectores econ\u00f3micos de la Novia del Atl\u00e1ntico.<\/p>\n<p>\u201cLos corazones de Puerto Plata rebosan de alegr\u00eda. Hoy se empieza a dinamizar la econom\u00eda con la reapertura en la llegada de los cruceros\u201d, subray\u00f3 la senadora de esa provincia, Ginette Bournigal.<\/p>\n<\/p><\/div>\n<div class=\"paragraph\" mlnid=\"idcon=16763728;order=11.0\">\n<p>Record\u00f3 que los visitantes y tripulantes descienden a tierra para conocer la ciudad, donde adquieren productos locales.<\/p>\n<p>El barco sali\u00f3 de Miami Florida, y lleg\u00f3 al litoral de la Novia del Atl\u00e1ntico, donde permanecer\u00e1 hasta las seis de la tarde.<\/p>\n<p>En el acto tambi\u00e9n hablaron Raquel Arbaje y Jean Luis Rodr\u00edguez, director ejecutivo de Autoridad Portuaria; y Christine Duffy, presidenta de Carnival Cruise.<\/p>\n<p>El obispo de Puerto Plata, monse\u00f1or Corniel Amaro, tuvo a su cargo la bendici\u00f3n de la actividad.<\/p>\n<\/p><\/div>\n<div class=\"paragraph\" mlnid=\"idcon=16763738;order=21.0\">\n<p><b>D\u00eda de regocijo<\/b><\/p>\n<p>Las autoridades edilicias de Puerto Plata declararon \u201cD\u00eda de Regocijo Municipal\u201d este martes 6 de julio debido al reinicio de las operaciones de cruceros tur\u00edsticos por la terminal Amber Cove.<\/p>\n<p>Dicha medida fue aprobada de forma un\u00e1nime por el Concejo de Regidores mediante una sesi\u00f3n extraordinaria efectuada este lunes en donde fue refrendada la Resoluci\u00f3n No. 033-2021, la cual fue conocida como punto \u00fanico de agenda.<\/p>\n<\/p><\/div><\/div>\n\n<p><em> &#8221; Fuentes www.diariolibre.com &#8221; <\/em><\/p>\n","protected":false},"excerpt":{"rendered":"<p>Lleg\u00f3 este martes a la terminal tur\u00edstica Amber Cove, de Maim\u00f3n, en la provincia Puerto Plata, el trasatl\u00e1ntico Carnival Horizon, el primero en arribar a territorio dominicano tras reanudar las operaciones de atraque y desembarco de cruceros en los puertos debido a los efectos de la pandemia del COVID-19. En la embarcaci\u00f3n viajan 2,600 pasajeros [&hellip;]<\/p>\n","protected":false},"author":4,"featured_media":153454,"comment_status":"open","ping_status":"closed","sticky":false,"template":"","format":"standard","meta":{"om_disable_all_campaigns":false,"jnews-multi-image_gallery":[],"jnews_single_post":[],"jnews_primary_category":[],"jnews_social_meta":[],"footnotes":""},"categories":[41],"tags":[1429],"class_list":["post-153453","post","type-post","status-publish","format-standard","has-post-thumbnail","hentry","category-cruceros","tag-santo-domingo"],"_links":{"self":[{"href":"https:\/\/dimensionturistica.com\/es\/wp-json\/wp\/v2\/posts\/153453","targetHints":{"allow":["GET"]}}],"collection":[{"href":"https:\/\/dimensionturistica.com\/es\/wp-json\/wp\/v2\/posts"}],"about":[{"href":"https:\/\/dimensionturistica.com\/es\/wp-json\/wp\/v2\/types\/post"}],"author":[{"embeddable":true,"href":"https:\/\/dimensionturistica.com\/es\/wp-json\/wp\/v2\/users\/4"}],"replies":[{"embeddable":true,"href":"https:\/\/dimensionturistica.com\/es\/wp-json\/wp\/v2\/comments?post=153453"}],"version-history":[{"count":0,"href":"https:\/\/dimensionturistica.com\/es\/wp-json\/wp\/v2\/posts\/153453\/revisions"}],"wp:featuredmedia":[{"embeddable":true,"href":"https:\/\/dimensionturistica.com\/es\/wp-json\/wp\/v2\/media\/153454"}],"wp:attachment":[{"href":"https:\/\/dimensionturistica.com\/es\/wp-json\/wp\/v2\/media?parent=153453"}],"wp:term":[{"taxonomy":"category","embeddable":true,"href":"https:\/\/dimensionturistica.com\/es\/wp-json\/wp\/v2\/categories?post=153453"},{"taxonomy":"post_tag","embeddable":true,"href":"https:\/\/dimensionturistica.com\/es\/wp-json\/wp\/v2\/tags?post=153453"}],"curies":[{"name":"wp","href":"https:\/\/api.w.org\/{rel}","templated":true}]}}