{"id":153289,"date":"2021-07-06T11:42:53","date_gmt":"2021-07-06T11:42:53","guid":{"rendered":"https:\/\/dimensionturistica.com\/es\/?p=153289"},"modified":"2021-07-06T11:42:53","modified_gmt":"2021-07-06T11:42:53","slug":"el-pdecat-niega-que-los-viajes-de-junqueras-y-los-indultados-para-ver-a-puigdemont-sea-una-provocacion-es-normalidad","status":"publish","type":"post","link":"https:\/\/dimensionturistica.com\/es\/el-pdecat-niega-que-los-viajes-de-junqueras-y-los-indultados-para-ver-a-puigdemont-sea-una-provocacion-es-normalidad\/","title":{"rendered":"El PDeCAT niega que los viajes de Junqueras y los indultados para ver a Puigdemont sea una provocaci\u00f3n: Es normalidad"},"content":{"rendered":"<p> <br \/>\n<\/p>\n<div>\n<p>   MADRID, 6 (EUROPA PRESS)<\/p>\n<p>   El portavoz del PDeCAT en el Congreso, Ferr\u00e1n Bel, ha rechazado este martes que los viajes a B\u00e9lgica de Oriol Junqueras y otros pol\u00edticos independentistas indultados para ver al expresidente catal\u00e1n Carles Puigdemont, reclamado por la justicia espa\u00f1ola, supongan una provocaci\u00f3n, sino que, seg\u00fan ha recalcado, deben enmarcase en la &#8220;normalidad&#8221;.<\/p>\n<div class=\"ad-slot oat oat-visible oat-top \" data-mark=\"Publicidad\" style=\"height: 390px;\"><a rel=\"nofollow noopener\" target=\"_blank\" href=\"https:\/\/www.eldiarioalerta.com\/ads\/20210701105416171034\"> <img decoding=\"async\" src=\"https:\/\/www.eldiarioalerta.com\/media\/diarioalerta\/images\/2021\/07\/01\/2021070110530734775.jpg\" width=\"626\" height=\"375\"\/> <\/a><\/div>\n<p>   Bel ha respondido as\u00ed, en rueda de prensa desde la C\u00e1mara Baja, al ser preguntado sobre si cree que ese reciente reencuentro de varios de los presos del proc\u00e9s con Puigdemont en Waterloo (B\u00e9lgica) puede perjudicar el di\u00e1logo que los gobiernos central y catal\u00e1n pretenden reactivar en septiembre con una nueva reuni\u00f3n de la mesa de di\u00e1logo.<\/p>\n<p>   El diputado catal\u00e1n sostiene que ni esa visita ni la que realiz\u00f3  el l\u00edder de Esquerra Republicana (ERC), Oriol Junqueras, a su compa\u00f1era Marta Rovira en Ginebra (Suiza) y la que realizar\u00e1 esta semana al propio Puigdemont pueden perjudicar el di\u00e1logo, sino que deben enmarcarse en &#8220;la recuperaci\u00f3n de la normalidad&#8221;.<\/p>\n<p>   &#8220;No se deben ver como un impedimento o una limitaci\u00f3n al di\u00e1logo ni como una provocaci\u00f3n, sino como un acto de normalidad c\u00edvica y democr\u00e1tica, y no se deben hacer mas lecturas&#8221;, ha insistido el diputado del PDeCAT.<\/p>\n<p>LO RARO ES QUE PUIGDEMONT PUEDA IR A CUALQUIER PA\u00cdS MENOS ESPA\u00d1A<\/p>\n<p>   En este punto, ha recordado que Puigdemont, adem\u00e1s de ser compa\u00f1ero de gobierno de todos los presos indultados, es tambi\u00e9n un eurodiputado que pueda desarrollar toda su actividad pol\u00edtica en Europa, excepto en Espa\u00f1a.<\/p>\n<p>   &#8220;La lectura que deber\u00eda hacerse es por qu\u00e9 estos encuentros se pueden producir en toda Europa y no dentro del Estado espa\u00f1ol&#8221;, ha planteado Bel, quien considera que esta cuesti\u00f3n deber\u00eda forma parte de los asuntos que deber\u00e1 afrontar la mesa de di\u00e1logo sobre Catalu\u00f1a a partir de septiembre.<\/p>\n<\/p><\/div>\n<p><script>(function(d, s, id) {\n      var js, fjs = d.getElementsByTagName(s)[0];\n      if (d.getElementById(id)) return;\n      js = d.createElement(s); js.id = id;\n      js.src = \"\/\/connect.facebook.net\/es_ES\/all.js#xfbml=1&version=v2.8&appId=196617431074428\";\n      fjs.parentNode.insertBefore(js, fjs);\n    }(document, 'script', 'facebook-jssdk'));<\/script><br \/>\n<br \/><\/p>\n<p><em> &#8221; Fuentes www.eldiarioalerta.com &#8221; <\/em><\/p>\n","protected":false},"excerpt":{"rendered":"<p>MADRID, 6 (EUROPA PRESS) El portavoz del PDeCAT en el Congreso, Ferr\u00e1n Bel, ha rechazado este martes que los viajes a B\u00e9lgica de Oriol Junqueras y otros pol\u00edticos independentistas indultados para ver al expresidente catal\u00e1n Carles Puigdemont, reclamado por la justicia espa\u00f1ola, supongan una provocaci\u00f3n, sino que, seg\u00fan ha recalcado, deben enmarcase en la &#8220;normalidad&#8221;. [&hellip;]<\/p>\n","protected":false},"author":4,"featured_media":151174,"comment_status":"open","ping_status":"closed","sticky":false,"template":"","format":"standard","meta":{"om_disable_all_campaigns":false,"jnews-multi-image_gallery":[],"jnews_single_post":[],"jnews_primary_category":[],"jnews_social_meta":[],"footnotes":""},"categories":[39],"tags":[1609,1521,27099,27097,14720,4165,27096,27098,27095,1890,4424,7039,545],"class_list":["post-153289","post","type-post","status-publish","format-standard","has-post-thumbnail","hentry","category-viajes","tag-el","tag-es","tag-indultados","tag-junqueras","tag-niega","tag-normalidad","tag-pdecat","tag-provocacion","tag-puigdemont","tag-que","tag-sea","tag-ver","tag-viajes"],"_links":{"self":[{"href":"https:\/\/dimensionturistica.com\/es\/wp-json\/wp\/v2\/posts\/153289","targetHints":{"allow":["GET"]}}],"collection":[{"href":"https:\/\/dimensionturistica.com\/es\/wp-json\/wp\/v2\/posts"}],"about":[{"href":"https:\/\/dimensionturistica.com\/es\/wp-json\/wp\/v2\/types\/post"}],"author":[{"embeddable":true,"href":"https:\/\/dimensionturistica.com\/es\/wp-json\/wp\/v2\/users\/4"}],"replies":[{"embeddable":true,"href":"https:\/\/dimensionturistica.com\/es\/wp-json\/wp\/v2\/comments?post=153289"}],"version-history":[{"count":0,"href":"https:\/\/dimensionturistica.com\/es\/wp-json\/wp\/v2\/posts\/153289\/revisions"}],"wp:featuredmedia":[{"embeddable":true,"href":"https:\/\/dimensionturistica.com\/es\/wp-json\/wp\/v2\/media\/151174"}],"wp:attachment":[{"href":"https:\/\/dimensionturistica.com\/es\/wp-json\/wp\/v2\/media?parent=153289"}],"wp:term":[{"taxonomy":"category","embeddable":true,"href":"https:\/\/dimensionturistica.com\/es\/wp-json\/wp\/v2\/categories?post=153289"},{"taxonomy":"post_tag","embeddable":true,"href":"https:\/\/dimensionturistica.com\/es\/wp-json\/wp\/v2\/tags?post=153289"}],"curies":[{"name":"wp","href":"https:\/\/api.w.org\/{rel}","templated":true}]}}