{"id":151394,"date":"2021-07-02T16:38:08","date_gmt":"2021-07-02T16:38:08","guid":{"rendered":"https:\/\/dimensionturistica.com\/es\/?p=151394"},"modified":"2021-07-02T16:38:08","modified_gmt":"2021-07-02T16:38:08","slug":"el-auto-volador-ya-es-realidad-puede-circular-en-las-calles","status":"publish","type":"post","link":"https:\/\/dimensionturistica.com\/es\/el-auto-volador-ya-es-realidad-puede-circular-en-las-calles\/","title":{"rendered":"El auto volador ya es realidad, puede circular en las calles"},"content":{"rendered":"<p> <br \/>\n<\/p>\n<div>\n<p>El auto volador, un sue\u00f1o de muchos y un objeto de culto en las novelas y pel\u00edculas de ciencia ficci\u00f3n, estar\u00eda m\u00e1s cerca de hacerse <b>realidad<\/b>. Si bien son varios los<span class=\"Enhancement\"><span class=\"Enhancement-item\"><a rel=\"nofollow noopener\" target=\"_blank\" class=\"Link\" href=\"https:\/\/www.adn40.mx\/noticia\/ciencia\/notas\/2019-03-17-06-00\/video-presentan-las-llantas-del-futuro\" style=\"text-decoration:none;\" data-cms-ai=\"0\"><u> prototipos<\/u><\/a><\/span><\/span> de <b>auto volador<\/b> que se encuentran en fase de pruebas, el m\u00e1s avanzado, ya logr\u00f3 realizar un viaje interurbano. Todo qued\u00f3 registrado en un<b> video<\/b>.<\/p>\n<div class=\"Enhancement\">\n<p><h2>Sacado de la ciencia ficci\u00f3n, hoy el auto volador es una realidad<\/h2>\n<\/p><\/div>\n<p>Salir desde el storage de tu casa en un auto, y luego pasar por arriba de ella, en el mismo veh\u00edculo, parece una realidad cada vez m\u00e1s palpable. El AirCar, un prototipo desarrollado por la compa\u00f1\u00eda Klein Imaginative and prescient, tiene la tecnolog\u00eda m\u00e1s avanzada, y ya vuela entre ciudades.<\/p>\n<p>El responsable de que este sue\u00f1o se haga <b>realidad<\/b>, es Stefan Klein, un dise\u00f1ador industrial eslovaco que dedic\u00f3 los \u00faltimos veinte a\u00f1os a construir el <b>auto volador<\/b>. Actualmente complet\u00f3 el prototipo AirCar, que ha sido probado con \u00e9xito en el aeropuerto de Nitra.<\/p>\n<p>Su \u00faltima haza\u00f1a fue realizada el pasado lunes 28 de junio. El <b>auto volador<\/b> realiz\u00f3 un viaje de 35 minutos por el aire. Cubri\u00f3 una distancia de 80 kil\u00f3metros entre los aeropuertos de Nitra y Bratislava.<\/p>\n<div class=\"Enhancement\">\n<p><h2>C\u00f3mo es el auto volador, mira el video<\/h2>\n<\/p><\/div>\n<p>El piloto fue el mismo Klein, quien manej\u00f3 al auto por la carretera, para luego transformarlo. El AirCar, parece un coche deportivo de alta gama, pero al presionar un bot\u00f3n, como se ve en el<b> video<\/b>, es capaz de desplegar unas impresionantes alas, y de estirar sus alerones traseros.<\/p>\n<div class=\"Enhancement\">\n<div class=\"Enhancement-item\"><span class=\"VideoEnhancement\" data-video-disable-history=\"\"><\/p>\n<p>The flying automotive completes first ever inter-city flight<\/p>\n<div class=\"VideoEnhancement-player\">\n<div data-module=\"\" class=\"YouTubeVideoPlayer\" data-video-player=\"\" data-player-id=\"fb5148818b5a443718b3cc3c8187e72f5\" data-video-id=\"a2tDOYkFCYo\" data-video-title=\"The flying car completes first ever inter-city flight\">\n<div class=\"jeg_video_container jeg_video_content\"><iframe loading=\"lazy\" title=\"The flying car completes first ever inter-city flight (Official Video)\" width=\"500\" height=\"281\" src=\"https:\/\/www.youtube.com\/embed\/a2tDOYkFCYo?feature=oembed\" frameborder=\"0\" allow=\"accelerometer; autoplay; clipboard-write; encrypted-media; gyroscope; picture-in-picture; web-share\" referrerpolicy=\"strict-origin-when-cross-origin\" allowfullscreen><\/iframe><\/div>\n<\/div>\n<\/div>\n<p><\/span><\/div><\/div>\n<p>Cuenta con un motor BMW de 160 CV, que le ha permitido alcanzar una velocidad m\u00e1xima de crucero de 190 km\/h. El <b>auto volador<\/b> tambi\u00e9n cuenta con un paraca\u00eddas bal\u00edstico, que puede desplegar en caso de emergencia. <\/p>\n<p>El prototipo lleva acumuladas unas 40 horas de vuelo, y al parecer ya est\u00e1 listo para comenzar su producci\u00f3n comercial. Aunque es poco lo que se sabe de la posible construcci\u00f3n en masa, trascendi\u00f3 que tendr\u00eda un motor m\u00e1s grande de 300 CV, y que su velocidad de crucero m\u00e1xima llegar\u00e1 a los 300 km\/h.<\/p>\n<p>Tampoco se sabe cu\u00e1l ser\u00e1 el precio del espectacular<b> auto volador<\/b>. Lo que es seguro, es que este invento que pas\u00f3 del sue\u00f1o a la <b>realidad<\/b> lleg\u00f3 para quedarse, y te permitir\u00e1 realizar viajes que solo exist\u00edan en la<span class=\"Enhancement\"><span class=\"Enhancement-item\"><a rel=\"nofollow noopener\" target=\"_blank\" class=\"Link\" href=\"https:\/\/www.adn40.mx\/cultura\/netflix-peliculas-tendencia-mva-especial\" style=\"text-decoration:none;\" data-cms-ai=\"0\"><u> fantas\u00eda<\/u><\/a><\/span><\/span>. <\/p>\n<p>La noticia por todos los medios. \u00a1Descarga nuestra<span class=\"Enhancement\"><span class=\"Enhancement-item\"><a rel=\"nofollow noopener\" target=\"_blank\" class=\"Link\" href=\"https:\/\/www.adn40.mx\/app\/\" style=\"text-decoration:none;\" data-cms-ai=\"0\"> <u>app<\/u><\/a><\/span><\/span>!<\/p>\n<p>Gm<\/p>\n<\/div>\n<p><script>\n    window.fbAsyncInit = function() {\n    FB.init({\n        appId : '1863151617342338',\n    xfbml : true,\n    version : 'v3.1'\n    });\n    };\n    (function(d, s, id) {\n    var js, fjs = d.getElementsByTagName(s)[0];\n    if (d.getElementById(id)) {return};\n    js = d.createElement(s); js.id = id;\n    js.src=\"https:\/\/connect.facebook.net\/es_ES\/sdk.js\";\n    fjs.parentNode.insertBefore(js, fjs);\n    }(document, 'script', 'facebook-jssdk'));\n<\/script><br \/>\n<br \/><\/p>\n<p><em> &#8221; Fuentes www.adn40.mx &#8221; <\/em><\/p>\n","protected":false},"excerpt":{"rendered":"<p>El auto volador, un sue\u00f1o de muchos y un objeto de culto en las novelas y pel\u00edculas de ciencia ficci\u00f3n, estar\u00eda m\u00e1s cerca de hacerse realidad. Si bien son varios los prototipos de auto volador que se encuentran en fase de pruebas, el m\u00e1s avanzado, ya logr\u00f3 realizar un viaje interurbano. Todo qued\u00f3 registrado en [&hellip;]<\/p>\n","protected":false},"author":4,"featured_media":151395,"comment_status":"open","ping_status":"closed","sticky":false,"template":"","format":"standard","meta":{"om_disable_all_campaigns":false,"jnews-multi-image_gallery":[],"jnews_single_post":[],"jnews_primary_category":[],"jnews_social_meta":[],"footnotes":""},"categories":[41],"tags":[2306,442],"class_list":["post-151394","post","type-post","status-publish","format-standard","has-post-thumbnail","hentry","category-cruceros","tag-realidad","tag-video"],"_links":{"self":[{"href":"https:\/\/dimensionturistica.com\/es\/wp-json\/wp\/v2\/posts\/151394","targetHints":{"allow":["GET"]}}],"collection":[{"href":"https:\/\/dimensionturistica.com\/es\/wp-json\/wp\/v2\/posts"}],"about":[{"href":"https:\/\/dimensionturistica.com\/es\/wp-json\/wp\/v2\/types\/post"}],"author":[{"embeddable":true,"href":"https:\/\/dimensionturistica.com\/es\/wp-json\/wp\/v2\/users\/4"}],"replies":[{"embeddable":true,"href":"https:\/\/dimensionturistica.com\/es\/wp-json\/wp\/v2\/comments?post=151394"}],"version-history":[{"count":0,"href":"https:\/\/dimensionturistica.com\/es\/wp-json\/wp\/v2\/posts\/151394\/revisions"}],"wp:featuredmedia":[{"embeddable":true,"href":"https:\/\/dimensionturistica.com\/es\/wp-json\/wp\/v2\/media\/151395"}],"wp:attachment":[{"href":"https:\/\/dimensionturistica.com\/es\/wp-json\/wp\/v2\/media?parent=151394"}],"wp:term":[{"taxonomy":"category","embeddable":true,"href":"https:\/\/dimensionturistica.com\/es\/wp-json\/wp\/v2\/categories?post=151394"},{"taxonomy":"post_tag","embeddable":true,"href":"https:\/\/dimensionturistica.com\/es\/wp-json\/wp\/v2\/tags?post=151394"}],"curies":[{"name":"wp","href":"https:\/\/api.w.org\/{rel}","templated":true}]}}