{"id":151331,"date":"2021-07-02T15:03:48","date_gmt":"2021-07-02T15:03:48","guid":{"rendered":"https:\/\/dimensionturistica.com\/es\/?p=151331"},"modified":"2021-07-02T15:03:49","modified_gmt":"2021-07-02T15:03:49","slug":"la-web-para-inscribirse-en-los-viajes-del-imserso-se-cae-a-las-horas-de-abrirse-la-inscripcion","status":"publish","type":"post","link":"https:\/\/dimensionturistica.com\/es\/la-web-para-inscribirse-en-los-viajes-del-imserso-se-cae-a-las-horas-de-abrirse-la-inscripcion\/","title":{"rendered":"La web para inscribirse en los viajes del Imserso se cae a las horas de abrirse la inscripci\u00f3n"},"content":{"rendered":"<p> <br \/>\n<\/p>\n<div>\n<p class=\"article-body__text article-body__text--entry article-body__text-middle\">\n        El Bolet\u00edn Oficial del Estado (BOE) public\u00f3 este mi\u00e9rcoles<strong>\u00a0la orden que recoge la convocatoria de 816.029 plazas del Imserso para 6.123 millones de estancias<\/strong>, que se iniciar\u00e1 durante el per\u00edodo comprendido entre el mes de octubre de 2021 y el mes de junio de 2022. El programa del Imserso se desarrollar\u00e1 por turnos que agrupen a las personas usuarias con el mismo origen, destino y fechas. Los turnos, que podr\u00e1n tener una duraci\u00f3n desde 4 d\u00edas (3 pernoctaciones) hasta 10 d\u00edas (9 pernoctaciones), se realizar\u00e1n en r\u00e9gimen de pensi\u00f3n completa, excepto en los viajes a capitales de provincia cuyo r\u00e9gimen ser\u00e1 de media pensi\u00f3n.\n<\/p>\n<p class=\"article-body__text \">\n        Por destinos de viaje, los viajes del Imserso tendr\u00e1n lugar en la zona de costa peninsular, con estancias de diez y ocho d\u00edas en Catalu\u00f1a, Andaluc\u00eda, la Regi\u00f3n de Murcia y<strong>\u00a0Comunitat Valenciana<\/strong>; la zona costa insular, con estancias de diez y ocho d\u00edas en Canarias y Baleraes; mientras que los\u00a0viajes\u00a0de turismo de inside contar\u00e1n con estancias de cuatro, cinco y seis d\u00edas. Las plazas por zonas se repartir\u00e1n de la siguiente manera: 443.887 para la costa peninsular, 230.039 para la costa insular, 142.103 para turismo de inside y 137.475 para turismo de naturaleza. Adem\u00e1s, se mantienen los precios fijados para las personas usuarias con el incremento medio de las pensiones (0,9%), seg\u00fan indica el Ministerio de Derechos Sociales y Agenda 2030.\n<\/p>\n<p class=\"article-body__text \">\n        Los servicios que ofrece el programa son alojamientos en r\u00e9gimen de<strong>\u00a0pensi\u00f3n completa, en habitaci\u00f3n doble<\/strong>\u00a0a compartir en hoteles seleccionados por el Imserso que dispongan de zonas comunes accesibles, transporte de ida y vuelta en el medio de transporte programado, p\u00f3liza de seguros colectiva, servicio de medicina common y programa de animaci\u00f3n social y cultural.\n<\/p>\n<p class=\"article-body__text \">\n        El n\u00famero de plazas inicial se incrementar\u00e1 dependiendo del resultado de la adjudicaci\u00f3n a las operadoras de los viajes, de forma que la bajada en las ofertas se pueda traducir en incremento de las plazas ofertadas. El volumen econ\u00f3mico por campa\u00f1a se acercar\u00e1 a los<strong>\u00a0280 millones de euros<\/strong>, seg\u00fan a\u00f1aden.\n<\/p>\n<p class=\"article-body__text \">\n        Por otro lado, atendiendo las demandas de hoteles y agencias de viajes, el Ministerio informa de que se han incrementado los importes m\u00ednimos para el c\u00e1lculo de licitaci\u00f3n, mejorando adem\u00e1s el \u00edndice de sostenibilidad de las instalaciones dimensionadas para la ocupaci\u00f3n en temporada alta. Esto afecta, seg\u00fan precisa, a unos 350 establecimientos hoteleros, y se estima que mantiene unos\u00a0<strong>12.000 empleos directos y 85.000 indirectos<\/strong>.\n<\/p>\n<\/p><\/div>\n\n<p><em> &#8221; Fuentes www.levante-emv.com &#8221; <\/em><\/p>\n","protected":false},"excerpt":{"rendered":"<p>El Bolet\u00edn Oficial del Estado (BOE) public\u00f3 este mi\u00e9rcoles\u00a0la orden que recoge la convocatoria de 816.029 plazas del Imserso para 6.123 millones de estancias, que se iniciar\u00e1 durante el per\u00edodo comprendido entre el mes de octubre de 2021 y el mes de junio de 2022. El programa del Imserso se desarrollar\u00e1 por turnos que agrupen [&hellip;]<\/p>\n","protected":false},"author":4,"featured_media":151332,"comment_status":"open","ping_status":"closed","sticky":false,"template":"","format":"standard","meta":{"om_disable_all_campaigns":false,"jnews-multi-image_gallery":[],"jnews_single_post":[],"jnews_primary_category":[],"jnews_social_meta":[],"footnotes":""},"categories":[40],"tags":[2770,813,26867,545,373],"class_list":["post-151331","post","type-post","status-publish","format-standard","has-post-thumbnail","hentry","category-industria","tag-cae","tag-imserso","tag-inscribirse","tag-viajes","tag-web"],"_links":{"self":[{"href":"https:\/\/dimensionturistica.com\/es\/wp-json\/wp\/v2\/posts\/151331","targetHints":{"allow":["GET"]}}],"collection":[{"href":"https:\/\/dimensionturistica.com\/es\/wp-json\/wp\/v2\/posts"}],"about":[{"href":"https:\/\/dimensionturistica.com\/es\/wp-json\/wp\/v2\/types\/post"}],"author":[{"embeddable":true,"href":"https:\/\/dimensionturistica.com\/es\/wp-json\/wp\/v2\/users\/4"}],"replies":[{"embeddable":true,"href":"https:\/\/dimensionturistica.com\/es\/wp-json\/wp\/v2\/comments?post=151331"}],"version-history":[{"count":0,"href":"https:\/\/dimensionturistica.com\/es\/wp-json\/wp\/v2\/posts\/151331\/revisions"}],"wp:featuredmedia":[{"embeddable":true,"href":"https:\/\/dimensionturistica.com\/es\/wp-json\/wp\/v2\/media\/151332"}],"wp:attachment":[{"href":"https:\/\/dimensionturistica.com\/es\/wp-json\/wp\/v2\/media?parent=151331"}],"wp:term":[{"taxonomy":"category","embeddable":true,"href":"https:\/\/dimensionturistica.com\/es\/wp-json\/wp\/v2\/categories?post=151331"},{"taxonomy":"post_tag","embeddable":true,"href":"https:\/\/dimensionturistica.com\/es\/wp-json\/wp\/v2\/tags?post=151331"}],"curies":[{"name":"wp","href":"https:\/\/api.w.org\/{rel}","templated":true}]}}