{"id":151015,"date":"2021-07-02T02:07:19","date_gmt":"2021-07-02T02:07:19","guid":{"rendered":"https:\/\/dimensionturistica.com\/es\/?p=151015"},"modified":"2021-07-02T02:07:20","modified_gmt":"2021-07-02T02:07:20","slug":"junio-mejoro-pero-no-alcanzo-las-expectativas-del-turismo-economia","status":"publish","type":"post","link":"https:\/\/dimensionturistica.com\/es\/junio-mejoro-pero-no-alcanzo-las-expectativas-del-turismo-economia\/","title":{"rendered":"Junio mejor\u00f3, pero no alcanz\u00f3 las expectativas del turismo | Econom\u00eda"},"content":{"rendered":"<p> <br \/>\n<\/p>\n<div itemprop=\"articleBody\">\n<p class=\"parrafo first-parrafo \" id=\"pnull-m175-174-176\">Junio se posicionaba como uno de los meses con las mejores expectativas para el sector tur\u00edstico del pa\u00eds por la temporada de mitad de a\u00f1o, <b>que en esta oportunidad estar\u00eda menos restringida que otras anteriores como la Semana Santa.<br \/><a rel=\"nofollow noopener\" target=\"_blank\" href=\"#\"><br \/><\/a><\/b><a rel=\"nofollow noopener\" target=\"_blank\" href=\"https:\/\/www.portafolio.co\/internacional\/economia-global-perderia-us-4-billones-por-choque-al-turismo-553505\">(Econom\u00eda global perder\u00eda US$4 billones por choque al turismo).\u00a0<\/a><\/p>\n<p class=\"parrafo \" id=\"pnull-m199-3-200\">No obstante, aunque hubo una mejora generalizada frente a los resultados del mes de mayo, los contrastes a\u00fan son evidentes en el territorio, con zonas que tuvieron mejor desempe\u00f1o que otras.<\/p>\n<p><i>\u201cLas expectativas se cumplieron y, m\u00e1s que eso, los resultados son producto del trabajo estructurado realizado en promoci\u00f3n del destino en el 2020\u201d,<\/i> coment\u00f3 Cristina Osorio, directora ejecutiva del cap\u00edtulo de San Andr\u00e9s de la Asociaci\u00f3n Hotelera y Tur\u00edstica de Colombia (Cotelco).<br \/><a rel=\"nofollow noopener\" target=\"_blank\" href=\"https:\/\/www.portafolio.co\/negocios\/empresas\/pese-a-mejora-haremos-el-60-de-las-ventas-del-2019-on-vacation-553508\"><br \/>(&#8216;Haremos el 60% de las ventas del 2019&#8217;: On Vacation).\u00a0<\/a><\/p>\n<p>Este destino proyecta que para junio el cierre de la ocupaci\u00f3n se ubique en el 85%, lo que significar\u00eda un acumulado anual, hasta ese mes, del 65%. <\/p>\n<p>Y es de resaltar, adem\u00e1s, que San Andr\u00e9s viene punteando en las preferencias de los viajeros dentro del pa\u00eds, lo que se refleja en el consolidado de mayo cuando cerr\u00f3 en el primer lugar con un 37%. <\/p>\n<p>Monica Mass, directora Ejecutiva de Cotelco Cartagena, afirma que el indicador de junio de la hoteler\u00eda fue del 47%, un resultado muy positivo si se tiene en cuenta que la proyecci\u00f3n period del 42%. <b>Semana Santa, sin embargo hab\u00eda sido superior con un 68,8%. <br \/><\/b><br \/><i>\u201cPara este mes de julio, tenemos una proyecci\u00f3n del 45%, que esperamos repunte en unos puntos porcentuales con el desarrollo del mes\u201d<\/i>, agreg\u00f3.<\/p>\n<p>En la costa Caribe tambi\u00e9n, Mario Muvdi, presidente de la junta directiva de Cotelco Atl\u00e1ntico, expresa que la ocupaci\u00f3n de junio estar\u00eda por encima del 40%, <i>\u201clo que es muy bueno comparado con mayo cuando cerramos con un 21%. Abril y mayo fueron los meses m\u00e1s dif\u00edciles de este 2021\u201d. <\/i><\/p>\n<p>Frente a esto, la Asociaci\u00f3n hotelera a nivel nacional hab\u00eda informado que las p\u00e9rdidas generadas por el impacto del covid y el paro nacional sumaron en estos meses $1,1 billones, de los cuales, $400.000 millones estuvieron asociados a los efectos del paro. <\/p>\n<p>Las movilizaciones y protestas ocasionaron, para ese periodo, una cancelaci\u00f3n de las reservas en el 90,7% de los departamentos del pa\u00eds (21), generando un aumento de los costos de los insumos (77,1%), desabastecimiento de suministros (59,6%), dificultades para que el 58,1% de los trabajadores del sector pudieran llegar a sus puestos de trabajo y suspensiones de servicios (36,4%).<\/p>\n<p><i>\u201cEn Norte de Santander esper\u00e1bamos alcanzar una ocupaci\u00f3n promedio del 45% a inicios de a\u00f1o, pero el tercer pico de la pandemia y la situaci\u00f3n del paro nacional la afect\u00f3 ya que las personas dejaron de viajar para preservar la seguridad y la salud\u201d, <\/i>manifest\u00f3 Sandra Mendoza, directora Ejecutiva de Cotelco en esa regi\u00f3n. <\/p>\n<p>Para junio, la meta es terminar con la ocupaci\u00f3n en 38%, aunque al 29 de ese mes, el consolidado llegaba a 33%. Sin embargo, este departamento registr\u00f3 un repunte frente a Semana Santa donde se alcanz\u00f3 el 21,9% de las habitaciones ocupadas. <\/p>\n<p>De otro lado, se espera que departamentos como el Magdalena y su capital Santa Marta, mantengan la misma tendencia de mayo, cuando se ubicaron en el segundo destino con mayor ocupaci\u00f3n en hoteles con un 28,7%. Al igual que el caso de Tolima y el Alto Magdalena, que all\u00ed obtuvieron un indicador del 28,7%.<\/p>\n<p><b>LOS QUE BAJARON\u00a0<br \/><\/b><br \/>La temporada tur\u00edstica de mitad de a\u00f1o finalizar\u00eda con el puente del 20 de julio, <b>que se ubica un d\u00eda martes, por lo que el sector, en consecuencia, espera poder tener, en el mejor caso, cuatro d\u00edas de dinamismo. <\/b><\/p>\n<p>Pero ante lo evidenciado en esos meses, a\u00fan hay reservas frente a lo que viene, que podr\u00eda incluir nuevos cierres por la situaci\u00f3n epidemiol\u00f3gica del pa\u00eds. <br \/><i><br \/>\u201cTenemos que estar preparados para julio, lo que se venga es incierto en temas de orden p\u00fablico, adem\u00e1s porque a ra\u00edz de ello los contagios siguen en aumento. Debemos seguir apuntando a la reactivaci\u00f3n\u201d<\/i>, anot\u00f3 Valentina Carvajal, directora Ejecutiva de Cotelco Caldas. <\/p>\n<p>Siendo muy optimistas, cube, para junio terminar\u00edan con el consolidado de hoteles en 40%, aunque con corte a ayer el registro mostraba 34%. <i>\u201cNo se cumplieron en un 100% las expectativas, la gente sigue estando temerosa y se abstiene a salir de vacaciones\u201d. <br \/><\/i><br \/>En l\u00ednea con lo anterior, pese algunas excepciones en regiones de Antioquia como el suroeste y algunas partes del oriente donde la gente migr\u00f3 cuando el departamento tuvo restricciones, Sandra Restrepo, la directora Ejecutiva en este sector comenta que no se alcanz\u00f3 lo estimado. <\/p>\n<p>El cierre del sexto mes para el departamento antioque\u00f1o estar\u00eda ubicado en una cifra no superior al 37%, un resultado que est\u00e1 por debajo del pronostico inicial de 45%, y, asimismo, que se mantiene a niveles menores de lo alcanzado en la temporada tur\u00edstica de Semana Santa (43,7%). <\/p>\n<p>Para el mes de mayo, Cotelco inform\u00f3 que el departamento del Valle del Cauca present\u00f3 una muy alta afectaci\u00f3n como consecuencia de los bloqueos y los hechos de orden p\u00fablico en la ciudad de Cali y municipios cercanos, lo que repercuti\u00f3 en el resultado de su ocupaci\u00f3n (16,84%). De igual manera, el departamento de Nari\u00f1o cerr\u00f3 en 18,1% por el escenario de protestas en la ciudad de Pasto.<\/p>\n<p>Entre tanto, Bogot\u00e1 finaliz\u00f3 el quinto mes en 18,8%, frente a una Semana Santa del 25,2% y se espera el consolidado oficial.<\/p>\n<p><b>EL TURISMO EN EL MUNDO\u00a0<br \/><\/b><br \/>Seg\u00fan un informe de la UNCTAD publicado, <b>la ca\u00edda del turismo internacional debido a la pandemia del coronavirus podr\u00eda causar una p\u00e9rdida de m\u00e1s de US$4 billones en el PIB world durante 2020 y 2021<\/b>.<\/p>\n<p>El informe, publicado conjuntamente con la Organizaci\u00f3n Mundial del Turismo (OMT) de las Naciones Unidas, afirma que el turismo internacional y sus sectores altamente vinculados sufrieron una p\u00e9rdida estimada de US$2,4 billones en el 2020, tras<br \/>una fuerte ca\u00edda en las visitas tur\u00edsticas internacionales.<\/p>\n<p>Y aunque para el segundo semestre de este a\u00f1o se espera un repunte de la actividad en el mundo por la vacunaci\u00f3n, el informe sigue mostrando una p\u00e9rdida de entre US$1,7 y US$2,4 billones en el 2021, con respecto a los niveles del a\u00f1o 2019.<br \/><b><br \/>Mar\u00eda Camila P\u00e9rez Godoy<\/b><\/p>\n<\/div>\n\n<p><em> &#8221; Fuentes www.portafolio.co &#8221; <\/em><\/p>\n","protected":false},"excerpt":{"rendered":"<p>Junio se posicionaba como uno de los meses con las mejores expectativas para el sector tur\u00edstico del pa\u00eds por la temporada de mitad de a\u00f1o, que en esta oportunidad estar\u00eda menos restringida que otras anteriores como la Semana Santa.(Econom\u00eda global perder\u00eda US$4 billones por choque al turismo).\u00a0 No obstante, aunque hubo una mejora generalizada frente [&hellip;]<\/p>\n","protected":false},"author":4,"featured_media":151016,"comment_status":"open","ping_status":"closed","sticky":false,"template":"","format":"standard","meta":{"om_disable_all_campaigns":false,"jnews-multi-image_gallery":[],"jnews_single_post":[],"jnews_primary_category":[],"jnews_social_meta":[],"footnotes":""},"categories":[39],"tags":[26828,2711,3454,26829,544],"class_list":["post-151015","post","type-post","status-publish","format-standard","has-post-thumbnail","hentry","category-viajes","tag-alcanzo","tag-expectativas","tag-junio","tag-mejoro","tag-turismo"],"_links":{"self":[{"href":"https:\/\/dimensionturistica.com\/es\/wp-json\/wp\/v2\/posts\/151015","targetHints":{"allow":["GET"]}}],"collection":[{"href":"https:\/\/dimensionturistica.com\/es\/wp-json\/wp\/v2\/posts"}],"about":[{"href":"https:\/\/dimensionturistica.com\/es\/wp-json\/wp\/v2\/types\/post"}],"author":[{"embeddable":true,"href":"https:\/\/dimensionturistica.com\/es\/wp-json\/wp\/v2\/users\/4"}],"replies":[{"embeddable":true,"href":"https:\/\/dimensionturistica.com\/es\/wp-json\/wp\/v2\/comments?post=151015"}],"version-history":[{"count":0,"href":"https:\/\/dimensionturistica.com\/es\/wp-json\/wp\/v2\/posts\/151015\/revisions"}],"wp:featuredmedia":[{"embeddable":true,"href":"https:\/\/dimensionturistica.com\/es\/wp-json\/wp\/v2\/media\/151016"}],"wp:attachment":[{"href":"https:\/\/dimensionturistica.com\/es\/wp-json\/wp\/v2\/media?parent=151015"}],"wp:term":[{"taxonomy":"category","embeddable":true,"href":"https:\/\/dimensionturistica.com\/es\/wp-json\/wp\/v2\/categories?post=151015"},{"taxonomy":"post_tag","embeddable":true,"href":"https:\/\/dimensionturistica.com\/es\/wp-json\/wp\/v2\/tags?post=151015"}],"curies":[{"name":"wp","href":"https:\/\/api.w.org\/{rel}","templated":true}]}}