{"id":150963,"date":"2021-07-02T00:09:55","date_gmt":"2021-07-02T00:09:55","guid":{"rendered":"https:\/\/dimensionturistica.com\/es\/?p=150963"},"modified":"2021-07-02T00:09:55","modified_gmt":"2021-07-02T00:09:55","slug":"sargazo-en-segundo-termino-para-turistas-salud-y-seguridad-es-prioridad-acotur","status":"publish","type":"post","link":"https:\/\/dimensionturistica.com\/es\/sargazo-en-segundo-termino-para-turistas-salud-y-seguridad-es-prioridad-acotur\/","title":{"rendered":"Sargazo en segundo t\u00e9rmino para turistas, salud y seguridad es prioridad, ACOTUR"},"content":{"rendered":"<p> <br \/>\n<\/p>\n<div>\n<p><strong>Anna Kiseleva<\/strong> de la <strong>Asociaci\u00f3n de Complejos Vacacionales y Tur\u00edsticos<\/strong>, se\u00f1al\u00f3 que Canc\u00fan actualmente presenta n\u00fameros similares a los que se alcanz\u00f3 en 2018 y 2019, momento previo a la pandemia y defini\u00f3 este estatus como una recuperaci\u00f3n que compar\u00f3 con otros pa\u00edses en los cuales el turismo ha sido uno de los sectores menos favorecidos con las medidas de seguridad sanitarias que cada pa\u00eds tom\u00f3.<\/p>\n<p>En entrevista se\u00f1al\u00f3 que son las zonas tur\u00edsticas de playa las que se han recuperado de una formidable manera y asegur\u00f3 que esto se puede ver cuando se desborda la ocupaci\u00f3n y comienza a llegar la ocupaci\u00f3n al centro de la poblaci\u00f3n, en este sentido se\u00f1al\u00f3 que los hoteles del centro de <strong>Canc\u00fan<\/strong> se han comenzado a llenar debido a que hay m\u00e1s demanda en estos \u00faltimos d\u00edas previos al verano.<\/p>\n<p>Respecto al problema de<strong> sargazo<\/strong> la tambi\u00e9n experta en mercadotecnia se\u00f1al\u00f3 que esta situaci\u00f3n hasta el momento no representa un problema en las ventas, pues se ha vendido la temporada de verano correspondiente los siguientes meses y dijo que los turistas est\u00e1n conscientes de que es un problema mundial que invade a todo el caribe y que esto lo ven como un asunto secundario por lo que se fijan m\u00e1s en las condiciones de <a rel=\"nofollow noopener\" target=\"_blank\" href=\"https:\/\/qroo.gob.mx\/sesa\">salud y seguridad<\/a>\u00a0que son las que realmente influyen.<\/p>\n<p>Acotur indic\u00f3 que en este momento la mayor cantidad de turistas que llegan al destino son de <strong>Estados Unidos <\/strong>y son personas que tienen tiempo queriendo hacer sus viajes, esto debido a que por mucho tiempo estuvieron encerrados, adem\u00e1s los describe como gente con gran poder adquisitivo o sea con gran presupuesto.<\/p>\n<h2>\u00a0Sargazo no preocupa a turistas<\/h2>\n<div>\n<figure class=\"image\"> <amp-img alt=\"Sargazo en segundo t\u00e9rmino para turistas, salud y seguridad es prioridad, ACOTUR\" layout=\"responsive\" src=\"https:\/\/laverdadnoticias.com\/__export\/1625183824673\/sites\/laverdad\/img\/2021\/07\/01\/turismo.jpg_537570756.jpg\" width=\"480\" height=\"319\" class=\"i-amphtml-layout-responsive i-amphtml-layout-size-defined\" i-amphtml-layout=\"responsive\"><i-amphtml-sizer style=\"display:block;padding-top:66.4583%\"\/><\/amp-img><figcaption> Sargazo en segundo t\u00e9rmino para turistas, salud y seguridad es prioridad, ACOTUR <\/figcaption><\/figure>\n<\/p><\/div>\n<p>En otros aspectos tambi\u00e9n se\u00f1alaron la importancia de las agencias de viaje y los complejos vacacionales que son los que han reportado una recuperaci\u00f3n importante en el turismo pues representan de un 25 a 30 por ciento del turismo complete que llega al <strong>Caribe Mexicano<\/strong>.<\/p>\n<p>Actualmente el sem\u00e1foro naranja ha limitado la capacidad de aforo que se tiene en los hoteles sin embargo se\u00f1alaron que la mitad de los hoteles han solicitado a la Secretar\u00eda de Turismo el permiso especial para ampliar la capacidad del lugar 20 por ciento m\u00e1s, es decir 70 por ciento de ocupaci\u00f3n en cada uno de los hoteles, adem\u00e1s refiri\u00f3 que hay m\u00e1s capacidad debido a la apertura de los nuevos complejos hoteleros en <a rel=\"nofollow noopener\" target=\"_blank\" href=\"https:\/\/laverdadnoticias.com\/quintanaroo\/Cancun-El-primer-hotel-Planet-Hollywood-en-Mexico-abre-sus-puertas-20210206-0155.html\">Costa Mujeres<\/a> y <strong>Playa Mujeres<\/strong>.<\/p>\n<p>\u00a1S\u00edguenos en , <a rel=\"nofollow noopener\" target=\"_blank\" href=\"http:\/\/bit.ly\/FB-La-Verdad-Noticias\">Facebook<\/a> y <a rel=\"nofollow noopener\" target=\"_blank\" href=\"http:\/\/bit.ly\/TW-La-Verdad-Noticias\">Twitter<\/a> para mantenerte informado con las noticias de hoy!<\/p>\n<\/div>\n\n<p><em> &#8221; Fuentes laverdadnoticias.com &#8221; <\/em><\/p>\n","protected":false},"excerpt":{"rendered":"<p>Anna Kiseleva de la Asociaci\u00f3n de Complejos Vacacionales y Tur\u00edsticos, se\u00f1al\u00f3 que Canc\u00fan actualmente presenta n\u00fameros similares a los que se alcanz\u00f3 en 2018 y 2019, momento previo a la pandemia y defini\u00f3 este estatus como una recuperaci\u00f3n que compar\u00f3 con otros pa\u00edses en los cuales el turismo ha sido uno de los sectores menos [&hellip;]<\/p>\n","protected":false},"author":4,"featured_media":150964,"comment_status":"open","ping_status":"closed","sticky":false,"template":"","format":"standard","meta":{"om_disable_all_campaigns":false,"jnews-multi-image_gallery":[],"jnews_single_post":[],"jnews_primary_category":[],"jnews_social_meta":[],"footnotes":""},"categories":[40],"tags":[2010,1064,544],"class_list":["post-150963","post","type-post","status-publish","format-standard","has-post-thumbnail","hentry","category-industria","tag-cancun","tag-quintana-roo","tag-turismo"],"_links":{"self":[{"href":"https:\/\/dimensionturistica.com\/es\/wp-json\/wp\/v2\/posts\/150963","targetHints":{"allow":["GET"]}}],"collection":[{"href":"https:\/\/dimensionturistica.com\/es\/wp-json\/wp\/v2\/posts"}],"about":[{"href":"https:\/\/dimensionturistica.com\/es\/wp-json\/wp\/v2\/types\/post"}],"author":[{"embeddable":true,"href":"https:\/\/dimensionturistica.com\/es\/wp-json\/wp\/v2\/users\/4"}],"replies":[{"embeddable":true,"href":"https:\/\/dimensionturistica.com\/es\/wp-json\/wp\/v2\/comments?post=150963"}],"version-history":[{"count":0,"href":"https:\/\/dimensionturistica.com\/es\/wp-json\/wp\/v2\/posts\/150963\/revisions"}],"wp:featuredmedia":[{"embeddable":true,"href":"https:\/\/dimensionturistica.com\/es\/wp-json\/wp\/v2\/media\/150964"}],"wp:attachment":[{"href":"https:\/\/dimensionturistica.com\/es\/wp-json\/wp\/v2\/media?parent=150963"}],"wp:term":[{"taxonomy":"category","embeddable":true,"href":"https:\/\/dimensionturistica.com\/es\/wp-json\/wp\/v2\/categories?post=150963"},{"taxonomy":"post_tag","embeddable":true,"href":"https:\/\/dimensionturistica.com\/es\/wp-json\/wp\/v2\/tags?post=150963"}],"curies":[{"name":"wp","href":"https:\/\/api.w.org\/{rel}","templated":true}]}}