{"id":150853,"date":"2021-07-01T20:25:29","date_gmt":"2021-07-01T20:25:29","guid":{"rendered":"https:\/\/dimensionturistica.com\/es\/?p=150853"},"modified":"2021-07-01T20:25:29","modified_gmt":"2021-07-01T20:25:29","slug":"gobierno-inicia-jornada-permanente-de-vacunacion-en-pedernales","status":"publish","type":"post","link":"https:\/\/dimensionturistica.com\/es\/gobierno-inicia-jornada-permanente-de-vacunacion-en-pedernales\/","title":{"rendered":"Gobierno inicia jornada permanente de vacunaci\u00f3n en Pedernales"},"content":{"rendered":"<p> <br \/>\n<\/p>\n<div mlnid=\"idcon=16735718;order=7.0\">\n<p>En continuidad con las acciones para alcanzar la inmunidad colectiva frente el COVID-19, el Gobierno Nacional, a trav\u00e9s de diferentes entidades p\u00fablicas realizar\u00e1 una jornada permanente en la provincia de Pedernales, con la participaci\u00f3n de alianzas p\u00fablico-privada y de toda la sociedad cicil, con el objetivo de declarar pronto esta provincia protegida ante el COVID19 y asi pueda avanzar en los planes de desarrollo tur\u00edstico.<\/p>\n<p>La jornada especial de vacunaci\u00f3n inicia desde el jueves el primero de Julio y ser\u00e1 permanente hasta lograr la inmunidad de reba\u00f1o. El programa de actividades abarca casas por casas, caravanas de motivaci\u00f3n, perifoneo simult\u00e1neo, recorrido de fortalecimiento y supervisi\u00f3n de centros, visita de personalidades y altos funcionarios a los centros de vacunaci\u00f3n de Pedernales para monitorear el proceso.<\/p>\n<p>Pedernales cuenta con una poblaci\u00f3n de 40, 513 (2015), de los cuales se estar\u00e1n habilitando centros de vacunaci\u00f3n en los municipios de Pedernales y Oviedo y los distritos Municipales de Jose Francisco Gomez, Juancho con el objetivo de inocular 5,000 pedernalense en tiempo document.<\/p>\n<p>Pedernales es una provincia de amplia vocacion turistica, potencial que el Gobierno del Presidente Luis Abinader ha decidido potenciar a travez del Grasp Plan de Pedernales, que incluye la insalacion de 11 grandes coroportaciones hoteleras, la consttruccion de un aeropuerto internacional y el desarrollo de un Plan de Ordenamiento Territorial de Pedernales, entre otras grandes inversiones.<\/p>\n<p>Estos detalles fueron ofrecidos en una conferencia de prensa realizada en las instalaciones del Consejo Nacional de Competitividad en presencia de representantes de las entidades que forman parte de la jornada de vacunaci\u00f3n.<\/p>\n<p>Las entidades que suman esfuerzo en esta jornada de inoculaci\u00f3n en Pedernales son Ministerio de Salud, Ministerio Administrativo de la Presidencia- MAPRE, Ministerio de Educaci\u00f3n- MINERD, Unidad de Evaluaci\u00f3n y Seguimiento de los Proyectos \u2013 UESP, Ministerio de Turismo, Consejo Nacional de la Competitividad, Superintendencia de Electricidad.<\/p>\n<p>As\u00ed como la Direcci\u00f3n Common de Desarrollo de la Comunidad &#8211; DGDC, Direcci\u00f3n de Alianzas P\u00fablicos Privadas, Consejo Nacional de la Reglamentaci\u00f3n de la Industria Lechera, Conaleche, Confederaci\u00f3n Nacional de Productores Agropecuarios &#8211; Confenagro, Direcci\u00f3n Common de Ganader\u00eda \u2013 Digega, Instituto de Desarrollo del Suroeste Indesur, Coordinadora Nacional de Productores de Cacao Conacado, Cruz Roja Dominicana, Visi\u00f3n Mundial y Comedores Econ\u00f3micos, entre otros.<\/p>\n<\/p><\/div>\n\n<p><em> &#8221; Fuentes www.diariolibre.com &#8221; <\/em><\/p>\n","protected":false},"excerpt":{"rendered":"<p>En continuidad con las acciones para alcanzar la inmunidad colectiva frente el COVID-19, el Gobierno Nacional, a trav\u00e9s de diferentes entidades p\u00fablicas realizar\u00e1 una jornada permanente en la provincia de Pedernales, con la participaci\u00f3n de alianzas p\u00fablico-privada y de toda la sociedad cicil, con el objetivo de declarar pronto esta provincia protegida ante el COVID19 [&hellip;]<\/p>\n","protected":false},"author":4,"featured_media":150854,"comment_status":"open","ping_status":"closed","sticky":false,"template":"","format":"standard","meta":{"om_disable_all_campaigns":false,"jnews-multi-image_gallery":[],"jnews_single_post":[],"jnews_primary_category":[],"jnews_social_meta":[],"footnotes":""},"categories":[40],"tags":[1429],"class_list":["post-150853","post","type-post","status-publish","format-standard","has-post-thumbnail","hentry","category-industria","tag-santo-domingo"],"_links":{"self":[{"href":"https:\/\/dimensionturistica.com\/es\/wp-json\/wp\/v2\/posts\/150853","targetHints":{"allow":["GET"]}}],"collection":[{"href":"https:\/\/dimensionturistica.com\/es\/wp-json\/wp\/v2\/posts"}],"about":[{"href":"https:\/\/dimensionturistica.com\/es\/wp-json\/wp\/v2\/types\/post"}],"author":[{"embeddable":true,"href":"https:\/\/dimensionturistica.com\/es\/wp-json\/wp\/v2\/users\/4"}],"replies":[{"embeddable":true,"href":"https:\/\/dimensionturistica.com\/es\/wp-json\/wp\/v2\/comments?post=150853"}],"version-history":[{"count":0,"href":"https:\/\/dimensionturistica.com\/es\/wp-json\/wp\/v2\/posts\/150853\/revisions"}],"wp:featuredmedia":[{"embeddable":true,"href":"https:\/\/dimensionturistica.com\/es\/wp-json\/wp\/v2\/media\/150854"}],"wp:attachment":[{"href":"https:\/\/dimensionturistica.com\/es\/wp-json\/wp\/v2\/media?parent=150853"}],"wp:term":[{"taxonomy":"category","embeddable":true,"href":"https:\/\/dimensionturistica.com\/es\/wp-json\/wp\/v2\/categories?post=150853"},{"taxonomy":"post_tag","embeddable":true,"href":"https:\/\/dimensionturistica.com\/es\/wp-json\/wp\/v2\/tags?post=150853"}],"curies":[{"name":"wp","href":"https:\/\/api.w.org\/{rel}","templated":true}]}}