{"id":149483,"date":"2021-06-30T02:00:53","date_gmt":"2021-06-30T02:00:53","guid":{"rendered":"https:\/\/dimensionturistica.com\/es\/?p=149483"},"modified":"2021-06-30T02:00:54","modified_gmt":"2021-06-30T02:00:54","slug":"se-agrava-la-crisis-de-las-agencias-de-viaje","status":"publish","type":"post","link":"https:\/\/dimensionturistica.com\/es\/se-agrava-la-crisis-de-las-agencias-de-viaje\/","title":{"rendered":"Se agrava la crisis de las agencias de viaje"},"content":{"rendered":"<p> <br \/>\n<\/p>\n<div id=\"cuerpo-nota\">\n<p><strong>Las agencias de turismo sufrieron\u00a0un nuevo rev\u00e9s tras el DNU presidencial que establece un cupo de ingreso al pa\u00eds de 600 pasajeros diarios hasta el 9 de julio.<\/strong>\u00a0\u0093El turismo del que viven las agencias no existe m\u00e1s\u0094, dijo Silvia Harguindeguy, due\u00f1a de una conocida agencia de viajes de la capital neuquina.\u00a0<\/p>\n<p>En di\u00e1logo con 24\/7 Canal de Noticias, reiter\u00f3 su rechazo hacia la nueva decisi\u00f3n que tom\u00f3 Alberto Fern\u00e1ndez para frenar el ingreso de la nueva variante Delta:<em> &#8220;Esto es le peor de los escenarios que hemos tenido, m\u00e1s all\u00e1 de lo que pas\u00f3 en la pandemia, cuando tuvimos que resolver los varados de todo el mundo&#8221;<\/em>.<\/p>\n<aside class=\"relacionadas con-foto\">\n<h5>Noticias Relacionadas<\/h5>\n<\/aside>\n<p>&#8220;Todo el mundo hace la cuarentena, los cierres, los 10 d\u00edas de cuarentena pero es una cosa previsible, ayer llegamos a la agencia y nos quer\u00edamos matar. Esa gente va a perder los boletos, el da\u00f1o que genera no se puede creer&#8221;, expres\u00f3 al criticar la poca anticipaci\u00f3n con la se comunic\u00f3 el DNU y expres\u00f3 que deber\u00edan poner mayor foco en el management, m\u00e1s que en las prohibiciones.<\/p>\n<p>Con respecto a la temporada de invierno, Harguindeguy fue contundente: &#8220;La\u00a0temporada de invierno va a ser un fracaso porque la gente a argentina no quiere venir, somos un pa\u00eds complicado y poco previsible&#8221;. &#8220;Si queremos un turismo serio, hay que ser un pa\u00eds serio&#8221;, concluy\u00f3.<\/p>\n<p><strong>Mir\u00e1 la nota completa:<\/strong><\/p>\n<p>\u00a0<\/p>\n<\/div>\n\n<p><em> &#8221; Fuentes www.mejorinformado.com &#8221; <\/em><\/p>\n","protected":false},"excerpt":{"rendered":"<p>Las agencias de turismo sufrieron\u00a0un nuevo rev\u00e9s tras el DNU presidencial que establece un cupo de ingreso al pa\u00eds de 600 pasajeros diarios hasta el 9 de julio.\u00a0\u0093El turismo del que viven las agencias no existe m\u00e1s\u0094, dijo Silvia Harguindeguy, due\u00f1a de una conocida agencia de viajes de la capital neuquina.\u00a0 En di\u00e1logo con 24\/7 [&hellip;]<\/p>\n","protected":false},"author":4,"featured_media":149484,"comment_status":"open","ping_status":"closed","sticky":false,"template":"","format":"standard","meta":{"om_disable_all_campaigns":false,"jnews-multi-image_gallery":[],"jnews_single_post":[],"jnews_primary_category":[],"jnews_social_meta":[],"footnotes":""},"categories":[40],"tags":[55,2855],"class_list":["post-149483","post","type-post","status-publish","format-standard","has-post-thumbnail","hentry","category-industria","tag-coronavirus","tag-restricciones"],"_links":{"self":[{"href":"https:\/\/dimensionturistica.com\/es\/wp-json\/wp\/v2\/posts\/149483","targetHints":{"allow":["GET"]}}],"collection":[{"href":"https:\/\/dimensionturistica.com\/es\/wp-json\/wp\/v2\/posts"}],"about":[{"href":"https:\/\/dimensionturistica.com\/es\/wp-json\/wp\/v2\/types\/post"}],"author":[{"embeddable":true,"href":"https:\/\/dimensionturistica.com\/es\/wp-json\/wp\/v2\/users\/4"}],"replies":[{"embeddable":true,"href":"https:\/\/dimensionturistica.com\/es\/wp-json\/wp\/v2\/comments?post=149483"}],"version-history":[{"count":0,"href":"https:\/\/dimensionturistica.com\/es\/wp-json\/wp\/v2\/posts\/149483\/revisions"}],"wp:featuredmedia":[{"embeddable":true,"href":"https:\/\/dimensionturistica.com\/es\/wp-json\/wp\/v2\/media\/149484"}],"wp:attachment":[{"href":"https:\/\/dimensionturistica.com\/es\/wp-json\/wp\/v2\/media?parent=149483"}],"wp:term":[{"taxonomy":"category","embeddable":true,"href":"https:\/\/dimensionturistica.com\/es\/wp-json\/wp\/v2\/categories?post=149483"},{"taxonomy":"post_tag","embeddable":true,"href":"https:\/\/dimensionturistica.com\/es\/wp-json\/wp\/v2\/tags?post=149483"}],"curies":[{"name":"wp","href":"https:\/\/api.w.org\/{rel}","templated":true}]}}