{"id":149409,"date":"2021-06-29T23:02:00","date_gmt":"2021-06-29T23:02:00","guid":{"rendered":"https:\/\/dimensionturistica.com\/es\/?p=149409"},"modified":"2021-06-29T23:02:00","modified_gmt":"2021-06-29T23:02:00","slug":"situacion-de-cada-empresa-que-sale-y-vuelve-al-pais","status":"publish","type":"post","link":"https:\/\/dimensionturistica.com\/es\/situacion-de-cada-empresa-que-sale-y-vuelve-al-pais\/","title":{"rendered":"situaci\u00f3n de cada empresa que sale y vuelve al pa\u00eds"},"content":{"rendered":"<p> <br \/>\n<\/p>\n<div id=\"202106290014\">\n<p>El <b>Gobierno de la Naci\u00f3n Argentina<\/b>\u00a0decidi\u00f3 tomar algunas medidas en cuanto a los viajes al exterior debido a la nueva cepa de <b>coronavirus<\/b>\u00a0que hay en el pa\u00eds. Lo cierto es que la variante\u00a0<strong>Delta<\/strong>\u00a0tiene consecuencias m\u00e1s perjudiciales en cuanto a salud, surgido en naciones del extranjero, y es por eso que los mandatarios determinaron cambios en los\u00a0<strong>vuelos y viajes internacionales<\/strong>, algo que modific\u00f3 completamente la agenda de las empresas de Aerol\u00edneas que llegan o salen de suelo argentino.<\/p>\n<p><a rel=\"nofollow noopener\" target=\"_blank\" href=\"https:\/\/bolavip.com\/ar\/otros\/Restricciones-en-las-fronteras-anunciadas-por-Carla-Vizzotti-junto-con-nuevo-DNU-solo-600-personas-desde-el-exterior-nuevas-medidas-por-variante-delta-de-COVID-19-F22-20210625-0044.html\"><strong>+Restricciones en las fronteras: Carla Vizzoti anunci\u00f3 nuevas medidas para turistas hasta el 9 de julio<\/strong><\/a><\/p>\n<div style=\"text-align:center\">\n<figure class=\"image\" style=\"display: inline-block; margin: 0;\"> <amp-img src=\"https:\/\/bolavip.com\/export\/sites\/bolavip\/img\/2021\/06\/29\/screenshot_1.jpg_1957754275.jpg\" alt=\"\" width=\"596\" height=\"796\" layout=\"intrinsic\" class=\"i-amphtml-layout-intrinsic i-amphtml-layout-size-defined\" i-amphtml-layout=\"intrinsic\"><i-amphtml-sizer class=\"i-amphtml-sizer\"><img decoding=\"async\" alt=\"\" aria-hidden=\"true\" class=\"i-amphtml-intrinsic-sizer\" role=\"presentation\" src=\"data:image\/svg+xml;base64,PHN2ZyBoZWlnaHQ9Ijc5NiIgd2lkdGg9IjU5NiIgeG1sbnM9Imh0dHA6Ly93d3cudzMub3JnLzIwMDAvc3ZnIiB2ZXJzaW9uPSIxLjEiLz4=\"\/><\/i-amphtml-sizer><\/amp-img><figcaption\/> <\/figure>\n<\/p><\/div>\n<p>Recordemos las medidas en cuanto la situaci\u00f3n tur\u00edstica internacional que rigen desde el\u00a0<strong>lunes 28 de junio<\/strong>:\u00a0<\/p>\n<ul>\n<li>Las fronteras siguen cerradas para el turismo (ninguna persona que quiera entrar al pa\u00eds con ese objetivo podr\u00e1).<\/li>\n<li>Los vuelos provenientes de Reino Unido, Chile, Brasil, India, pa\u00edses africanos y Turqu\u00eda siguen suspendidos.<\/li>\n<li>Tan solo 600 personas podr\u00e1n entrar diaramente al pa\u00eds.<\/li>\n<li>Los ingresantes al pa\u00eds tendr\u00e1n que aislarse en hoteles de CADA durante 10 d\u00edas (el precio de la estad\u00eda estar\u00e1 a cargo de los pasajeros).<\/li>\n<li>Pasajeros deber\u00e1n declarar los lugares donde estuvieron los 14 d\u00edas previos al viaje.<\/li>\n<li>Todo tipo de viaje recreativo qued\u00f3 suspendido.<\/li>\n<li>Al arribar a Ezeiza deber\u00e1n pagar una prueba ant\u00edgenos, el cual tiene precio de 2.500 pesos.<\/li>\n<li>El\u00a0ingreso\u00a0a la Rep\u00fablica Argentina es solo para ciudadanos argentinos y residentes extranjeros en Argentina.<\/li>\n<\/ul>\n<p>Con todas estas medidas, lo cierto es que las empresas aeroportuarias tuvieron que modificar su agenda en cuanto a los viajes que puedan efectuar professional fuera del pa\u00eds, como tambi\u00e9n aquellos que deban volver aqu\u00ed.\u00a0<\/p>\n<h2>\u00bfCu\u00e1l es la situaci\u00f3n en los vuelos de las distintas empresas que salen y vuelven de Argentina?<\/h2>\n<p><em><strong>Aclaraci\u00f3n: la nota se ir\u00e1 actualizando en base a las confirmaciones. (Fuente: aviaci\u00f3nonline)<\/strong><\/em><\/p>\n<h3>Aerol\u00edneas Argentinas<\/h3>\n<p>1 y 8 de julio; desde Buenos Aires (Aeroparque) a Asunci\u00f3n (ASU) y viceversa.<\/p>\n<p>4 de julio; desde Buenos Aires (Ezeiza) a Bogot\u00e1 (BOG).<\/p>\n<p>5 de julio; desde Bogot\u00e1 (BOG) a Buenos Aires (Ezeiza).<\/p>\n<p>3 y 10 de julio; desde Buenos Aires (Aeroparque) a Lima (LIM).<\/p>\n<p>4 y 11 de julio; desde Lima (LIM) a Buenos Aires (Aeroparque).<\/p>\n<p>9 y 11 de julio; desde Buenos Aires (Ezeiza) a Madrid (MAD).<\/p>\n<p>2 y 11 de julio; desde Madrid (MAD) a Buenos Aires (Ezeiza).<\/p>\n<p>1, 3, 5 y 11 de julio; desde Buenos Aires (Ezeiza) a Miami (MIA).<\/p>\n<p>3, 5, 7 de julio; desde Miami (MIA) a Buenos Aires (Ezeiza).<\/p>\n<h3>Aerom\u00e9xico<\/h3>\n<p>3 y 11 de julio; desde Ciudad de M\u00e9xico (MEX) a Buenos Aires (EZE).<\/p>\n<p>4 y 12 de julio; desde Buenos Aires (EZE) a Ciudad de M\u00e9xico (MEX).<\/p>\n<h3>Air\u00a0Canada<\/h3>\n<p>Por ahora, no espera retornar hasta noviembre de 2021.<\/p>\n<h3>Air Europa<\/h3>\n<p>29 de junio, 5 y 10 de julio; desde Madrid (MAD) a Buenos Aires (Ezeiza).<\/p>\n<p>29 de junio, 5, 6, 8 y 10 de julio; desde Buenos Aires (Ezeiza) a Madrid (MAD).<\/p>\n<h3>Air France<\/h3>\n<p>1 y 8 de julio; desde Par\u00eds (CDG) a Buenos Aires (Ezeiza).<\/p>\n<p>4, 5, 8 y 10 de julio; desde Buenos Aires (Ezeiza) a Par\u00eds (CDG).<\/p>\n<h3>Alitalia<\/h3>\n<p>Por ahora, no espera retornar hasta septiembre de 2021.<\/p>\n<h3>American Airways<\/h3>\n<p>30 de junio, 1, 2, 3, 4, 6, 8, 9, 10 y 11 de julio; desde Miami (MIA) a Buenos Aires (Ezeiza).<\/p>\n<p>1, 2, 3, 4, 5, 7, 9, 10, 11 y 12 de julio; desde Buenos Aires (Ezeiza) a Miami (MIA) y viceversa.<\/p>\n<p>10 de julio; desde Nueva York (JFK) a Buenos Aires (Ezeiza).<\/p>\n<p>11 de julio; desde Buenos Aires (Ezeiza) a Nueva York (JFK).<\/p>\n<p>Los vuelos a Dallas\/Fort Price quedan suspendidos.<\/p>\n<h3>Avianca<\/h3>\n<p>8 de julio; desde Bogot\u00e1 (BOG) a Buenos Aires (Ezeiza); incluido sus conexiones.<\/p>\n<p>9 de julio; desde Buenos Aires (Ezeiza) a Bogot\u00e1 (BOG); incluido sus conexiones.<\/p>\n<h3>Boliviana de Aviaci\u00f3n<\/h3>\n<p>6 de julio; desde Santa Cruz de la Sierra (VVI) a Buenos Aires (Ezeiza) y viceversa; incluido sus conexiones.<\/p>\n<h3>British Airways<\/h3>\n<p>Por ahora, no espera retornar hasta agosto de 2021.<\/p>\n<h3>COPA Airways<\/h3>\n<p>30 de junio y 6 de julio; desde Panam\u00e1 (PTY) a Buenos Aires (Ezeiza); incluido sus conexiones.<\/p>\n<p>7 de julio; desde Buenos Aires (Ezeiza) a Panam\u00e1 (PTY); incluido sus conexiones.<\/p>\n<h3>DELTA Air Strains<\/h3>\n<p>1 y 8 de julio; desde Atlanta (ATL) a Buenos Aires (Ezeiza); incluido sus conexiones.<\/p>\n<p>2, 4 y 9 de julio; desde Buenos Aires (Ezeiza) a Atlanta (ATL); incluido sus conexiones.<\/p>\n<h3>Ethiopian Airways<\/h3>\n<p>Por ahora, no espera retornar hasta noviembre de 2021.<\/p>\n<h3>GOL Linhas A\u00e9reas<\/h3>\n<p>Por ahora, no espera retornar hasta noviembre de 2021.<\/p>\n<h3>Iberia<\/h3>\n<p>6 y 11 de julio; desde Madrid (MAD) a Buenos Aires (EZE).<\/p>\n<p>2, 3, 4, 6, 8, 9, 10, 11; desde Buenos Aires (Ezeiza) a Madrid (MAD).<\/p>\n<h3>JetSMART<\/h3>\n<p>No hay informaci\u00f3n por ahora.<\/p>\n<h3>KLM Royal Dutch Airways<\/h3>\n<p>3 y 6 de julio; desde \u00c1msterdam (AMS) y Buenos Aires (Ezeiza).<\/p>\n<p>2, 4, 5, 7, 9 y 11 de julio; desde Buenos Aires (Ezeiza) a \u00c1msterdam (AMS).<\/p>\n<h3>LATAM\u00a0<\/h3>\n<p>1 de julio; desde Lima (LIM) a Buenos Aires (Ezeiza); incluido sus conexiones.<\/p>\n<p>2 de julio; desde Buenos Aires (Ezeiza) a Lima (LIM); incluido sus conexiones.<\/p>\n<h3>LEVEL<\/h3>\n<p><strong>TODOS <\/strong>los vuelos est\u00e1n cancelados hasta el 14 de julio.<\/p>\n<h3>Lufthansa<\/h3>\n<p>30 de junio y 7 de julio; desde Frankfurt (FRA) a Buenos Aires (Ezeiza); incluido sus conexiones.<\/p>\n<p>3 de julio y 10 de julio; desde Buenos Aires (Ezeiza) a Frankfurt (FRA); incluido sus conexiones.<\/p>\n<h3>Paranair<\/h3>\n<p>No hay informaci\u00f3n por ahora.<\/p>\n<h3>SKY Airline<\/h3>\n<p>No hay informaci\u00f3n por ahora.<\/p>\n<h3>United Airways<\/h3>\n<p>29 de junio y 6 de julio; desde Houston (IAH) a Buenos Aires (EZE).<\/p>\n<p>30 de junio, 2, 4, 7, 9 y 11 de julio; desde Buenos Aires (EZE) a Houston (IAH).<\/p>\n<h3>Turkish Airways<\/h3>\n<p>Por el momento, sin vuelos hasta el 9 de julio, aunque se aguardan confirmaciones<\/p>\n<\/div>\n\n<p><em> &#8221; Fuentes bolavip.com &#8221; <\/em><\/p>\n","protected":false},"excerpt":{"rendered":"<p>El Gobierno de la Naci\u00f3n Argentina\u00a0decidi\u00f3 tomar algunas medidas en cuanto a los viajes al exterior debido a la nueva cepa de coronavirus\u00a0que hay en el pa\u00eds. Lo cierto es que la variante\u00a0Delta\u00a0tiene consecuencias m\u00e1s perjudiciales en cuanto a salud, surgido en naciones del extranjero, y es por eso que los mandatarios determinaron cambios en [&hellip;]<\/p>\n","protected":false},"author":4,"featured_media":149410,"comment_status":"open","ping_status":"closed","sticky":false,"template":"","format":"standard","meta":{"om_disable_all_campaigns":false,"jnews-multi-image_gallery":[],"jnews_single_post":[],"jnews_primary_category":[],"jnews_social_meta":[],"footnotes":""},"categories":[39],"tags":[707],"class_list":["post-149409","post","type-post","status-publish","format-standard","has-post-thumbnail","hentry","category-viajes","tag-actualidad"],"_links":{"self":[{"href":"https:\/\/dimensionturistica.com\/es\/wp-json\/wp\/v2\/posts\/149409","targetHints":{"allow":["GET"]}}],"collection":[{"href":"https:\/\/dimensionturistica.com\/es\/wp-json\/wp\/v2\/posts"}],"about":[{"href":"https:\/\/dimensionturistica.com\/es\/wp-json\/wp\/v2\/types\/post"}],"author":[{"embeddable":true,"href":"https:\/\/dimensionturistica.com\/es\/wp-json\/wp\/v2\/users\/4"}],"replies":[{"embeddable":true,"href":"https:\/\/dimensionturistica.com\/es\/wp-json\/wp\/v2\/comments?post=149409"}],"version-history":[{"count":0,"href":"https:\/\/dimensionturistica.com\/es\/wp-json\/wp\/v2\/posts\/149409\/revisions"}],"wp:featuredmedia":[{"embeddable":true,"href":"https:\/\/dimensionturistica.com\/es\/wp-json\/wp\/v2\/media\/149410"}],"wp:attachment":[{"href":"https:\/\/dimensionturistica.com\/es\/wp-json\/wp\/v2\/media?parent=149409"}],"wp:term":[{"taxonomy":"category","embeddable":true,"href":"https:\/\/dimensionturistica.com\/es\/wp-json\/wp\/v2\/categories?post=149409"},{"taxonomy":"post_tag","embeddable":true,"href":"https:\/\/dimensionturistica.com\/es\/wp-json\/wp\/v2\/tags?post=149409"}],"curies":[{"name":"wp","href":"https:\/\/api.w.org\/{rel}","templated":true}]}}