{"id":149349,"date":"2021-06-29T21:16:30","date_gmt":"2021-06-29T21:16:30","guid":{"rendered":"https:\/\/dimensionturistica.com\/es\/?p=149349"},"modified":"2021-06-29T21:16:30","modified_gmt":"2021-06-29T21:16:30","slug":"inauguran-rehabilitacion-de-la-sala-de-emergencia-del-centro-de-salud-de-el-crucero","status":"publish","type":"post","link":"https:\/\/dimensionturistica.com\/es\/inauguran-rehabilitacion-de-la-sala-de-emergencia-del-centro-de-salud-de-el-crucero\/","title":{"rendered":"Inauguran rehabilitaci\u00f3n de la sala de emergencia del centro de salud de El Crucero"},"content":{"rendered":"<p> <br \/>\n<\/p>\n<div>\n<p>Autoridades locales del <strong>Ministerio de Salud<\/strong> inauguraron este martes la rehabilitaci\u00f3n del \u00e1rea de emergencia del centro de salud <strong>Nuestra Se\u00f1ora de las Victorias, del municipio de El Crucero.<\/strong><\/p>\n<p>En la rehabilitaci\u00f3n se invirti\u00f3 medio mill\u00f3n de c\u00f3rdobas, lo cual viene a facilitar una atenci\u00f3n a la poblaci\u00f3n con calidad y calidez en las atenciones de emergencia, problemas de presi\u00f3n alta, diabetes y otras dolencias.<\/p>\n<p><strong>Arturo M\u00e9ndez, Director del centro de salud de El Crucero,<\/strong> dijo que las atenciones de emergencia var\u00edan y a veces hasta por temporadas, pero a todos los pacientes se les atiende con calidad y calidez.<\/p>\n<p><img decoding=\"async\" src=\"https:\/\/dimensionturistica.com\/es\/wp-content\/uploads\/2021\/06\/Inauguran-rehabilitacion-de-la-sala-de-emergencia-del-centro-de.jpg\" alt=\"minsa\"\/><\/p>\n<p>En la entrega de la obra estuvo presente la <strong>Alcaldesa de El Crucero Adelaida Carri\u00f3n,<\/strong> quien dijo que estas obras son parte de la restituci\u00f3n de los derechos de salud a los nicarag\u00fcenses por parte del <strong>Gobierno de Reconciliaci\u00f3n y Unidad Nacional.<\/strong><\/p>\n<p>La pobladora Josefa Salgado, dio gracias a Dios y despu\u00e9s al Gobierno sandinista por la rehabilitaci\u00f3n de la emergencia y agreg\u00f3: <em>\u201cnosotros tenemos que tener paciencia a la hora de venir a recibir asistencia m\u00e9dica\u201d<\/em>.<\/p>\n<p><img decoding=\"async\" src=\"https:\/\/dimensionturistica.com\/es\/wp-content\/uploads\/2021\/06\/1625001358_686_Inauguran-rehabilitacion-de-la-sala-de-emergencia-del-centro-de.jpg\" alt=\"minsa\"\/><\/p>\n<p><img decoding=\"async\" src=\"https:\/\/dimensionturistica.com\/es\/wp-content\/uploads\/2021\/06\/1625001360_712_Inauguran-rehabilitacion-de-la-sala-de-emergencia-del-centro-de.jpg\" alt=\"minsa\"\/><\/p>\n<p><img decoding=\"async\" src=\"https:\/\/dimensionturistica.com\/es\/wp-content\/uploads\/2021\/06\/1625001363_212_Inauguran-rehabilitacion-de-la-sala-de-emergencia-del-centro-de.jpg\" alt=\"minsa\"\/><\/p>\n<p><img decoding=\"async\" src=\"https:\/\/dimensionturistica.com\/es\/wp-content\/uploads\/2021\/06\/1625001365_516_Inauguran-rehabilitacion-de-la-sala-de-emergencia-del-centro-de.jpg\" alt=\"minsa\"\/><\/p>\n<p><img decoding=\"async\" src=\"https:\/\/dimensionturistica.com\/es\/wp-content\/uploads\/2021\/06\/1625001368_952_Inauguran-rehabilitacion-de-la-sala-de-emergencia-del-centro-de.jpg\" alt=\"minsa\"\/><\/p>\n<p><img decoding=\"async\" src=\"https:\/\/dimensionturistica.com\/es\/wp-content\/uploads\/2021\/06\/1625001371_828_Inauguran-rehabilitacion-de-la-sala-de-emergencia-del-centro-de.jpg\" alt=\"minsa\"\/><\/p>\n<p><img decoding=\"async\" src=\"https:\/\/dimensionturistica.com\/es\/wp-content\/uploads\/2021\/06\/1625001373_759_Inauguran-rehabilitacion-de-la-sala-de-emergencia-del-centro-de.jpg\" alt=\"minsa\"\/><\/p>\n<p><img decoding=\"async\" src=\"https:\/\/dimensionturistica.com\/es\/wp-content\/uploads\/2021\/06\/1625001377_503_Inauguran-rehabilitacion-de-la-sala-de-emergencia-del-centro-de.jpg\" alt=\"minsa\"\/><\/p>\n<p><img decoding=\"async\" src=\"https:\/\/dimensionturistica.com\/es\/wp-content\/uploads\/2021\/06\/1625001380_533_Inauguran-rehabilitacion-de-la-sala-de-emergencia-del-centro-de.jpg\" alt=\"minsa\"\/><\/p>\n<p><img decoding=\"async\" src=\"https:\/\/dimensionturistica.com\/es\/wp-content\/uploads\/2021\/06\/1625001382_896_Inauguran-rehabilitacion-de-la-sala-de-emergencia-del-centro-de.jpg\" alt=\"minsa\"\/><\/p>\n<p><img decoding=\"async\" src=\"https:\/\/dimensionturistica.com\/es\/wp-content\/uploads\/2021\/06\/1625001385_109_Inauguran-rehabilitacion-de-la-sala-de-emergencia-del-centro-de.jpg\" alt=\"minsa\"\/><\/p>\n<p><img decoding=\"async\" src=\"https:\/\/dimensionturistica.com\/es\/wp-content\/uploads\/2021\/06\/1625001388_444_Inauguran-rehabilitacion-de-la-sala-de-emergencia-del-centro-de.jpg\" alt=\"minsa\"\/><\/p>\n<p>            <!-- \/\/\/\/\/\/\/Social Network shared and Links\/\/\/\/\/\/\/\/\/ --><\/p><\/div>\n<p><script>(function(d, s, id) {\n\t  var js, fjs = d.getElementsByTagName(s)[0];\n\t  if (d.getElementById(id)) return;\n\t  js = d.createElement(s); js.id = id;\n\t  js.src = \"\/\/connect.facebook.net\/es_LA\/sdk.js#xfbml=1&appId=595006310565831&version=v2.0\";\n\t  fjs.parentNode.insertBefore(js, fjs);\n\t}(document, 'script', 'facebook-jssdk'));<\/script><br \/>\n<br \/><\/p>\n<p><em> &#8221; Fuentes www.el19digital.com &#8221; <\/em><\/p>\n","protected":false},"excerpt":{"rendered":"<p>Autoridades locales del Ministerio de Salud inauguraron este martes la rehabilitaci\u00f3n del \u00e1rea de emergencia del centro de salud Nuestra Se\u00f1ora de las Victorias, del municipio de El Crucero. En la rehabilitaci\u00f3n se invirti\u00f3 medio mill\u00f3n de c\u00f3rdobas, lo cual viene a facilitar una atenci\u00f3n a la poblaci\u00f3n con calidad y calidez en las atenciones [&hellip;]<\/p>\n","protected":false},"author":4,"featured_media":149350,"comment_status":"open","ping_status":"closed","sticky":false,"template":"","format":"standard","meta":{"om_disable_all_campaigns":false,"jnews-multi-image_gallery":[],"jnews_single_post":[],"jnews_primary_category":[],"jnews_social_meta":[],"footnotes":""},"categories":[41],"tags":[14383,14382,26609],"class_list":["post-149349","post","type-post","status-publish","format-standard","has-post-thumbnail","hentry","category-cruceros","tag-centro-de-salud","tag-el-crucero","tag-sala-de-emergencia"],"_links":{"self":[{"href":"https:\/\/dimensionturistica.com\/es\/wp-json\/wp\/v2\/posts\/149349","targetHints":{"allow":["GET"]}}],"collection":[{"href":"https:\/\/dimensionturistica.com\/es\/wp-json\/wp\/v2\/posts"}],"about":[{"href":"https:\/\/dimensionturistica.com\/es\/wp-json\/wp\/v2\/types\/post"}],"author":[{"embeddable":true,"href":"https:\/\/dimensionturistica.com\/es\/wp-json\/wp\/v2\/users\/4"}],"replies":[{"embeddable":true,"href":"https:\/\/dimensionturistica.com\/es\/wp-json\/wp\/v2\/comments?post=149349"}],"version-history":[{"count":0,"href":"https:\/\/dimensionturistica.com\/es\/wp-json\/wp\/v2\/posts\/149349\/revisions"}],"wp:featuredmedia":[{"embeddable":true,"href":"https:\/\/dimensionturistica.com\/es\/wp-json\/wp\/v2\/media\/149350"}],"wp:attachment":[{"href":"https:\/\/dimensionturistica.com\/es\/wp-json\/wp\/v2\/media?parent=149349"}],"wp:term":[{"taxonomy":"category","embeddable":true,"href":"https:\/\/dimensionturistica.com\/es\/wp-json\/wp\/v2\/categories?post=149349"},{"taxonomy":"post_tag","embeddable":true,"href":"https:\/\/dimensionturistica.com\/es\/wp-json\/wp\/v2\/tags?post=149349"}],"curies":[{"name":"wp","href":"https:\/\/api.w.org\/{rel}","templated":true}]}}