{"id":149019,"date":"2021-06-29T11:51:47","date_gmt":"2021-06-29T11:51:47","guid":{"rendered":"https:\/\/dimensionturistica.com\/es\/?p=149019"},"modified":"2021-06-29T11:51:47","modified_gmt":"2021-06-29T11:51:47","slug":"una-apuesta-regional-de-anato-para-reactivar-el-turismo-el-universal","status":"publish","type":"post","link":"https:\/\/dimensionturistica.com\/es\/una-apuesta-regional-de-anato-para-reactivar-el-turismo-el-universal\/","title":{"rendered":"Una apuesta regional de Anato para reactivar el turismo | EL UNIVERSAL"},"content":{"rendered":"<p> <br \/>\n<\/p>\n<div mlnid=\"idcon=4777735;order=7.0\">\n<p><span class=\"mln_uppercase_mln\">A<\/span>nato Cap\u00edtulo Caribe, un gremio que aglutina a las agencias de viaje y turismo, le apuesta a la reactivaci\u00f3n econ\u00f3mica en cinco departamentos de la costa norte colombiana impulsando cuatro segmentos tur\u00edsticos de manera regional y articulada.<\/p>\n<p>La iniciativa, que avanza en la fase de recolecci\u00f3n de datos, se propone trabajar la promoci\u00f3n tur\u00edstica de la regi\u00f3n a trav\u00e9s de cuatro segmentos de turismo: gastronom\u00eda, naturaleza, folclor y etnias\/comunidades.<\/p>\n<p>Este proyecto involucrar\u00e1 a cinco departamentos de la regi\u00f3n Caribe: Atl\u00e1ntico, Bol\u00edvar, Magdalena, Cesar y La Guajira.<\/p>\n<p>El proyecto cuenta con el apoyo del Ministerio de Industria, Comercio y Turismo, a trav\u00e9s de Innpulsa Colombia.<\/p>\n<p>En 2020, durante el aislamiento preventivo obligatorio vigente, Anato Cap\u00edtulo Caribe present\u00f3 un proyecto a la convocatoria Innovacl\u00faster de Innpulsa Colombia, con el fin de fortalecer los cl\u00fasters de turismo y la oferta tur\u00edstica de la regi\u00f3n Caribe, el cual fue aprobado, explic\u00f3 Carlos Arturo Portilla, presidente de la Junta Directiva del Cap\u00edtulo Caribe de Anato.<\/p>\n<p>\u201cLa idea es apoyar el proceso de reactivaci\u00f3n, y desde el Cap\u00edtulo tenemos la visi\u00f3n de que como regi\u00f3n nos vendemos mucho mejor, teniendo en cuenta que un turismo que est\u00e9 posicionado puede ser jalonador de otros destinos que apenas est\u00e1n creciendo. La visi\u00f3n del proyecto es ver c\u00f3mo trabajamos de forma integral y articulada entre los departamentos para esa promoci\u00f3n tur\u00edstica, creando esos cuatro segmentos de turismo, esas rutas de gastronom\u00eda, naturaleza, folclor y etnias y comunidad\u201d, enfatiz\u00f3 Portilla.<\/p>\n<p>A\u00f1adi\u00f3 que \u201cconsideramos que esos segmentos tienen un hilo conductor en toda la costa Caribe, y se complementan, la idea no es ser mon\u00f3tonos y repetir las experiencias en cada destino, sino ofrecer variedad, distintas experiencias, creando paquetes para recorrer la costa Caribe teniendo experiencias diferentes\u201d.<\/p>\n<\/p><\/div>\n<div mlnid=\"idcon=4777735;order=7.9\">\n<p>Inicialmente Anato Caribe hab\u00eda previsto cerrar la convocatoria para presentar experiencias en los cuatro segmentos se\u00f1alados hasta el pasado 20 de junio, pero esta se ampli\u00f3 hasta ma\u00f1ana. La invitaci\u00f3n es para las agencias de viajes y operadores tur\u00edsticos formalmente constituidos.<\/p>\n<p>Se espera que a closing de este a\u00f1o se tenga listo el primer borrador de la propuesta, para luego avanzar en las capacitaciones, para luego pensar en los empaquetamientos.<\/p>\n<\/p><\/div>\n<div mlnid=\"idcon=4777740;order=16.0\"> <span><\/p>\n<p>Un reciente informe de Balanza de Pagos del Banco de la Rep\u00fablica revela que la entrada de divisas al pa\u00eds por concepto de viajes y transporte a\u00e9reo de pasajeros en el primer trimestre de 2021 fue de USD $520,2 millones, lo que signific\u00f3 una reactivaci\u00f3n del 29% en comparaci\u00f3n con el mismo periodo de 2019.<\/p>\n<p>Lo anterior muestra se\u00f1ales positivas teniendo en cuenta que en el cuarto trimestre de 2020 se report\u00f3 una reactivaci\u00f3n del 16%, al compararse con los mismos meses de 2019. \u201cEs importante seguir trabajando por la integraci\u00f3n entre el sector p\u00fablico y privado para en conjunto seguir impulsando el turismo receptivo a trav\u00e9s de campa\u00f1as de promoci\u00f3n. Debemos mostrar el potencial de nuestros destinos, que se han adaptado a las condiciones de la nueva normalidad y que cuentan con protocolos de bioseguridad\u201d, explic\u00f3 Paula Cort\u00e9s Calle, presidente ejecutiva de Anato. <\/p>\n<p>La dirigente agreg\u00f3 que \u201ces fundamental estimular un mayor gasto del turista y multiplicar el crecimiento de nuestra actividad\u201d.<\/p>\n<p><\/span> <\/div>\n<p><script>\/*<![CDATA[*\/(function(e,a,f){var c,b=e.getElementsByTagName(a)[0];if(e.getElementById(f)){return}c=e.createElement(a);c.id=f;c.src=\"https:\/\/connect.facebook.net\/es_LA\/sdk.js#xfbml=1&#038;version=v3.2&#038;appId=1434085360147717&#038;autoLogAppEvents=1\";b.parentNode.insertBefore(c,b)}(document,\"script\",\"facebook-jssdk\"));\/*]]>*\/<\/script><br \/>\n<br \/><\/p>\n<p><em> &#8221; Fuentes www.eluniversal.com.co &#8221; <\/em><\/p>\n","protected":false},"excerpt":{"rendered":"<p>Anato Cap\u00edtulo Caribe, un gremio que aglutina a las agencias de viaje y turismo, le apuesta a la reactivaci\u00f3n econ\u00f3mica en cinco departamentos de la costa norte colombiana impulsando cuatro segmentos tur\u00edsticos de manera regional y articulada. La iniciativa, que avanza en la fase de recolecci\u00f3n de datos, se propone trabajar la promoci\u00f3n tur\u00edstica de [&hellip;]<\/p>\n","protected":false},"author":4,"featured_media":149020,"comment_status":"open","ping_status":"closed","sticky":false,"template":"","format":"standard","meta":{"om_disable_all_campaigns":false,"jnews-multi-image_gallery":[],"jnews_single_post":[],"jnews_primary_category":[],"jnews_social_meta":[],"footnotes":""},"categories":[40],"tags":[544],"class_list":["post-149019","post","type-post","status-publish","format-standard","has-post-thumbnail","hentry","category-industria","tag-turismo"],"_links":{"self":[{"href":"https:\/\/dimensionturistica.com\/es\/wp-json\/wp\/v2\/posts\/149019","targetHints":{"allow":["GET"]}}],"collection":[{"href":"https:\/\/dimensionturistica.com\/es\/wp-json\/wp\/v2\/posts"}],"about":[{"href":"https:\/\/dimensionturistica.com\/es\/wp-json\/wp\/v2\/types\/post"}],"author":[{"embeddable":true,"href":"https:\/\/dimensionturistica.com\/es\/wp-json\/wp\/v2\/users\/4"}],"replies":[{"embeddable":true,"href":"https:\/\/dimensionturistica.com\/es\/wp-json\/wp\/v2\/comments?post=149019"}],"version-history":[{"count":0,"href":"https:\/\/dimensionturistica.com\/es\/wp-json\/wp\/v2\/posts\/149019\/revisions"}],"wp:featuredmedia":[{"embeddable":true,"href":"https:\/\/dimensionturistica.com\/es\/wp-json\/wp\/v2\/media\/149020"}],"wp:attachment":[{"href":"https:\/\/dimensionturistica.com\/es\/wp-json\/wp\/v2\/media?parent=149019"}],"wp:term":[{"taxonomy":"category","embeddable":true,"href":"https:\/\/dimensionturistica.com\/es\/wp-json\/wp\/v2\/categories?post=149019"},{"taxonomy":"post_tag","embeddable":true,"href":"https:\/\/dimensionturistica.com\/es\/wp-json\/wp\/v2\/tags?post=149019"}],"curies":[{"name":"wp","href":"https:\/\/api.w.org\/{rel}","templated":true}]}}