{"id":148736,"date":"2021-06-28T22:13:09","date_gmt":"2021-06-28T22:13:09","guid":{"rendered":"https:\/\/dimensionturistica.com\/es\/?p=148736"},"modified":"2021-06-28T22:13:09","modified_gmt":"2021-06-28T22:13:09","slug":"inician-pruebas-con-primeros-semaforos-de-la-calle-cuauhtemoc-en-guasave","status":"publish","type":"post","link":"https:\/\/dimensionturistica.com\/es\/inician-pruebas-con-primeros-semaforos-de-la-calle-cuauhtemoc-en-guasave\/","title":{"rendered":"Inician pruebas con primeros sem\u00e1foros de la Calle Cuauht\u00e9moc, en Guasave"},"content":{"rendered":"<p> <br \/>\n<\/p>\n<div itemprop=\"text\">\n<div class=\"paragraph\" mlnid=\"idcon=802459;order=9.0\">\n<p>GUASAVE._ Este lunes iniciaron pruebas con los sem\u00e1foros de dos de los nueve cruceros de la Calle Cuauht\u00e9moc, en donde se instalan estos dispositivos de management vial, inform\u00f3 Mauricio L\u00f3pez Parra.<\/p>\n<p>El director normal de Obras y Servicios P\u00fablicos del Ayuntamiento de Guasave explic\u00f3 que los dos cruceros donde est\u00e1n ya encendidos es en los cruces de las avenidas Benigno Valenzuela y Antonio Norzagaray, aunque ya qued\u00f3 terminada la instalaci\u00f3n en los cruces de Francisco I. Madero, Ignacio Zaragoza y Juan Carrasco.<\/p>\n<p>\u201cEntre hoy y ma\u00f1ana queda el sexto listo, que es el de la Vicente Guerrero, y a la par empezamos el de la Guillermo Nelson. Nos faltar\u00edan Santos Degollado y bulevar Central, que calculo que en unos 15 d\u00edas deber\u00e1n estar totalmente culminados y con esto dar cumplimiento a los nueve cruceros\u201d, coment\u00f3 el funcionario.<\/p>\n<\/p><\/div>\n<div class=\"paragraph\" mlnid=\"idcon=802487;order=13.0\">\n<p>En los dos cruces donde est\u00e1n en fase de prueba, L\u00f3pez Parra indic\u00f3 que est\u00e1n en flash rojo de alto para quienes circulan por las avenidas y en amarillo preventivo para quienes lo hacen por la Cuauht\u00e9moc.<\/p>\n<p>\u201cLa finalidad es que los conductores vayan habitu\u00e1ndose a los sem\u00e1foros y que llegado el momento, cuando se pongan en funcionamiento, ya est\u00e9n acostumbrados\u201d, expres\u00f3.<\/p>\n<p>El director de Obras P\u00fablicas subray\u00f3 que estos equipos cuentan con tecnolog\u00eda led, por lo que ser\u00e1n muy visibles los colores para los conductores.<\/p>\n<p>Una vez que queden instalados los equipos en los nueve cruceros corresponder\u00e1 a la delegaci\u00f3n de Vialidad y Transportes dejarlos sincronizados, ya que van en serie, de tal manera que sea muy fluida la circulaci\u00f3n por la calle Cuauht\u00e9moc en ambos sentidos.<\/p>\n<\/p><\/div>\n<div class=\"paragraph\" mlnid=\"idcon=802489;order=17.0\">\n<p>\u201cPara eficientar el uso de la calle deber\u00e1n quedar sincronizados, para no provocar caos viales, y sobre todo un mejor control de los veh\u00edculos, por lo que estamos seguros que con esto va a mejorar todo y disminuir\u00e1n los incidentes que se han presentado\u201d, manifest\u00f3.<\/p>\n<p>La necesidad de equipamiento de esta vialidad se dio despu\u00e9s de que con la inauguraci\u00f3n del nuevo puente sobre el R\u00edo Sinaloa qued\u00f3 habilitada en doble sentido.<\/p>\n<\/p><\/div><\/div>\n\n<p><em> &#8221; Fuentes www.noroeste.com.mx &#8221; <\/em><\/p>\n","protected":false},"excerpt":{"rendered":"<p>GUASAVE._ Este lunes iniciaron pruebas con los sem\u00e1foros de dos de los nueve cruceros de la Calle Cuauht\u00e9moc, en donde se instalan estos dispositivos de management vial, inform\u00f3 Mauricio L\u00f3pez Parra. El director normal de Obras y Servicios P\u00fablicos del Ayuntamiento de Guasave explic\u00f3 que los dos cruceros donde est\u00e1n ya encendidos es en los [&hellip;]<\/p>\n","protected":false},"author":4,"featured_media":148737,"comment_status":"open","ping_status":"closed","sticky":false,"template":"","format":"standard","meta":{"om_disable_all_campaigns":false,"jnews-multi-image_gallery":[],"jnews_single_post":[],"jnews_primary_category":[],"jnews_social_meta":[],"footnotes":""},"categories":[41],"tags":[19619],"class_list":["post-148736","post","type-post","status-publish","format-standard","has-post-thumbnail","hentry","category-cruceros","tag-reyes-ivan-camacho"],"_links":{"self":[{"href":"https:\/\/dimensionturistica.com\/es\/wp-json\/wp\/v2\/posts\/148736","targetHints":{"allow":["GET"]}}],"collection":[{"href":"https:\/\/dimensionturistica.com\/es\/wp-json\/wp\/v2\/posts"}],"about":[{"href":"https:\/\/dimensionturistica.com\/es\/wp-json\/wp\/v2\/types\/post"}],"author":[{"embeddable":true,"href":"https:\/\/dimensionturistica.com\/es\/wp-json\/wp\/v2\/users\/4"}],"replies":[{"embeddable":true,"href":"https:\/\/dimensionturistica.com\/es\/wp-json\/wp\/v2\/comments?post=148736"}],"version-history":[{"count":0,"href":"https:\/\/dimensionturistica.com\/es\/wp-json\/wp\/v2\/posts\/148736\/revisions"}],"wp:featuredmedia":[{"embeddable":true,"href":"https:\/\/dimensionturistica.com\/es\/wp-json\/wp\/v2\/media\/148737"}],"wp:attachment":[{"href":"https:\/\/dimensionturistica.com\/es\/wp-json\/wp\/v2\/media?parent=148736"}],"wp:term":[{"taxonomy":"category","embeddable":true,"href":"https:\/\/dimensionturistica.com\/es\/wp-json\/wp\/v2\/categories?post=148736"},{"taxonomy":"post_tag","embeddable":true,"href":"https:\/\/dimensionturistica.com\/es\/wp-json\/wp\/v2\/tags?post=148736"}],"curies":[{"name":"wp","href":"https:\/\/api.w.org\/{rel}","templated":true}]}}