{"id":148408,"date":"2021-06-28T14:00:48","date_gmt":"2021-06-28T14:00:48","guid":{"rendered":"https:\/\/dimensionturistica.com\/es\/?p=148408"},"modified":"2021-06-28T14:00:48","modified_gmt":"2021-06-28T14:00:48","slug":"objetivo-convertir-el-puerto-de-playa-blanca-en-el-segundo-muelle-de-cruceros-de-lanzarote","status":"publish","type":"post","link":"https:\/\/dimensionturistica.com\/es\/objetivo-convertir-el-puerto-de-playa-blanca-en-el-segundo-muelle-de-cruceros-de-lanzarote\/","title":{"rendered":"Objetivo: convertir el Puerto de Playa Blanca en el segundo muelle de cruceros de Lanzarote"},"content":{"rendered":"<p> <br \/>\n<\/p>\n<div id=\"\">\n<p><img decoding=\"async\" itemprop=\"image\" src=\"https:\/\/dimensionturistica.com\/es\/wp-content\/uploads\/2021\/06\/Objetivo-convertir-el-Puerto-de-Playa-Blanca-en-el-segundo.jpeg\"\/><\/p>\n<p>&#13;<\/p>\n<p><strong>Oswaldo Betancort cree basic no perder esta actividad tur\u00edstica y el beneficio que entra\u00f1ar\u00eda para la econom\u00eda insular<\/strong><\/p>\n<p>&#13;<br \/>\n &#13;<\/p>\n<p>\u00a0<\/p>\n<p>&#13;<\/p>\n<li class=\"texto\"><i class=\"fa fa-file-text-o\"\/>Lancelot Digital<\/li>\n<p>\u00a0&#13;<\/p>\n<p>\u00a0<\/p>\n<p>&#13;<\/p>\n<p>El diputado del Grupo Nacionalista (CC-PNC) por Lanzarote y La Graciosa, Oswaldo Betancort, ha trasladado al consejero de Obras P\u00fablicas de Canarias, la preocupaci\u00f3n del tejido empresarial tur\u00edstico de Lanzarote por el proyecto de mejora del puerto de Playa Blanca, as\u00ed como su futuro como muelle de cruceros, posicion\u00e1ndolo como segundo de la isla de Lanzarote, adem\u00e1s de la posibilidad de conectarlo con la avenida mar\u00edtima y zona comercial y de restauraci\u00f3n del pueblo sure\u00f1o.<\/p>\n<p>&#13;<\/p>\n<p>\u00a0<\/p>\n<p>&#13;<\/p>\n<p>&#8220;Se trata de un muelle primordial dentro del eje transinsular y uno de los m\u00e1s rentables de todos los puertos canarios&#8221;, asegura Betancort, &#8220;teniendo en cuenta que este muelle mov\u00eda m\u00e1s de un mill\u00f3n de pasajeros al a\u00f1o y m\u00e1s de 250 mil veh\u00edculos, seg\u00fan datos de 2019&#8221;.<\/p>\n<p>&#13;<\/p>\n<p>\u00a0<\/p>\n<p>&#13;<\/p>\n<p>&#8220;Lo que hoy queremos saber es, en primer lugar, si se cumplir\u00e1 con el plazo previsto para la ejecuci\u00f3n del proyecto y, por otro lado, qu\u00e9 tr\u00e1mites y acciones se han llevado a cabo para que una vez el puerto est\u00e9 terminado, puedan atracar cruceros de tama\u00f1o medio desde el primer d\u00eda&#8221;, manifest\u00f3 el diputado auton\u00f3mico, mostrando su sorpresa ante la respuesta del consejero.<\/p>\n<p>&#13;<\/p>\n<p>\u00a0<\/p>\n<p>&#13;<\/p>\n<p>&#8220;Nos llama negativamente la atenci\u00f3n que el se\u00f1or Franquis aluda a la falta de consenso de la sociedad lanzarote\u00f1a sobre la necesidad de que nuestra isla cuente con un segundo muelle de cruceros, cuesti\u00f3n que est\u00e1 sobradamente superada desde hace tiempo, toda vez que entendemos que el Cabildo de Lanzarote no se opondr\u00e1 jam\u00e1s a complementar la oferta tur\u00edstica de una isla que depende en exclusiva del turismo&#8221;. &#8220;Por tanto, esperamos que nadie reavive un conflicto resuelto desde hace ya muchos a\u00f1os, y que todas las administraciones canarias remen a favor del desarrollo de todas y cada una de las islas y del bienestar econ\u00f3mico de sus habitantes, porque lo que se espera de los dirigentes p\u00fablicos es que construyan y no destruyan&#8221;, sentenci\u00f3 Betancort.<\/p>\n<p>&#13;<\/p>\n<p>\u00a0<\/p>\n<p>&#13;<\/p>\n<p>El diputado insisti\u00f3 en que &#8220;ese debate est\u00e1 m\u00e1s que solventado y que ninguno de los agentes implicados duda de que habilitar el muelle de Playa Blanca como muelle de cruceros complementar\u00e1 la oferta que en este \u00e1mbito ofrece la isla, pues en la actualidad Lanzarote solo cuenta con el puerto de Arrecife y son muchas las veces que los cruceros tienen que irse sin poder atracar por no disponer de espacio suficiente&#8221;, asegura.<\/p>\n<p>&#13;<\/p>\n<p>\u00a0<\/p>\n<p>&#13;<\/p>\n<p>&#8220;El muelle de Playa Blanca vendr\u00eda a suplir esa carencia de espacio y facilitar\u00eda el que Lanzarote no pierda ni un solo crucero m\u00e1s, m\u00e1xime en los tiempos que corren donde nuestros comerciantes, restaurantes, taxistas, etc., necesitan urgentemente la recuperaci\u00f3n econ\u00f3mica&#8221;.<\/p>\n<p>&#13;<\/p>\n<p>\u00a0<\/p>\n<p>&#13;<\/p>\n<p>Por \u00faltimo, Oswaldo Betancort ha recordado este lunes al consejero Sebasti\u00e1n Franquis en comisi\u00f3n parlamentaria, &#8220;que dicha posibilidad supondr\u00eda un impacto positivo para la localidad de Playa Blanca y para toda la isla, pues desde all\u00ed saldr\u00edan m\u00faltiples excursiones hacia el resto de Lanzarote con la repercusi\u00f3n econ\u00f3mica que conlleva&#8221;. &#8220;Nos nos podemos permitir perder esta actividad tur\u00edstica y el beneficio que entra\u00f1ar\u00eda para la econom\u00eda insular&#8221;, ha concluido Betancort.<\/p>\n<\/p><\/div>\n<p><script src=\"https:\/\/connect.facebook.net\/es_ES\/all.js#xfbml=1\" type=\"text\/javascript\"><\/script><script type=\"text\/javascript\">\n\/\/<![CDATA[\n   \twindow.fbAsyncInit = function() {\n\t\tFB.init({ appId: '171342606239806', \n\t\t\tstatus: true, \n\t\t\tcookie: true,\n\t\t\txfbml: true,\n\t\t\toauth: true\n\t\t});\n   \t\t    \n\t  \t\t};\n    \/\/      \n    jQuery(window).load(function() {\n    \t(function(){\n    \t\tif(!document.getElementById('fb-root')) {\n    \t\t\tvar root = document.createElement('div');\n    \t\t\troot.id = 'fb-root';\n    \t\t\tdocument.getElementById('gkfb-root').appendChild(root);\n    \t\t\tvar e = document.createElement('script');\n    \t\t\te.src = document.location.protocol + '\/\/connect.facebook.net\/es_ES\/all.js';\n    \t\t\te.async = true;\n    \t\t\tdocument.getElementById('fb-root').appendChild(e);\n    \t\t}  \n    \t})();\n    });\n    \/\/]]>\n<\/script><br \/>\n<br \/><\/p>\n<p><em> &#8221; Fuentes www.lancelotdigital.com &#8221; <\/em><\/p>\n","protected":false},"excerpt":{"rendered":"<p>&#13; Oswaldo Betancort cree basic no perder esta actividad tur\u00edstica y el beneficio que entra\u00f1ar\u00eda para la econom\u00eda insular &#13; &#13; \u00a0 &#13; Lancelot Digital \u00a0&#13; \u00a0 &#13; El diputado del Grupo Nacionalista (CC-PNC) por Lanzarote y La Graciosa, Oswaldo Betancort, ha trasladado al consejero de Obras P\u00fablicas de Canarias, la preocupaci\u00f3n del tejido empresarial [&hellip;]<\/p>\n","protected":false},"author":4,"featured_media":148409,"comment_status":"open","ping_status":"closed","sticky":false,"template":"","format":"standard","meta":{"om_disable_all_campaigns":false,"jnews-multi-image_gallery":[],"jnews_single_post":[],"jnews_primary_category":[],"jnews_social_meta":[],"footnotes":""},"categories":[41],"tags":[946],"class_list":["post-148408","post","type-post","status-publish","format-standard","has-post-thumbnail","hentry","category-cruceros","tag-lancelot-digital-noticias-lanzarote-diario-digital-periodico-canarias-sucesos-deportes-cultura-vida-social-opinion-semanario-revista"],"_links":{"self":[{"href":"https:\/\/dimensionturistica.com\/es\/wp-json\/wp\/v2\/posts\/148408","targetHints":{"allow":["GET"]}}],"collection":[{"href":"https:\/\/dimensionturistica.com\/es\/wp-json\/wp\/v2\/posts"}],"about":[{"href":"https:\/\/dimensionturistica.com\/es\/wp-json\/wp\/v2\/types\/post"}],"author":[{"embeddable":true,"href":"https:\/\/dimensionturistica.com\/es\/wp-json\/wp\/v2\/users\/4"}],"replies":[{"embeddable":true,"href":"https:\/\/dimensionturistica.com\/es\/wp-json\/wp\/v2\/comments?post=148408"}],"version-history":[{"count":0,"href":"https:\/\/dimensionturistica.com\/es\/wp-json\/wp\/v2\/posts\/148408\/revisions"}],"wp:featuredmedia":[{"embeddable":true,"href":"https:\/\/dimensionturistica.com\/es\/wp-json\/wp\/v2\/media\/148409"}],"wp:attachment":[{"href":"https:\/\/dimensionturistica.com\/es\/wp-json\/wp\/v2\/media?parent=148408"}],"wp:term":[{"taxonomy":"category","embeddable":true,"href":"https:\/\/dimensionturistica.com\/es\/wp-json\/wp\/v2\/categories?post=148408"},{"taxonomy":"post_tag","embeddable":true,"href":"https:\/\/dimensionturistica.com\/es\/wp-json\/wp\/v2\/tags?post=148408"}],"curies":[{"name":"wp","href":"https:\/\/api.w.org\/{rel}","templated":true}]}}