{"id":148306,"date":"2021-06-28T09:30:42","date_gmt":"2021-06-28T09:30:42","guid":{"rendered":"https:\/\/dimensionturistica.com\/es\/?p=148306"},"modified":"2021-06-28T09:30:42","modified_gmt":"2021-06-28T09:30:42","slug":"las-playas-de-aguas-cristalinas-mas-bonitas-de-espana","status":"publish","type":"post","link":"https:\/\/dimensionturistica.com\/es\/las-playas-de-aguas-cristalinas-mas-bonitas-de-espana\/","title":{"rendered":"Las playas de aguas cristalinas m\u00e1s bonitas de Espa\u00f1a"},"content":{"rendered":"<p> <br \/>\n<\/p>\n<div id=\"article-body-content\" data-action=\"toggle\" data-status=\"on\">\n<p id=\"paragraph_1\"><strong>Espa\u00f1a<\/strong> cuenta casi con 8.000 kil\u00f3metros de costa entre los que, adem\u00e1s de las mejores rutas en moto para recorrerla, tambi\u00e9n encontramos algunas de <a rel=\"nofollow noopener\" target=\"_blank\" href=\"https:\/\/www.elespanol.com\/ciencia\/medio-ambiente\/20190626\/mejores-playas-espana\/408959641_0.html\">las mejores playas de Espa\u00f1a<\/a>. Playas y calas incluso conocidas m\u00e1s all\u00e1 de nuestras fronteras, debido a su gran belleza y tambi\u00e9n por sus limpias aguas cristalinas o su enviornment blanca o dorada, capaz de trasladarnos al mism\u00edsimo Caribe por unas horas. Playas y calas perfectas para tomar el sol y para disfrutar de esos primeros chapuzones del a\u00f1o, a las que te acercamos con este listado de las playas con aguas cristalinas m\u00e1s bonitas de Espa\u00f1a.<\/p>\n<p id=\"paragraph_2\">Doce playas ideales para todos aquellos que ya tengan la mirada puesta en las vacaciones de verano y en los que, adem\u00e1s de entornos naturales espectaculares, tambi\u00e9n encontrar\u00e1s los mejores destinos para la pr\u00e1ctica de buceo, surf, snorkel o incluso una de las mejores opciones para hacer una parada y darte un chapuz\u00f3n, si haces <a rel=\"nofollow noopener\" target=\"_blank\" href=\"https:\/\/www.elespanol.com\/ocio\/mejores-rutas-buscadas-viajar-autocaravana-norte-espana-viajes-turismo\/580693693_0.html\">una ruta en autocaravana por la costa norte<\/a>. Te presentamos las playas que so\u00f1ar\u00e1s con visitar este verano.<\/p>\n<h3 class=\"content__summary-title\"><strong>Estas son las playas con aguas cristalinas m\u00e1s bonitas de Espa\u00f1a:<\/strong><\/h3>\n<h3 class=\"content__summary-title\"><strong>Playa de Berrell\u00edn o Barnejo (Cantabria)<\/strong><\/h3>\n<p id=\"paragraph_3\">La Playa de Berrell\u00edn o Barnejo se encuentra en la costa occidental de Cantabria y a menos de 7 km de San Vicente de la Barquera. Una bonita playa que, adem\u00e1s de por las particulares <strong>formaciones k\u00e1rsticas y la abundante vegetaci\u00f3n<\/strong> de su paisaje, se caracteriza por sus limpias aguas cristalinas. Una opci\u00f3n perfecta para grandes y peque\u00f1os, ya que adem\u00e1s de formarse peque\u00f1as pozas cuando la marea est\u00e1 baja, en la zona de la orilla cubre muy poco. El acceso a la playa es \u00fanico para peatones y antes de llegar a ella encontrar\u00e1s un bonito mirador en el que disfrutar del entorno tan id\u00edlico que rodea a este arenal. Una opci\u00f3n excellent tambi\u00e9n para aquellos que quieran disfrutar de la costa norte de Espa\u00f1a viajando en camper, furgoneta o autocaravana, ya que tambi\u00e9n cuenta con un aparcamiento privado que te asegurar\u00e1 las mejores vistas.<\/p>\n<div class=\"article-media \" itemscope=\"\" itemtype=\"http:\/\/schema.org\/ImageObject\">\n<p><img decoding=\"async\" loading=\"lazy\" data-imgm=\"true\" src=\"https:\/\/s1.eestatic.com\/2021\/06\/14\/actualidad\/588954423_190447799_1024x576.jpg\" srcset=\"https:\/\/s1.eestatic.com\/2021\/06\/14\/actualidad\/588954423_190447802_320x180.jpg 320w, https:\/\/s1.eestatic.com\/2021\/06\/14\/actualidad\/588954423_190447801_640x360.jpg 640w, https:\/\/s1.eestatic.com\/2021\/06\/14\/actualidad\/588954423_190447800_864x486.jpg 864w, https:\/\/s1.eestatic.com\/2021\/06\/14\/actualidad\/588954423_190447799_1024x576.jpg 1024w, https:\/\/s1.eestatic.com\/2021\/06\/14\/actualidad\/588954423_190447798_1706x960.jpg 1706w\" sizes=\"auto, (max-width: 479px) 100vw, (max-width: 1023px) 80vw, 40vw\" width=\"320\" height=\"180\" alt=\"Playa de Berrell\u00edn o Barnejo\"\/><\/p>\n<div class=\"article-media__caption\">\n<p>\n                    <span class=\"article-media__caption-description\"><br \/>\n                                    Playa de Berrell\u00edn o Barnejo<br \/>\n                            <\/span><\/p>\n<\/div><\/div>\n<h3 class=\"content__summary-title\"><strong>Playa de La Carnota (La Coru\u00f1a)<\/strong><\/h3>\n<p id=\"paragraph_4\">Con nada menos que 7 km de longitud, la Playa de La Carnota est\u00e1 considerada la m\u00e1s larga de Galicia y sus dimensiones en bajamar pueden llegar a superar los 500 m de ancho en algunas zonas. <strong>Uno de los espacios naturales de mayor inter\u00e9s ecol\u00f3gico<\/strong> y paisaj\u00edstico de Galicia, gracias tambi\u00e9n a su zona de marismas y dunas, la cual se encarga de dar cobijo a una gran variedad de aves migratorias y flora end\u00e9mica. En cuanto a su playa, enviornment blanca, aguas cristalinas y el paisaje \u00fanico del monte Pindo, se encargan de convertirla en otra de esas visitas imprescindibles en tierras gallegas.<\/p>\n<div class=\"article-media \" itemscope=\"\" itemtype=\"http:\/\/schema.org\/ImageObject\">\n<p><img decoding=\"async\" loading=\"lazy\" data-imgm=\"true\" src=\"https:\/\/s1.eestatic.com\/2021\/06\/14\/actualidad\/588954424_190448930_1024x576.jpg\" srcset=\"https:\/\/s1.eestatic.com\/2021\/06\/14\/actualidad\/588954424_190448933_320x180.jpg 320w, https:\/\/s1.eestatic.com\/2021\/06\/14\/actualidad\/588954424_190448932_640x360.jpg 640w, https:\/\/s1.eestatic.com\/2021\/06\/14\/actualidad\/588954424_190448931_864x486.jpg 864w, https:\/\/s1.eestatic.com\/2021\/06\/14\/actualidad\/588954424_190448930_1024x576.jpg 1024w, https:\/\/s1.eestatic.com\/2021\/06\/14\/actualidad\/588954424_190448929_1706x960.jpg 1706w\" sizes=\"auto, (max-width: 479px) 100vw, (max-width: 1023px) 80vw, 40vw\" width=\"320\" height=\"180\" alt=\"Playa de La Carnota\"\/><\/p><\/div>\n<h3 class=\"content__summary-title\"><strong>Playa Nosa Se\u00f1ora (C\u00edes)<\/strong><\/h3>\n<p id=\"paragraph_5\">A continuaci\u00f3n de la bonita Playa de Bolos encontrar\u00e1s la Playa Nosa Se\u00f1ora en las Islas C\u00edes, una peque\u00f1a <strong>playa de aguas cristalinas y protegida de los vientos del norte<\/strong>, que cuenta con una llamativa enviornment blanca y brillante, debido a los numerosos minerales que contiene y que encontrar\u00e1s rodeada de rocas y con las mejores vistas del Islote de Vi\u00f1os. Una opci\u00f3n de playa excellent tambi\u00e9n para los aficionados al buceo o simplemente snorkel.<\/p>\n<div class=\"article-media \" itemscope=\"\" itemtype=\"http:\/\/schema.org\/ImageObject\">\n<p><img decoding=\"async\" loading=\"lazy\" data-imgm=\"true\" src=\"https:\/\/s1.eestatic.com\/2021\/06\/14\/actualidad\/588954425_190449453_1024x576.jpg\" srcset=\"https:\/\/s1.eestatic.com\/2021\/06\/14\/actualidad\/588954425_190449457_320x180.jpg 320w, https:\/\/s1.eestatic.com\/2021\/06\/14\/actualidad\/588954425_190449456_640x360.jpg 640w, https:\/\/s1.eestatic.com\/2021\/06\/14\/actualidad\/588954425_190449454_864x486.jpg 864w, https:\/\/s1.eestatic.com\/2021\/06\/14\/actualidad\/588954425_190449453_1024x576.jpg 1024w, https:\/\/s1.eestatic.com\/2021\/06\/14\/actualidad\/588954425_190449451_1706x960.jpg 1706w\" sizes=\"auto, (max-width: 479px) 100vw, (max-width: 1023px) 80vw, 40vw\" width=\"320\" height=\"180\" alt=\"Playa Nosa Se\u00f1ora\"\/><\/p><\/div>\n<h3 class=\"content__summary-title\"><strong>Playa del Silencio (Asturias)<\/strong><\/h3>\n<p id=\"paragraph_6\">Sin duda, una de las playas m\u00e1s especiales de la zona norte de Espa\u00f1a y una de las visitas imprescindibles para los amantes de las playas y para aquellos que planean pasarse por tierras asturianas. En ella no encontrar\u00e1s socorristas, ni chiringuitos, ni tampoco duchas, pero lo que s\u00ed encontrar\u00e1s ser\u00e1 un paisaje \u00fanico e impresionante marcado por <strong>imponentes formaciones rocosas, aguas de shade verde esmeralda<\/strong> y en este caso, piedras que se encargan de sustituir a la enviornment. Un paisaje capaz de dejar sin palabras a todo aquel que se acerque a contemplarla desde cerca o bien desde su impresionante mirador, que encontrar\u00e1s en lo alto del acantilado.<\/p>\n<div class=\"article-media \" itemscope=\"\" itemtype=\"http:\/\/schema.org\/ImageObject\">\n<p><img decoding=\"async\" loading=\"lazy\" data-imgm=\"true\" src=\"https:\/\/s1.eestatic.com\/2021\/06\/14\/actualidad\/588954431_190452295_1024x576.jpg\" srcset=\"https:\/\/s1.eestatic.com\/2021\/06\/14\/actualidad\/588954431_190452300_320x180.jpg 320w, https:\/\/s1.eestatic.com\/2021\/06\/14\/actualidad\/588954431_190452298_640x360.jpg 640w, https:\/\/s1.eestatic.com\/2021\/06\/14\/actualidad\/588954431_190452296_864x486.jpg 864w, https:\/\/s1.eestatic.com\/2021\/06\/14\/actualidad\/588954431_190452295_1024x576.jpg 1024w, https:\/\/s1.eestatic.com\/2021\/06\/14\/actualidad\/588954431_190452294_1706x960.jpg 1706w\" sizes=\"auto, (max-width: 479px) 100vw, (max-width: 1023px) 80vw, 40vw\" width=\"320\" height=\"180\" alt=\"Playa del Silencio\"\/><\/p><\/div>\n<h3 class=\"content__summary-title\"><strong>Cala Culip (Girona)<\/strong><\/h3>\n<p id=\"paragraph_7\">Uno de esos parajes buc\u00f3licos imprescindibles y en este caso tambi\u00e9n desconocidos de la Costa Brava, es la Cala Culip situada a pocos kil\u00f3metros del faro del Cap de Creus en Girona.<strong> Una peque\u00f1a cala profunda y de fondo rocoso<\/strong> en la que tambi\u00e9n podr\u00e1s disfrutar de aguas cristalinas, pero a la vez tambi\u00e9n de un paisaje rocoso \u00fanico repleto de caprichosas formas que han sido el resultado de la erosi\u00f3n del viento y el agua durante a\u00f1os. Una playa imprescindible y seguro que inolvidable, a la que solo se puede acceder a pie o bien en barco y que tambi\u00e9n es perfecta para los amantes del snorkel o el buceo o simplemente de la historia, y es que en ella se han llegado a encontrar naufragios de barcos fenicios, griegos y romanos.<\/p>\n<div class=\"article-media \" itemscope=\"\" itemtype=\"http:\/\/schema.org\/ImageObject\">\n<p><img decoding=\"async\" loading=\"lazy\" data-imgm=\"true\" src=\"https:\/\/s1.eestatic.com\/2021\/06\/14\/actualidad\/588954432_190453107_1024x576.jpg\" srcset=\"https:\/\/s1.eestatic.com\/2021\/06\/14\/actualidad\/588954432_190453110_320x180.jpg 320w, https:\/\/s1.eestatic.com\/2021\/06\/14\/actualidad\/588954432_190453109_640x360.jpg 640w, https:\/\/s1.eestatic.com\/2021\/06\/14\/actualidad\/588954432_190453108_864x486.jpg 864w, https:\/\/s1.eestatic.com\/2021\/06\/14\/actualidad\/588954432_190453107_1024x576.jpg 1024w, https:\/\/s1.eestatic.com\/2021\/06\/14\/actualidad\/588954432_190453106_1706x960.jpg 1706w\" sizes=\"auto, (max-width: 479px) 100vw, (max-width: 1023px) 80vw, 40vw\" width=\"320\" height=\"180\" alt=\"Cala Culip\"\/><\/p><\/div>\n<h3 class=\"content__summary-title\"><strong>Playa de Ses Illetes (Formentera)<\/strong><\/h3>\n<p id=\"paragraph_8\">Una de las playas de Espa\u00f1a calificadas como una de las m\u00e1s bellas del mundo, esa es la playa de Ses Illetes en Formentera. Una playa ubicada dentro del Parque Pure de Ses Salines de Eivissa y Formentera y que encontrar\u00e1s en el extremo norte de la isla con<strong> m\u00e1s de 450 metros de playa divididos en dos<\/strong>, por una zona rocosa. Aguas tranquilas, poco profundas y de colores turquesas, que contrastan a la perfecci\u00f3n con la enviornment blanca de la orilla. Un aut\u00e9ntico paisaje paradis\u00edaco que tampoco deber\u00edas perderte.<\/p>\n<div class=\"article-media \" itemscope=\"\" itemtype=\"http:\/\/schema.org\/ImageObject\">\n<p><img decoding=\"async\" loading=\"lazy\" data-imgm=\"true\" src=\"https:\/\/s1.eestatic.com\/2021\/06\/14\/actualidad\/588954434_190453513_1024x576.jpg\" srcset=\"https:\/\/s1.eestatic.com\/2021\/06\/14\/actualidad\/588954434_190453516_320x180.jpg 320w, https:\/\/s1.eestatic.com\/2021\/06\/14\/actualidad\/588954434_190453515_640x360.jpg 640w, https:\/\/s1.eestatic.com\/2021\/06\/14\/actualidad\/588954434_190453514_864x486.jpg 864w, https:\/\/s1.eestatic.com\/2021\/06\/14\/actualidad\/588954434_190453513_1024x576.jpg 1024w, https:\/\/s1.eestatic.com\/2021\/06\/14\/actualidad\/588954434_190453512_1706x960.jpg 1706w\" sizes=\"auto, (max-width: 479px) 100vw, (max-width: 1023px) 80vw, 40vw\" width=\"320\" height=\"180\" alt=\"Playa de Ses Illetes\"\/><\/p><\/div>\n<h3 class=\"content__summary-title\"><strong>Cala Aig\u00fces Blanques (Ibiza)<\/strong><\/h3>\n<p id=\"paragraph_9\">Una de las favoritas de los residentes en la isla y que encontrar\u00e1s rodeada por altos acantilados y un entorno de naturaleza repleto de belleza. As\u00ed es la playa de Aig\u00fces Blanques, tambi\u00e9n conocida como playa de Aguas Blancas, en la que no faltan las <strong>aguas cristalinas acompa\u00f1adas por una enviornment dorada y fina<\/strong>. Una playa en este caso nudista y tambi\u00e9n perfecta para los amantes del bodysurf o del snorkel y que adem\u00e1s cuenta con una pendiente muy poco pronunciada dentro del agua, por lo que tendr\u00e1s que andar mucho para lograr que el agua consiga cubrirte. En cuanto a su nombre, este tiene que ver con la espuma de mar que se forma en los d\u00edas de mucho viento y cuando las olas rompen contra la enviornment. Otro aspecto curioso de esta cala, es que en ella es posible hacer ba\u00f1os de barro, ya que los acantilados que se encuentran a lo largo de la playa est\u00e1n formados por un mineral gris\u00e1ceo, que en contacto con el agua da como resultado un barro perfecto para extender por la piel aprovechando sus propiedades regenerativas.<\/p>\n<div class=\"article-media \" itemscope=\"\" itemtype=\"http:\/\/schema.org\/ImageObject\">\n<p><img decoding=\"async\" loading=\"lazy\" data-imgm=\"true\" src=\"https:\/\/s1.eestatic.com\/2021\/06\/14\/actualidad\/588954448_190455533_1024x576.jpg\" srcset=\"https:\/\/s1.eestatic.com\/2021\/06\/14\/actualidad\/588954448_190455539_320x180.jpg 320w, https:\/\/s1.eestatic.com\/2021\/06\/14\/actualidad\/588954448_190455537_640x360.jpg 640w, https:\/\/s1.eestatic.com\/2021\/06\/14\/actualidad\/588954448_190455535_864x486.jpg 864w, https:\/\/s1.eestatic.com\/2021\/06\/14\/actualidad\/588954448_190455533_1024x576.jpg 1024w, https:\/\/s1.eestatic.com\/2021\/06\/14\/actualidad\/588954448_190455531_1706x960.jpg 1706w\" sizes=\"auto, (max-width: 479px) 100vw, (max-width: 1023px) 80vw, 40vw\" width=\"320\" height=\"180\" alt=\"Cala Aig\u00fces Blanques\"\/><\/p><\/div>\n<h3 class=\"content__summary-title\"><strong>Cal\u00f3 des Moro (Mallorca)<\/strong><\/h3>\n<p id=\"paragraph_10\">Cal\u00f3 des Moro es una de esas playas que durante mucho tiempo fue una verdadera desconocida debido a la dificultad de su acceso, pero cuyas aguas transl\u00facidas y enviornment fina la han ido convirtiendo en una de las playas favoritas por los residentes y turistas que se acercan a Mallorca. Una playa con unos 40 metros de largo, que se extiende entre<strong> pronunciados acantilados<\/strong> y que se sit\u00faa al sureste de la isla, a unos 6 km del pueblo de Santany\u00ed. A esta playa, debido a su profundidad, tambi\u00e9n es posible acceder en barco y anclarlo en esta zona durante el d\u00eda.<\/p>\n<div class=\"article-media \" itemscope=\"\" itemtype=\"http:\/\/schema.org\/ImageObject\">\n<p><img decoding=\"async\" loading=\"lazy\" data-imgm=\"true\" src=\"https:\/\/s1.eestatic.com\/2021\/06\/14\/actualidad\/588954442_190454992_1024x576.jpg\" srcset=\"https:\/\/s1.eestatic.com\/2021\/06\/14\/actualidad\/588954442_190454995_320x180.jpg 320w, https:\/\/s1.eestatic.com\/2021\/06\/14\/actualidad\/588954442_190454994_640x360.jpg 640w, https:\/\/s1.eestatic.com\/2021\/06\/14\/actualidad\/588954442_190454993_864x486.jpg 864w, https:\/\/s1.eestatic.com\/2021\/06\/14\/actualidad\/588954442_190454992_1024x576.jpg 1024w, https:\/\/s1.eestatic.com\/2021\/06\/14\/actualidad\/588954442_190454991_1706x960.jpg 1706w\" sizes=\"auto, (max-width: 479px) 100vw, (max-width: 1023px) 80vw, 40vw\" width=\"320\" height=\"180\" alt=\"Cal\u00f3 des Moro\"\/><\/p><\/div>\n<h3 class=\"content__summary-title\"><strong>Playa de Anfi del Mar (Canarias)<\/strong><\/h3>\n<p id=\"paragraph_11\">En pleno barranco de la Verga, moldeada por singulares barrancos, aguas calmadas, cristalinas, enviornment blanca y un aspecto de playa paradisiaca, as\u00ed podr\u00eda describirse a esta playa en este caso synthetic que decidi\u00f3 construirse en los a\u00f1os 90 y que recrea el <strong>aspecto de las playas caribe\u00f1as a la perfecci\u00f3n<\/strong> y sin salir de Gran Canaria. Una de las playas m\u00e1s frecuentadas y preferidas por familias, debido a su oleaje m\u00ednimo y a la claridad de sus aguas.<\/p>\n<div class=\"article-media \" itemscope=\"\" itemtype=\"http:\/\/schema.org\/ImageObject\">\n<p><img decoding=\"async\" loading=\"lazy\" data-imgm=\"true\" src=\"https:\/\/s1.eestatic.com\/2021\/06\/14\/actualidad\/588954436_190454387_1024x576.jpg\" srcset=\"https:\/\/s1.eestatic.com\/2021\/06\/14\/actualidad\/588954436_190454393_320x180.jpg 320w, https:\/\/s1.eestatic.com\/2021\/06\/14\/actualidad\/588954436_190454391_640x360.jpg 640w, https:\/\/s1.eestatic.com\/2021\/06\/14\/actualidad\/588954436_190454389_864x486.jpg 864w, https:\/\/s1.eestatic.com\/2021\/06\/14\/actualidad\/588954436_190454387_1024x576.jpg 1024w, https:\/\/s1.eestatic.com\/2021\/06\/14\/actualidad\/588954436_190454385_1706x960.jpg 1706w\" sizes=\"auto, (max-width: 479px) 100vw, (max-width: 1023px) 80vw, 40vw\" width=\"320\" height=\"180\" alt=\"Playa de Anfi del Mar\"\/><\/p><\/div>\n<h3 class=\"content__summary-title\"><strong>Playa La Rijana (Granada)<\/strong><\/h3>\n<p id=\"paragraph_12\">La costa granadina tambi\u00e9n cuenta con algunos paisajes y playas perfectos para disfrutar de<strong> rincones repletos de naturaleza y belleza<\/strong>, esto es justo lo que encontrar\u00e1s en la Playa de la Rijana. Una de las calas m\u00e1s bonitas de la costa granadina, que encontrar\u00e1s en el municipio de Gualchos-Castell de Ferro y cerca de la playa del Sotillo. Una playa de f\u00e1cil acceso y con aparcamiento habilitado, que tambi\u00e9n se caracteriza por la transparencia y tranquilidad de sus aguas. Otro de esos rincones ideales para disfrutar del snorkel y del buceo, ya que tambi\u00e9n cuenta con una gran biodiversidad marina.<\/p>\n<div class=\"article-media \" itemscope=\"\" itemtype=\"http:\/\/schema.org\/ImageObject\">\n<p><img decoding=\"async\" loading=\"lazy\" data-imgm=\"true\" src=\"https:\/\/s1.eestatic.com\/2021\/06\/14\/actualidad\/588954435_190453946_1024x576.jpg\" srcset=\"https:\/\/s1.eestatic.com\/2021\/06\/14\/actualidad\/588954435_190453951_320x180.jpg 320w, https:\/\/s1.eestatic.com\/2021\/06\/14\/actualidad\/588954435_190453950_640x360.jpg 640w, https:\/\/s1.eestatic.com\/2021\/06\/14\/actualidad\/588954435_190453948_864x486.jpg 864w, https:\/\/s1.eestatic.com\/2021\/06\/14\/actualidad\/588954435_190453946_1024x576.jpg 1024w, https:\/\/s1.eestatic.com\/2021\/06\/14\/actualidad\/588954435_190453944_1706x960.jpg 1706w\" sizes=\"auto, (max-width: 479px) 100vw, (max-width: 1023px) 80vw, 40vw\" width=\"320\" height=\"180\" alt=\"Playa La Rijana\"\/><\/p><\/div>\n<h3 class=\"content__summary-title\"><strong>Cala Rac\u00f3 del Conill (Alicante)<\/strong><\/h3>\n<p id=\"paragraph_13\">Una peque\u00f1a cala de poco m\u00e1s de 150 metros de longitud, de cantos de piedra y enviornment, con aguas transparentes, <strong>un entorno pure espectacular, chiringuito y parking gratuito<\/strong>, esa es la Cala Rac\u00f3 del Conill. Una de las calas m\u00e1s bonitas de la Comunidad Valenciana, que encontrar\u00e1s a 4 km de Benidorm y que figura dentro de la lista de playas de tradici\u00f3n nudista. Un rinc\u00f3n muy recomendable tambi\u00e9n para la pr\u00e1ctica de snorkel.<\/p>\n<div class=\"article-media \" itemscope=\"\" itemtype=\"http:\/\/schema.org\/ImageObject\">\n<p><img decoding=\"async\" loading=\"lazy\" data-imgm=\"true\" src=\"https:\/\/s1.eestatic.com\/2021\/06\/14\/actualidad\/588954430_190451599_1024x576.jpg\" srcset=\"https:\/\/s1.eestatic.com\/2021\/06\/14\/actualidad\/588954430_190451602_320x180.jpg 320w, https:\/\/s1.eestatic.com\/2021\/06\/14\/actualidad\/588954430_190451601_640x360.jpg 640w, https:\/\/s1.eestatic.com\/2021\/06\/14\/actualidad\/588954430_190451600_864x486.jpg 864w, https:\/\/s1.eestatic.com\/2021\/06\/14\/actualidad\/588954430_190451599_1024x576.jpg 1024w, https:\/\/s1.eestatic.com\/2021\/06\/14\/actualidad\/588954430_190451598_1706x960.jpg 1706w\" sizes=\"auto, (max-width: 479px) 100vw, (max-width: 1023px) 80vw, 40vw\" width=\"320\" height=\"180\" alt=\"Cala Rac\u00f3 del Conil\"\/><\/p><\/div>\n<h3 class=\"content__summary-title\"><strong>Punta Paloma (Tarifa)<\/strong><\/h3>\n<p id=\"paragraph_14\">Punta Paloma es otra de esas playas espectaculares de <strong>enviornment fina y clara, aguas cristalinas, paisaje rocoso, entorno de naturaleza<\/strong> y un lugar perfecto para aquellos que busquen relajarse en una de las mejores playas de Tarifa. Una playa famosa por su belleza pure y casi salvaje, que se encuentra a los pies de una de las dunas m\u00e1s impresionantes de Espa\u00f1a. Sus olas y el viento, tambi\u00e9n la convierten en un aut\u00e9ntico para\u00edso para los aficionados al surf.<\/p>\n<div class=\"article-media \" itemscope=\"\" itemtype=\"http:\/\/schema.org\/ImageObject\">\n<p><img decoding=\"async\" loading=\"lazy\" data-imgm=\"true\" src=\"https:\/\/s1.eestatic.com\/2021\/06\/14\/actualidad\/588954428_190450293_1024x576.jpg\" srcset=\"https:\/\/s1.eestatic.com\/2021\/06\/14\/actualidad\/588954428_190450296_320x180.jpg 320w, https:\/\/s1.eestatic.com\/2021\/06\/14\/actualidad\/588954428_190450295_640x360.jpg 640w, https:\/\/s1.eestatic.com\/2021\/06\/14\/actualidad\/588954428_190450294_864x486.jpg 864w, https:\/\/s1.eestatic.com\/2021\/06\/14\/actualidad\/588954428_190450293_1024x576.jpg 1024w, https:\/\/s1.eestatic.com\/2021\/06\/14\/actualidad\/588954428_190450292_1706x960.jpg 1706w\" sizes=\"auto, (max-width: 479px) 100vw, (max-width: 1023px) 80vw, 40vw\" width=\"320\" height=\"180\" alt=\"Punta Paloma\"\/><\/p><\/div>\n<h3 class=\"content__summary-title\">Tambi\u00e9n te puede interesar&#8230;<\/h3>\n<ul class=\"content__summary-list content__summary-list--bullets\">\n<li class=\"summary-list__item\"><a rel=\"nofollow noopener\" target=\"_blank\" href=\"https:\/\/www.elespanol.com\/ocio\/destinos-naturaleza-visitar-cerca-madrid-turismo-escapada-fin-de-semana\/586941626_0.html\">7 destinos en la naturaleza para visitar cerca de Madrid<\/a><\/li>\n<\/ul>\n<ul class=\"content__summary-list content__summary-list--bullets\">\n<li class=\"summary-list__item\"><a rel=\"nofollow noopener\" target=\"_blank\" href=\"https:\/\/www.elespanol.com\/ocio\/paises-europa-viajar-seguro-verano-coronavirus-restricciones-pruebas\/586192280_0.html\">10 pa\u00edses fuera de Europa donde viajar seguro este verano<\/a><\/li>\n<\/ul>\n<ul class=\"content__summary-list content__summary-list--bullets\">\n<li class=\"summary-list__item\"><a rel=\"nofollow noopener\" target=\"_blank\" href=\"https:\/\/www.elespanol.com\/ocio\/restaurantes-sevilla-deberias-conocer-gastronomia-tipica-comida-tradicional-moderna\/586192846_0.html\">5 restaurantes en Sevilla que deber\u00edas conocer<\/a><\/li>\n<\/ul>\n<ul class=\"content__summary-list content__summary-list--bullets\">\n<li class=\"summary-list__item\"><a rel=\"nofollow noopener\" target=\"_blank\" href=\"https:\/\/www.elespanol.com\/ocio\/costa-da-morte-lugares-imprescindibles-visitar-ruta\/586191911_0.html\">Costa da Morte: 10 lugares imprescindibles para visitar en la ruta<\/a><\/li>\n<\/ul><\/div>\n\n<p><em> &#8221; Fuentes www.elespanol.com &#8221; <\/em><\/p>\n","protected":false},"excerpt":{"rendered":"<p>Espa\u00f1a cuenta casi con 8.000 kil\u00f3metros de costa entre los que, adem\u00e1s de las mejores rutas en moto para recorrerla, tambi\u00e9n encontramos algunas de las mejores playas de Espa\u00f1a. Playas y calas incluso conocidas m\u00e1s all\u00e1 de nuestras fronteras, debido a su gran belleza y tambi\u00e9n por sus limpias aguas cristalinas o su enviornment blanca [&hellip;]<\/p>\n","protected":false},"author":4,"featured_media":148307,"comment_status":"open","ping_status":"closed","sticky":false,"template":"","format":"standard","meta":{"om_disable_all_campaigns":false,"jnews-multi-image_gallery":[],"jnews_single_post":[],"jnews_primary_category":[],"jnews_social_meta":[],"footnotes":""},"categories":[39],"tags":[770,22818,1570,544,545],"class_list":["post-148306","post","type-post","status-publish","format-standard","has-post-thumbnail","hentry","category-viajes","tag-espana","tag-ocio-y-tiempo-libre","tag-playas","tag-turismo","tag-viajes"],"_links":{"self":[{"href":"https:\/\/dimensionturistica.com\/es\/wp-json\/wp\/v2\/posts\/148306","targetHints":{"allow":["GET"]}}],"collection":[{"href":"https:\/\/dimensionturistica.com\/es\/wp-json\/wp\/v2\/posts"}],"about":[{"href":"https:\/\/dimensionturistica.com\/es\/wp-json\/wp\/v2\/types\/post"}],"author":[{"embeddable":true,"href":"https:\/\/dimensionturistica.com\/es\/wp-json\/wp\/v2\/users\/4"}],"replies":[{"embeddable":true,"href":"https:\/\/dimensionturistica.com\/es\/wp-json\/wp\/v2\/comments?post=148306"}],"version-history":[{"count":0,"href":"https:\/\/dimensionturistica.com\/es\/wp-json\/wp\/v2\/posts\/148306\/revisions"}],"wp:featuredmedia":[{"embeddable":true,"href":"https:\/\/dimensionturistica.com\/es\/wp-json\/wp\/v2\/media\/148307"}],"wp:attachment":[{"href":"https:\/\/dimensionturistica.com\/es\/wp-json\/wp\/v2\/media?parent=148306"}],"wp:term":[{"taxonomy":"category","embeddable":true,"href":"https:\/\/dimensionturistica.com\/es\/wp-json\/wp\/v2\/categories?post=148306"},{"taxonomy":"post_tag","embeddable":true,"href":"https:\/\/dimensionturistica.com\/es\/wp-json\/wp\/v2\/tags?post=148306"}],"curies":[{"name":"wp","href":"https:\/\/api.w.org\/{rel}","templated":true}]}}