{"id":147626,"date":"2021-06-26T19:51:58","date_gmt":"2021-06-26T19:51:58","guid":{"rendered":"https:\/\/dimensionturistica.com\/es\/?p=147626"},"modified":"2021-06-26T19:51:58","modified_gmt":"2021-06-26T19:51:58","slug":"viajes-en-avion-el-suplemento-que-cobran-las-aerolineas-por-no-cumplir-con-las-medidas-de-las-maletas","status":"publish","type":"post","link":"https:\/\/dimensionturistica.com\/es\/viajes-en-avion-el-suplemento-que-cobran-las-aerolineas-por-no-cumplir-con-las-medidas-de-las-maletas\/","title":{"rendered":"Viajes en avi\u00f3n: el suplemento que cobran las aerol\u00edneas por no cumplir con las medidas de las maletas"},"content":{"rendered":"<p> <br \/>\n<\/p>\n<div data-voc-share-selection=\"\"><!-- AUTHOR --><!-- COMPONENTS --><\/p>\n<p class=\"voc-paragraph\">La vacunaci\u00f3n, el<br \/>\n<a rel=\"nofollow noopener\" target=\"_blank\" data-voc-vtm-id=\"in-text-traffic\" href=\"https:\/\/www.elcorreo.com\/sociedad\/salud\/vascos-podran-obtener-20210608142512-nt.html\" title=\"www.elcorreo.com\">pasaporte Covid<\/a> y la mejor\u00eda de los indicadores han animado a muchos a planear sus vacaciones m\u00e1s lejos de lo que fue posible irse en verano 2020. Viajes que en muchos casos requieren subirse en un avi\u00f3n y que devuelven al com\u00fan de los mortales a esas dudas tan habituales antes de que el virus irrumpiera:<br \/>\n\u00bfpuedo meter equipa\n<\/p>\n<div class=\"content-exclusive-bg \" data-voc-pw-alert=\"\" data-voc-pw-premium=\"\">\n<div class=\"container-wall-exclusive wall-exclusive-detail-AB container-wall-exclusive--modifier-white\">\n<div class=\"container-wall-exclusive__grip-content\">\n<div class=\"container-wall-exclusive__left-side-exclusive\"><img decoding=\"async\" src=\"https:\/\/static.vocento.com\/common\/assets\/onplus\/elcorreo\/exclusivo.png\" alt=\"\"\/><\/div>\n<div class=\"container-wall-exclusive__right-side-exclusive\">\n<div class=\"container-btn-exclusive\"><a rel=\"nofollow noopener\" target=\"_blank\" href=\"\"><img decoding=\"async\" src=\"https:\/\/static2.elcorreo.com\/squido\/latest\/assets\/images\/elcorreo-on.svg\" alt=\"logo-correo-on2.svg\"\/><\/a><\/p>\n<div class=\"paragraph-titles-exclus\"><span>Este contenido es exclusivo para suscriptores<\/span><\/p>\n<p>Aprovecha esta oferta especial verano, suscr\u00edbete 3 meses por solo 12\u20ac<\/p>\n<\/div>\n<\/div>\n<\/div>\n<\/div>\n<\/div>\n<\/div>\n<\/div>\n\n<p><em> &#8221; Fuentes www.elcorreo.com &#8221; <\/em><\/p>\n","protected":false},"excerpt":{"rendered":"<p>La vacunaci\u00f3n, el pasaporte Covid y la mejor\u00eda de los indicadores han animado a muchos a planear sus vacaciones m\u00e1s lejos de lo que fue posible irse en verano 2020. Viajes que en muchos casos requieren subirse en un avi\u00f3n y que devuelven al com\u00fan de los mortales a esas dudas tan habituales antes de [&hellip;]<\/p>\n","protected":false},"author":4,"featured_media":147627,"comment_status":"open","ping_status":"closed","sticky":false,"template":"","format":"standard","meta":{"om_disable_all_campaigns":false,"jnews-multi-image_gallery":[],"jnews_single_post":[],"jnews_primary_category":[],"jnews_social_meta":[],"footnotes":""},"categories":[39],"tags":[2583,510,26362,545],"class_list":["post-147626","post","type-post","status-publish","format-standard","has-post-thumbnail","hentry","category-viajes","tag-avion","tag-covid-19","tag-maletasm-facturacion","tag-viajes"],"_links":{"self":[{"href":"https:\/\/dimensionturistica.com\/es\/wp-json\/wp\/v2\/posts\/147626","targetHints":{"allow":["GET"]}}],"collection":[{"href":"https:\/\/dimensionturistica.com\/es\/wp-json\/wp\/v2\/posts"}],"about":[{"href":"https:\/\/dimensionturistica.com\/es\/wp-json\/wp\/v2\/types\/post"}],"author":[{"embeddable":true,"href":"https:\/\/dimensionturistica.com\/es\/wp-json\/wp\/v2\/users\/4"}],"replies":[{"embeddable":true,"href":"https:\/\/dimensionturistica.com\/es\/wp-json\/wp\/v2\/comments?post=147626"}],"version-history":[{"count":0,"href":"https:\/\/dimensionturistica.com\/es\/wp-json\/wp\/v2\/posts\/147626\/revisions"}],"wp:featuredmedia":[{"embeddable":true,"href":"https:\/\/dimensionturistica.com\/es\/wp-json\/wp\/v2\/media\/147627"}],"wp:attachment":[{"href":"https:\/\/dimensionturistica.com\/es\/wp-json\/wp\/v2\/media?parent=147626"}],"wp:term":[{"taxonomy":"category","embeddable":true,"href":"https:\/\/dimensionturistica.com\/es\/wp-json\/wp\/v2\/categories?post=147626"},{"taxonomy":"post_tag","embeddable":true,"href":"https:\/\/dimensionturistica.com\/es\/wp-json\/wp\/v2\/tags?post=147626"}],"curies":[{"name":"wp","href":"https:\/\/api.w.org\/{rel}","templated":true}]}}