{"id":147393,"date":"2021-06-26T07:30:25","date_gmt":"2021-06-26T07:30:25","guid":{"rendered":"https:\/\/dimensionturistica.com\/es\/?p=147393"},"modified":"2021-06-26T07:30:25","modified_gmt":"2021-06-26T07:30:25","slug":"semana-rural-y-tambien-esta-la-esperanza-y-la-limonada-de-coco","status":"publish","type":"post","link":"https:\/\/dimensionturistica.com\/es\/semana-rural-y-tambien-esta-la-esperanza-y-la-limonada-de-coco\/","title":{"rendered":"Semana Rural | Y tambi\u00e9n est\u00e1 la esperanza y la limonada de coco"},"content":{"rendered":"<p> <br \/>\n<\/p>\n<div data-ge-content-type=\"ckeditor\">\n<p style=\"text-align:justify\">Tambi\u00e9n existe el campo en paz, un tinto en medio de la monta\u00f1a, un atardecer naranja, m\u00fasica en el aire, el mar en calma y una limonada de coco mientras el sol se sumerge en el horizonte.<strong> La belleza de la paz es inconmensurable, as\u00ed como la belleza de miles de lugares nuestro pa\u00eds. <\/strong>En medio de d\u00edas agitados el anhelo de la paz habitando los campos y las ciudades se convierte en un b\u00e1lsamo del esp\u00edritu. La esperanza de d\u00edas mejores ha mantenido a flote a millones de corazones durante miles de a\u00f1os, aun en los momentos m\u00e1s angustiantes.<\/p>\n<p style=\"text-align:justify\">\u00a0<\/p>\n<p style=\"text-align:justify\">Y esta reflexi\u00f3n no es solo sobre los lugares es sobre todo acerca de las personas. La historia tambi\u00e9n es transformada por seres capaces de desafiar los lugares comunes,con sus acciones retan los destinos fatales e inspiran a far de personas a recorrer otros caminos posibles. Hoy en d\u00eda, para el equilibrio del ecosistema social se hacen vitales aquellos seres que cuando perciben que la radicalizaci\u00f3n sepulta ideales esenciales, optan por retar dogmas, estigmas y pr\u00e1cticas, se aferran al valor de la semejanza y act\u00faan de maneras in\u00e9ditas.<\/p>\n<p style=\"text-align:justify\">\u00a0<\/p>\n<p style=\"text-align:justify\">Y justo all\u00ed, cuando los destinos fatales parecieran estar escritos, surgen actos contra la corriente. El manifestante que se interpone, exponiendo su vida y evitando que una agente de polic\u00eda sea golpeada y vulnerada por un grupo iracundo durante las manifestaciones. El polic\u00eda integro que cumple su labor de proteger a los dem\u00e1s arriesgando su vida, y cuando es necesario desaf\u00eda a sus colegas cuando transgreden su misi\u00f3n y vulneran derechos humanos.<\/p>\n<p style=\"text-align:justify\">\u00a0<\/p>\n<p style=\"text-align:justify\">Este tipo de historias, que parecieran actos aislados y extra\u00f1os podr\u00edan contener la esencia de una fuerza poderosa que ayudar\u00eda hacer del mundo un lugar mejor. <strong>El coraz\u00f3n de alguien que est\u00e1 dispuesto arriesgarse por ayudar a un extra\u00f1o, es uno de los lugares m\u00e1s bellos de la Tierra.<\/strong><\/p>\n<p style=\"text-align:justify\">\u00a0<\/p>\n<p style=\"text-align:justify\">Tambi\u00e9n est\u00e1n esas otras realidades. Tambi\u00e9n est\u00e1 el periodismo integro e imparcial que permite democratizar la verdad. Tambi\u00e9n est\u00e1n los funcionarios p\u00fablicos \u00edntegros que desde diversos escenarios se consagran al bien p\u00fablico. Tambi\u00e9n est\u00e1n los ciudadanos solidarios, coherentes, resistentes a las injusticias y resistentes a la tentaci\u00f3n de la violencia. Tambi\u00e9n est\u00e1n los polic\u00edas y soldados que comprenden profundamente como estar al servicio de la Constituci\u00f3n y la ciudadan\u00eda. Tambi\u00e9n est\u00e1n aquellos lideres capaces de crear puentes y lazos renunciando a los impulsos del ego.<\/p>\n<p style=\"text-align:justify\">\u00a0<\/p>\n<p style=\"text-align:justify\">Tambi\u00e9n est\u00e1 la necesidad de nuestros esp\u00edritus de refugiarnos en la esperanza de mejores d\u00edas.<strong> El sol despu\u00e9s de la oscuridad. La paz y la m\u00fasica despu\u00e9s del humo.<\/strong> El anhelo de conservar m\u00e1s aprendizajes que rencores. Olvidar los roles, las ideolog\u00edas, las vestimentas, los uniformes, los dogmas, los prejuicios para de nuevo encontrarnos en la mirada con otros, en la semejanza y actuar en consecuencia. El dolor por cualquier semejante da\u00f1ado, el perseguir el bien com\u00fan por encima del \u201cbien\u201d sectario.<\/p>\n<p style=\"text-align:justify\">\u00a0<\/p>\n<p style=\"text-align:justify\">La violencia bipartidista cobro 14.000 vidas entre los 30 y los 50. La violencia de los 90 y primera d\u00e9cada del 2000 cobr\u00f3 220.000 vidas y 8 millones de v\u00edctimas. En estas dos crudas \u00e9pocas el campo y las ciudades fueron azotadas por oleadas de violencia que dif\u00edcilmente podr\u00edamos comprender sin colapsar en la melancol\u00eda, pero logramos dejarlas en el pasado y creer que no period necesario recorrer esos caminos de nuevo. Por aquellas miles de vidas perdidas, por aquellos r\u00edos infinitos de sufrimiento de quienes sobrevivieron; en honor a ellos y ellas debemos elegir los caminos de la conciliaci\u00f3n.<\/p>\n<p style=\"text-align:justify\">\u00a0<\/p>\n<p style=\"text-align:justify\"><strong>El tiempo transcurrir\u00e1 implacable, en unos a\u00f1os miraremos hacia atr\u00e1s, ojal\u00e1 sabiendo que dejamos m\u00e1s lazos que heridas entre nosotros.<\/strong> \u00bfY porque cuestionar los dogmas radicales para mirar y dialogar con nuestros y nuestras semejantes? Porque \u201cSalvar vidas, es como el amor, el mejor elixir del mundo\u201d Scorsese.<\/p>\n<p style=\"text-align:justify\">\u00a0<\/p>\n<p style=\"text-align:justify\">Necesitamos creer que somos capaces de estar juntos, conservando los sublimes principios de la democracia, escogiendo a los dem\u00e1s por encima de los estigmas. Nuestros ni\u00f1os y ni\u00f1as necesitan palabras y ejemplos tempranos de solidaridad y empat\u00eda hacia otros, aun si piensan diferente. Necesitan conocer el camino de la paz y el dialogo: el \u00fanico camino que encontraron las naciones estables de hoy.<\/p>\n<p style=\"text-align:justify\">\u00a0<\/p>\n<p style=\"text-align:justify\">La luz de la paz colmara los campos, las ciudades y los caminos. La m\u00fasica llenara el aire y los sonidos de la confrontaci\u00f3n se difuminar\u00e1n en medio de la neblina de las nuevas madrugadas. All\u00ed, justo all\u00ed, en la monta\u00f1a, el mar, el rio, en un camino, en cualquier rinc\u00f3n de nuestras tierras, el aire ser\u00e1 colmado por aquellas part\u00edculas misteriosas de la paz que refrescan la piel y el alma.<\/p>\n<p style=\"text-align:justify\">\u00a0<\/p>\n<p style=\"text-align:justify\"><strong>Tambi\u00e9n est\u00e1 esa capacidad del coraz\u00f3n de detener los impulsos evolutivos de la confrontaci\u00f3n para elegir conversar y conservar.<\/strong> Conservar nuestros lazos, nuestro ambiente, nuestros hogares, nuestra naci\u00f3n, nuestro mundo. Un tinto al atardecer para celebrar la cosecha, una limonada de coco para celebrar la pesca y la vida.<\/p>\n<p style=\"text-align:justify\">\u00a0<\/p>\n<p style=\"text-align:justify\">El agua en los r\u00edos y los mares. Y olas libres anhelan inundar sosegadamente las arenas sedientas de esperanza. La sangre en las venas. El coraz\u00f3n palpitando. La m\u00fasica en las gotas de lluvia. La esperanza en el aire. El pan en el horno. La leche sobre la mesa. Las luces acompa\u00f1ando el anochecer. Los ecos de las sonrisas chocando entre s\u00ed. El amor en los ojos. <strong>La vida triunfando con cada nuevo respiro.<\/strong><\/p>\n<p style=\"text-align:justify\">\u00a0<\/p>\n<\/div>\n<p><script>\n  \/\/ This is called with the results from from FB.getLoginStatus().\n  function statusChangeCallback(response) {\n    console.log('statusChangeCallback');\n    console.log(response);\n    \/\/ The response object is returned with a status field that lets the\n    \/\/ app know the current login status of the person.\n    \/\/ Full docs on the response object can be found in the documentation\n    \/\/ for FB.getLoginStatus().\n    if (response.status === 'connected') {\n      \/\/ Logged into your app and Facebook.\n      testAPI();\n    } else {\n      \/\/ The person is not logged into your app or we are unable to tell.\n    }\n  }\n  \/\/ This function is called when someone finishes with the Login\n  \/\/ Button.  See the onlogin handler attached to it in the sample\n  \/\/ code below.\n  function checkLoginState() {\n    FB.getLoginStatus(function(response) {\n      statusChangeCallback(response);\n    });\n  }\n  window.fbAsyncInit = function() {\n    FB.init({\n      appId      : '206385059870471',\n      xfbml      : true,\n      version    : 'v2.9'\n    });\n    FB.AppEvents.logPageView();\n  };\n  (function(d, s, id){\n     var js, fjs = d.getElementsByTagName(s)[0];\n     if (d.getElementById(id)) {return;}\n     js = d.createElement(s); js.id = id;\n     js.src = \"https:\/\/connect.facebook.net\/es_LA\/sdk.js\";\n     fjs.parentNode.insertBefore(js, fjs);\n   }(document, 'script', 'facebook-jssdk'));\n  function testAPI() {\n    console.log('Welcome!  Fetching your information.... ');\n   FB.api('\/me',{fields: ['name','email','picture']}, function(response) {\n\t  console.log(response);\n\t  $('#imagen_perfil').attr('src',response.picture.data.url);\n\t});\n   }\n<\/script><br \/>\n<br \/><\/p>\n<p><em> &#8221; Fuentes semanarural.com &#8221; <\/em><\/p>\n","protected":false},"excerpt":{"rendered":"<p>Tambi\u00e9n existe el campo en paz, un tinto en medio de la monta\u00f1a, un atardecer naranja, m\u00fasica en el aire, el mar en calma y una limonada de coco mientras el sol se sumerge en el horizonte. La belleza de la paz es inconmensurable, as\u00ed como la belleza de miles de lugares nuestro pa\u00eds. En [&hellip;]<\/p>\n","protected":false},"author":4,"featured_media":147394,"comment_status":"open","ping_status":"closed","sticky":false,"template":"","format":"standard","meta":{"om_disable_all_campaigns":false,"jnews-multi-image_gallery":[],"jnews_single_post":[],"jnews_primary_category":[],"jnews_social_meta":[],"footnotes":""},"categories":[39],"tags":[3376,2849],"class_list":["post-147393","post","type-post","status-publish","format-standard","has-post-thumbnail","hentry","category-viajes","tag-rural","tag-semana"],"_links":{"self":[{"href":"https:\/\/dimensionturistica.com\/es\/wp-json\/wp\/v2\/posts\/147393","targetHints":{"allow":["GET"]}}],"collection":[{"href":"https:\/\/dimensionturistica.com\/es\/wp-json\/wp\/v2\/posts"}],"about":[{"href":"https:\/\/dimensionturistica.com\/es\/wp-json\/wp\/v2\/types\/post"}],"author":[{"embeddable":true,"href":"https:\/\/dimensionturistica.com\/es\/wp-json\/wp\/v2\/users\/4"}],"replies":[{"embeddable":true,"href":"https:\/\/dimensionturistica.com\/es\/wp-json\/wp\/v2\/comments?post=147393"}],"version-history":[{"count":0,"href":"https:\/\/dimensionturistica.com\/es\/wp-json\/wp\/v2\/posts\/147393\/revisions"}],"wp:featuredmedia":[{"embeddable":true,"href":"https:\/\/dimensionturistica.com\/es\/wp-json\/wp\/v2\/media\/147394"}],"wp:attachment":[{"href":"https:\/\/dimensionturistica.com\/es\/wp-json\/wp\/v2\/media?parent=147393"}],"wp:term":[{"taxonomy":"category","embeddable":true,"href":"https:\/\/dimensionturistica.com\/es\/wp-json\/wp\/v2\/categories?post=147393"},{"taxonomy":"post_tag","embeddable":true,"href":"https:\/\/dimensionturistica.com\/es\/wp-json\/wp\/v2\/tags?post=147393"}],"curies":[{"name":"wp","href":"https:\/\/api.w.org\/{rel}","templated":true}]}}