{"id":147141,"date":"2021-06-25T18:51:55","date_gmt":"2021-06-25T18:51:55","guid":{"rendered":"https:\/\/dimensionturistica.com\/es\/?p=147141"},"modified":"2021-06-25T18:51:56","modified_gmt":"2021-06-25T18:51:56","slug":"castilla-dice-que-la-decision-de-reino-unido-mancha-la-imagen-turistica-de-canarias","status":"publish","type":"post","link":"https:\/\/dimensionturistica.com\/es\/castilla-dice-que-la-decision-de-reino-unido-mancha-la-imagen-turistica-de-canarias\/","title":{"rendered":"Castilla dice que la decisi\u00f3n de Reino Unido &#8220;mancha&#8221; la imagen tur\u00edstica de Canarias"},"content":{"rendered":"<p> <br \/>\n<\/p>\n<div id=\"\">\n<p><img decoding=\"async\" itemprop=\"image\" src=\"https:\/\/www.lancelotdigital.com\/images\/2021\/06\/yaiiza.jpeg\"\/><\/p>\n<p>&#13;<\/p>\n<p><strong>La consejera de Turismo hace un llamamiento a la responsabilidad de los canarios para revertir la situaci\u00f3n y poder pasar cuanto antes a la lista verde<\/strong><\/p>\n<p>&#13;<br \/>\n &#13;<\/p>\n<p>\u00a0<\/p>\n<p>&#13;<\/p>\n<li class=\"texto\"><i class=\"fa fa-file-text-o\"\/>Lancelot Digital<\/li>\n<p>&#13;<\/p>\n<p>\u00a0<\/p>\n<p>&#13;<\/p>\n<p>La consejera de Turismo, Industria y Comercio del Gobierno de Canarias, Yaiza Castilla, advierte que la decisi\u00f3n de Reino Unido <a rel=\"nofollow noopener\" target=\"_blank\" href=\"https:\/\/www.lancelotdigital.com\/lanzarote\/baleares-entra-en-la-lista-verde-del-reino-unido-canarias-no\">de dejar fuera de la &#8216;lista verde&#8217; a Canarias<\/a>, debido a los malos datos epidemiol\u00f3gicos de los \u00faltimos d\u00edas, &#8220;supone una importante mancha para la buena imagen de las islas como destino seguro que ha estado cosechando a lo largo de m\u00e1s de un a\u00f1o&#8221; y advierte que puede extenderse, si no se controla la pandemia, &#8220;respecto a otros mercados&#8221;.<\/p>\n<p>&#13;<\/p>\n<p>\u00a0<\/p>\n<p>&#13;<\/p>\n<p>En este sentido, Castilla hace un llamamiento &#8220;a la responsabilidad individual de todos los canarios y canarias para que se cumplan las medidas sanitarias a rajatabla y poder pasar a formar parte cuanto antes de la lista verde&#8221;.<\/p>\n<p>&#13;<\/p>\n<p>\u00a0<\/p>\n<p>&#13;<\/p>\n<p>En su opini\u00f3n, &#8220;resulta muy frustrante que despu\u00e9s de todo el esfuerzo que ha hecho el sector y los trabajadores y trabajadoras durante m\u00e1s de un a\u00f1o, el comportamiento de algunos hagan que no podamos reactivar la econom\u00eda y comprometamos la recuperaci\u00f3n econ\u00f3mica y social del archipi\u00e9lago&#8221;.<\/p>\n<p>&#13;<\/p>\n<p>\u00a0<\/p>\n<p>&#13;<\/p>\n<p>Pese a la decisi\u00f3n de este jueves, Yaiza Castilla destaca como positivo el hecho de que por primera vez el Reino Unido distinga a los territorios insulares del territorio continental.<\/p>\n<p>&#13;<\/p>\n<p>\u00a0<\/p>\n<p>&#13;<\/p>\n<p>&#8220;Es cierto que nos mantienen en la lista de territorios \u00e1mbar pero hemos conseguido que nos separen del territorio peninsular, lo que nos facilita el acceso a la lista verde una vez que bajemos el \u00edndice epidemiol\u00f3gico de toda la comunidad aut\u00f3noma&#8221;, explica, al tiempo que se muestra confiada en que con el esfuerzo de toda la poblaci\u00f3n, Canarias pueda mejorar sus datos.<\/p>\n<p>&#13;<\/p>\n<p>\u00a0<\/p>\n<p>&#13;<\/p>\n<p>&#8220;Lo hemos conseguido en otras ocasiones y creo sinceramente que tambi\u00e9n podremos conseguirlo en esta&#8221;, se\u00f1ala.<\/p>\n<p>&#13;<\/p>\n<p>\u00a0<\/p>\n<p>&#13;<\/p>\n<p>La consejera record\u00f3 igualmente que el Reino Unido es el principal mercado emisor de turistas que llegan a Canarias, con casi 5 millones en 2019, lo que supone un tercio del n\u00famero de turistas que visitaron Canarias ese a\u00f1o.<\/p>\n<p>&#13;<\/p>\n<p>\u00a0<\/p>\n<p>&#13;<\/p>\n<p>Sin embargo, expone que ha sido la pandemia y las restricciones de viaje las que han situado a Reino Unido a la cola de mercados emisores a Canarias.<\/p>\n<p>&#13;<\/p>\n<p>\u00a0<\/p>\n<p>&#13;<\/p>\n<p>Desde la apertura de fronteras en julio del pasado a\u00f1o hasta abril de 2021 (\u00faltimo dato disponible de Frontur), la contribuci\u00f3n del mercado emisor brit\u00e1nico ha sido del 14%, debido a los sucesivos cambios en la clasificaci\u00f3n sanitaria de Reino Unido, Espa\u00f1a y las islas, que ha supuesto aperturas y cierres de los flujos de turistas a Canarias, es m\u00e1s, en lo que va de a\u00f1o 2021, la cuota de brit\u00e1nicos en Canarias ha sido del 1,7%.<\/p>\n<p>&#13;<\/p>\n<p>\u00a0<\/p>\n<p>&#13;<\/p>\n<p>&#8220;Pr\u00e1cticamente han desaparecido de nuestras playas y no hay volumen suficiente de turistas de otros mercados para sustituirlos a corto plazo&#8221;, dijo.<\/p>\n<p>&#13;<\/p>\n<p>\u00a0<\/p>\n<\/p><\/div>\n<p><script src=\"https:\/\/connect.facebook.net\/es_ES\/all.js#xfbml=1\" type=\"text\/javascript\"><\/script><script type=\"text\/javascript\">\n\/\/<![CDATA[\n   \twindow.fbAsyncInit = function() {\n\t\tFB.init({ appId: '171342606239806', \n\t\t\tstatus: true, \n\t\t\tcookie: true,\n\t\t\txfbml: true,\n\t\t\toauth: true\n\t\t});\n   \t\t    \n\t  \t\t};\n    \/\/      \n    jQuery(window).load(function() {\n    \t(function(){\n    \t\tif(!document.getElementById('fb-root')) {\n    \t\t\tvar root = document.createElement('div');\n    \t\t\troot.id = 'fb-root';\n    \t\t\tdocument.getElementById('gkfb-root').appendChild(root);\n    \t\t\tvar e = document.createElement('script');\n    \t\t\te.src = document.location.protocol + '\/\/connect.facebook.net\/es_ES\/all.js';\n    \t\t\te.async = true;\n    \t\t\tdocument.getElementById('fb-root').appendChild(e);\n    \t\t}  \n    \t})();\n    });\n    \/\/]]>\n<\/script><br \/>\n<br \/><\/p>\n<p><em> &#8221; Fuentes www.lancelotdigital.com &#8221; <\/em><\/p>\n","protected":false},"excerpt":{"rendered":"<p>&#13; La consejera de Turismo hace un llamamiento a la responsabilidad de los canarios para revertir la situaci\u00f3n y poder pasar cuanto antes a la lista verde &#13; &#13; \u00a0 &#13; Lancelot Digital &#13; \u00a0 &#13; La consejera de Turismo, Industria y Comercio del Gobierno de Canarias, Yaiza Castilla, advierte que la decisi\u00f3n de Reino [&hellip;]<\/p>\n","protected":false},"author":4,"featured_media":147142,"comment_status":"open","ping_status":"closed","sticky":false,"template":"","format":"standard","meta":{"om_disable_all_campaigns":false,"jnews-multi-image_gallery":[],"jnews_single_post":[],"jnews_primary_category":[],"jnews_social_meta":[],"footnotes":""},"categories":[40],"tags":[946],"class_list":["post-147141","post","type-post","status-publish","format-standard","has-post-thumbnail","hentry","category-industria","tag-lancelot-digital-noticias-lanzarote-diario-digital-periodico-canarias-sucesos-deportes-cultura-vida-social-opinion-semanario-revista"],"_links":{"self":[{"href":"https:\/\/dimensionturistica.com\/es\/wp-json\/wp\/v2\/posts\/147141","targetHints":{"allow":["GET"]}}],"collection":[{"href":"https:\/\/dimensionturistica.com\/es\/wp-json\/wp\/v2\/posts"}],"about":[{"href":"https:\/\/dimensionturistica.com\/es\/wp-json\/wp\/v2\/types\/post"}],"author":[{"embeddable":true,"href":"https:\/\/dimensionturistica.com\/es\/wp-json\/wp\/v2\/users\/4"}],"replies":[{"embeddable":true,"href":"https:\/\/dimensionturistica.com\/es\/wp-json\/wp\/v2\/comments?post=147141"}],"version-history":[{"count":0,"href":"https:\/\/dimensionturistica.com\/es\/wp-json\/wp\/v2\/posts\/147141\/revisions"}],"wp:featuredmedia":[{"embeddable":true,"href":"https:\/\/dimensionturistica.com\/es\/wp-json\/wp\/v2\/media\/147142"}],"wp:attachment":[{"href":"https:\/\/dimensionturistica.com\/es\/wp-json\/wp\/v2\/media?parent=147141"}],"wp:term":[{"taxonomy":"category","embeddable":true,"href":"https:\/\/dimensionturistica.com\/es\/wp-json\/wp\/v2\/categories?post=147141"},{"taxonomy":"post_tag","embeddable":true,"href":"https:\/\/dimensionturistica.com\/es\/wp-json\/wp\/v2\/tags?post=147141"}],"curies":[{"name":"wp","href":"https:\/\/api.w.org\/{rel}","templated":true}]}}