{"id":146888,"date":"2021-06-25T11:29:28","date_gmt":"2021-06-25T11:29:28","guid":{"rendered":"https:\/\/dimensionturistica.com\/es\/?p=146888"},"modified":"2021-06-25T11:29:28","modified_gmt":"2021-06-25T11:29:28","slug":"castilla-y-leon-en-el-top-10-principales-destinos-para-viajar-en-coche","status":"publish","type":"post","link":"https:\/\/dimensionturistica.com\/es\/castilla-y-leon-en-el-top-10-principales-destinos-para-viajar-en-coche\/","title":{"rendered":"Castilla y Le\u00f3n, en el top 10 principales destinos para viajar en coche"},"content":{"rendered":"<p> <br \/>\n<\/p>\n<div>\n<div class=\"wysiwyg-photo\"><img decoding=\"async\" src=\"https:\/\/static.hosteltur.com\/app\/public\/uploads\/img\/releases\/2021\/06\/25\/L_125442_microsoftteams-image-30.jpg\" alt=\"Imagen nota de prensa Hosteltur\" width=\"2000\" height=\"1333\"\/><\/div>\n<p>El levantamiento de las restricciones de movilidad entre territorios permitir\u00e1 revitalizar la campa\u00f1a de verano en Castilla y Le\u00f3n al resultar elegida esta comunidad en el octavo lugar del prime 10 destinos de los espa\u00f1oles para viajar en coche esta temporada, seg\u00fan el \u00faltimo estudio de AVIS Espa\u00f1a que ha analizado <strong>\u201cLa nueva movilidad de los espa\u00f1oles\u201d<\/strong> desde el fin del estado de alarma.<\/p>\n<p>As\u00ed, un 66% de los encuestados afirma que se siente \u201ccompletamente seguro\u201d al viajar a destinos nacionales y, adem\u00e1s, hacerlo en coche es para el 86% la opci\u00f3n m\u00e1s segura. La pandemia ha cambiado la forma de viajar para el 50% de los espa\u00f1oles y, ante la incertidumbre generada por las circunstancias actuales, la mayor\u00eda (84%) coincide en que ahora intenta reservar viajes que permitan cancelar sin penalizaci\u00f3n.<\/p>\n<p>Esta situaci\u00f3n ha llevado a que un 38% est\u00e9 dispuesto a contratar m\u00e1s seguros de viaje a partir de ahora y la tendencia para el 67% es planificar m\u00e1s el viaje para evitar imprevistos o tener controladas situaciones que puedan alterar sus vacaciones. Por este motivo, la flexibilidad de viajar en coche es importante para 9 de cada 10 encuestados, mientras que 6 de cada 10 reconocen estar cada vez m\u00e1s concienciados en optar por soluciones de movilidad sostenible.<\/p>\n<p><strong>Vacaciones de inside y en pareja<\/strong><\/p>\n<p>En las tendencias de viaje para los meses de verano, los destinos con playa siguen siendo los preferidos para las vacaciones de los espa\u00f1oles (37,3%). Sin embargo, el turismo de inside es una opci\u00f3n para cerca del 20% de los encuestados y Castilla y Le\u00f3n se mantiene en el principal destino del inside de Espa\u00f1a.<\/p>\n<p>El rating de los diez principales destinos para viajar en coche est\u00e1 encabezado, seg\u00fan el orden de preferencia, por Andaluc\u00eda, Galicia y Comunidad Valenciana. Le siguen Asturias, Catalu\u00f1a, Cantabria e Islas Canarias (entendiendo las islas como un lugar id\u00f3neo para desplazarse en coche, principalmente de alquiler). Castilla y Le\u00f3n ocupa el octavo lugar en este listado y lo cierran la Comunidad de Madrid y las Islas Baleares.<\/p>\n<p>En cuanto a la compa\u00f1\u00eda preferida para compartir experiencias y descanso, un 62,5% pretende viajar en pareja, un 41,2% con sus hijos, el 34,4% en familia y un 22,5% con amigos, mientras que un 3,71% prefiere hacerlo solo.<\/p>\n<p><strong>Alquilar coche permite viajar con complete flexibilidad y sin penalizaci\u00f3n por cancelar<\/strong><\/p>\n<p>En respuesta a estas tendencias de movilidad, AVIS pone a disposici\u00f3n de los usuarios los veh\u00edculos m\u00e1s modernos del mercado equipados con la \u00faltima tecnolog\u00eda en seguridad y eficiencia. La gama incluye el\u00e9ctricos e h\u00edbridos enchufables de las principales marcas en su objetivo de reducir la huella de contaminaci\u00f3n y respetar al m\u00e1ximo el medioambiente.<\/p>\n<p>Los viajeros demandan un servicio de alquiler de coches totalmente versatile, en el que AVIS incluye modificaciones o cancelaciones de la reserva de manera gratuita, hasta 24 horas antes de iniciar el servicio de alquiler previamente pagado. As\u00ed, en caso de que los planes del usuario cambien, AVIS se compromete a ofrecer un reembolso completo.<\/p>\n<p>Del mismo modo, teniendo en cuenta que en este \u00faltimo estudio <strong>un 76% de los encuestados ha se\u00f1alado que a la hora de gestionar una reserva prioriza minimizar el contacto private con las agencias de viajes o los operadores tur\u00edsticos y facturar sin esperas, <\/strong>AVIS facilita a sus clientes la opci\u00f3n de reservar a trav\u00e9s del Digital Verify-In, la \u00faltima innovaci\u00f3n digital de la compa\u00f1\u00eda que permite a los clientes disponer de sus veh\u00edculos de alquiler de forma r\u00e1pida y segura. Esta herramienta facilita el acceso a la informaci\u00f3n del usuario, como los datos del permiso de conducir, antes de llegar a las oficinas de alquiler, ayudando as\u00ed a que AVIS pueda preparar los detalles del servicio de alquiler con antelaci\u00f3n. Esto cut back el contacto innecesario entre el private de oficina de AVIS y los usuarios, ajustando tambi\u00e9n los tiempos de espera y ofreciendo una mejor experiencia de alquiler.<\/p>\n<p>Adem\u00e1s, con el objetivo de facilitar a\u00fan m\u00e1s las cosas, todos los servicios de AVIS tambi\u00e9n pueden ser reservados a trav\u00e9s de la Avis App, la aplicaci\u00f3n del lease a automobile que facilita el proceso de reserva y permite personalizar a\u00fan m\u00e1s el alquiler, a\u00f1adiendo productos y servicios de manera totalmente digitalizada, sin necesidad de pasar por ninguna oficina.<\/p>\n<p>AVIS es consciente de que, a pesar de que los programas de vacunaci\u00f3n avanzan, a\u00fan hay que seguir reforzando y aplicando los m\u00e1ximos est\u00e1ndares de limpieza. Por ello, gracias al \u2018Compromiso de Seguridad de Avis\u2019 la compa\u00f1\u00eda lease a automobile ha mejorado todos sus procedimientos de limpieza y desinfecci\u00f3n, introduciendo medidas de distanciamiento social en todas sus oficinas, firmando un acuerdo con RB, el fabricante de Lysol y Dettol en Espa\u00f1a, para garantizar as\u00ed la limpieza y la seguridad en todos sus veh\u00edculos y estaciones de alquiler. Todos los usuarios de Avis pueden reservar con toda confianza sabiendo que el sello \u201cEspacio Protegido Covid-19\u201d de Feneval avala los servicios de Avis como una alternativa totalmente segura para viajar este verano. <\/p>\n<\/p><\/div>\n<p><script>\n        !function(f,b,e,v,n,t,s)\n        {if(f.fbq)return;n=f.fbq=function(){n.callMethod?\n            n.callMethod.apply(n,arguments):n.queue.push(arguments)};\n            if(!f._fbq)f._fbq=n;n.push=n;n.loaded=!0;n.version='2.0';\n            n.queue=[];t=b.createElement(e);t.async=!0;\n            t.src=v;s=b.getElementsByTagName(e)[0];\n            s.parentNode.insertBefore(t,s)}(window, document,'script',\n            'https:\/\/connect.facebook.net\/en_US\/fbevents.js');\n        fbq('init', '819396665363898');\n        fbq('track', 'PageView');\n    <\/script><br \/>\n<br \/><\/p>\n<p><em> &#8221; Fuentes www.hosteltur.com &#8221; <\/em><\/p>\n","protected":false},"excerpt":{"rendered":"<p>El levantamiento de las restricciones de movilidad entre territorios permitir\u00e1 revitalizar la campa\u00f1a de verano en Castilla y Le\u00f3n al resultar elegida esta comunidad en el octavo lugar del prime 10 destinos de los espa\u00f1oles para viajar en coche esta temporada, seg\u00fan el \u00faltimo estudio de AVIS Espa\u00f1a que ha analizado \u201cLa nueva movilidad de [&hellip;]<\/p>\n","protected":false},"author":4,"featured_media":146889,"comment_status":"open","ping_status":"closed","sticky":false,"template":"","format":"standard","meta":{"om_disable_all_campaigns":false,"jnews-multi-image_gallery":[],"jnews_single_post":[],"jnews_primary_category":[],"jnews_social_meta":[],"footnotes":""},"categories":[40],"tags":[1555],"class_list":["post-146888","post","type-post","status-publish","format-standard","has-post-thumbnail","hentry","category-industria","tag-transportes"],"_links":{"self":[{"href":"https:\/\/dimensionturistica.com\/es\/wp-json\/wp\/v2\/posts\/146888","targetHints":{"allow":["GET"]}}],"collection":[{"href":"https:\/\/dimensionturistica.com\/es\/wp-json\/wp\/v2\/posts"}],"about":[{"href":"https:\/\/dimensionturistica.com\/es\/wp-json\/wp\/v2\/types\/post"}],"author":[{"embeddable":true,"href":"https:\/\/dimensionturistica.com\/es\/wp-json\/wp\/v2\/users\/4"}],"replies":[{"embeddable":true,"href":"https:\/\/dimensionturistica.com\/es\/wp-json\/wp\/v2\/comments?post=146888"}],"version-history":[{"count":0,"href":"https:\/\/dimensionturistica.com\/es\/wp-json\/wp\/v2\/posts\/146888\/revisions"}],"wp:featuredmedia":[{"embeddable":true,"href":"https:\/\/dimensionturistica.com\/es\/wp-json\/wp\/v2\/media\/146889"}],"wp:attachment":[{"href":"https:\/\/dimensionturistica.com\/es\/wp-json\/wp\/v2\/media?parent=146888"}],"wp:term":[{"taxonomy":"category","embeddable":true,"href":"https:\/\/dimensionturistica.com\/es\/wp-json\/wp\/v2\/categories?post=146888"},{"taxonomy":"post_tag","embeddable":true,"href":"https:\/\/dimensionturistica.com\/es\/wp-json\/wp\/v2\/tags?post=146888"}],"curies":[{"name":"wp","href":"https:\/\/api.w.org\/{rel}","templated":true}]}}