{"id":146567,"date":"2021-06-24T23:11:54","date_gmt":"2021-06-24T23:11:54","guid":{"rendered":"https:\/\/dimensionturistica.com\/es\/?p=146567"},"modified":"2021-06-24T23:11:55","modified_gmt":"2021-06-24T23:11:55","slug":"lanzarote-dinamiza-el-mercado-nacional-de-la-mano-de-avoris-globalia","status":"publish","type":"post","link":"https:\/\/dimensionturistica.com\/es\/lanzarote-dinamiza-el-mercado-nacional-de-la-mano-de-avoris-globalia\/","title":{"rendered":"Lanzarote dinamiza el mercado nacional de la mano de \u00c1voris-Globalia"},"content":{"rendered":"<p> <br \/>\n<\/p>\n<div id=\"\">\n<p><img decoding=\"async\" itemprop=\"image\" src=\"https:\/\/www.lancelotdigital.com\/images\/2021\/06\/avoris.jpg\"\/><\/p>\n<p>&#13;<\/p>\n<p><strong>&#8220;La compa\u00f1\u00eda Iberojet, brazo a\u00e9reo de la corporaci\u00f3n, aumentar\u00e1 en agosto sus conexiones con la Pen\u00ednsula, lo que redundar\u00e1 positivamente en los precios de los billetes<\/strong><\/p>\n<p>&#13;<br \/>\n &#13;<\/p>\n<p>\u00a0<\/p>\n<p>&#13;<\/p>\n<li class=\"texto\"><i class=\"fa fa-file-text-o\"\/>Lancelot Digital<\/li>\n<p>\u00a0&#13;<\/p>\n<p>\u00a0<\/p>\n<p>&#13;<\/p>\n<p>Los consejeros delegados de Turismo Lanzarote y Centros Tur\u00edsticos, H\u00e9ctor Fern\u00e1ndez y Benjam\u00edn Perdomo, respectivamente, se han desplazado a Palma de Mallorca para sostener un encuentro con Emilio Rivas, CEO de la divisi\u00f3n mayorista del Grupo Globalia y director common de turoperaci\u00f3n de \u00c1voris Corporaci\u00f3n Empresarial, empresa resultante de la fusi\u00f3n de las divisiones de viajes del citado grupo y Barcel\u00f3, con el objetivo de dise\u00f1ar estrategias conjuntas que faciliten la dinamizaci\u00f3n del mercado nacional y la atracci\u00f3n de mercados Premium ubicados en el continente americano.<\/p>\n<p>&#13;<\/p>\n<p>\u00a0<\/p>\n<p>&#13;<\/p>\n<p>Durante el transcurso del encuentro, se abord\u00f3 el aumento de la conectividad de Lanzarote con la Pen\u00ednsula de la mano de la compa\u00f1\u00eda Iberojet, el brazo a\u00e9reo de \u00c1voris, que prev\u00e9 mejorar las conexiones a\u00e9reas con el territorio peninsular de forma inmediata el pr\u00f3ximo mes de agosto y planea la incorporaci\u00f3n, a partir de este mismo invierno, de una ruta que enlace el centro o el norte de Espa\u00f1a con la isla.<\/p>\n<p>&#13;<\/p>\n<p>\u00a0<\/p>\n<p>&#13;<\/p>\n<p>El consejero de Promoci\u00f3n Tur\u00edstica, \u00c1ngel V\u00e1zquez, considera en este sentido &#8220;una noticia muy positiva, de cara a impulsar la dinamizaci\u00f3n del mercado nacional, el anuncio realizado por uno de los m\u00e1s altos directivos de Globalia, considerado el principal grupo tur\u00edstico de Espa\u00f1a, ya que el incremento de conexiones a\u00e9reas con la Pen\u00ednsula este mismo verano podr\u00e1 repercutir positivamente en los precios de los billetes&#8221;.<\/p>\n<p>&#13;<\/p>\n<p>\u00a0<\/p>\n<p>&#13;<\/p>\n<p>Por su parte, el consejero delegado de SPEL-Turismo Lanzarote, H\u00e9ctor Fern\u00e1ndez, se mostr\u00f3 &#8220;muy satisfecho por los resultados de esta reuni\u00f3n de gran relevancia por la fortaleza del operador tur\u00edstico, en la que se abord\u00f3 la posibilidad de establecer acuerdos plurianuales, que permitir\u00edan una planificaci\u00f3n m\u00e1s a medio plazo&#8221;.<\/p>\n<p>&#13;<\/p>\n<h2><span style=\"font-size: 12pt;\">\u00a0<\/span><\/h2>\n<p>&#13;<\/p>\n<h2><span style=\"font-size: 12pt;\">Mercados Premium de Am\u00e9rica<\/span><\/h2>\n<p>&#13;<\/p>\n<p>\u00a0<\/p>\n<p>&#13;<\/p>\n<p>Por otro lado, los representantes lanzarote\u00f1os de Centros Tur\u00edsticos y Turismo Lanzarote acordaron asimismo con el representante de \u00c1voris Corporaci\u00f3n Empresarial-Globalia, seguir avanzando a medio plazo en el desarrollo de futuras acciones conjuntas con la divisi\u00f3n de agencias de viajes emisoras que este importante grupo tur\u00edstico nacional tiene en Am\u00e9rica, tanto en EE.UU. como en pa\u00edses Latam (Latinoam\u00e9rica) especialmente dirigidas a los segmentos m\u00e1s exclusivos de la costa Este de Norteam\u00e9rica (Nueva York), as\u00ed como de Brasil o Argentina, entre otras zonas del continente que se configuran a priori como potenciales mercados Premium.<\/p>\n<p>&#13;<\/p>\n<p>\u00a0<\/p>\n<p>&#13;<\/p>\n<p>El consejero delegado de los Centros Tur\u00edsticos, Benjam\u00edn Perdomo, destaca &#8220;la importancia de establecer s\u00f3lidas l\u00edneas de colaboraci\u00f3n con un grupo tur\u00edstico plenamente consolidado en un mercado con un gran potencial de clientes que quieren ser protagonistas de su viaje y que se interesan por descubrir la gastronom\u00eda y los paisajes de los destinos que visitan, y por participar activamente de sus rutas culturales y de sus tradiciones y costumbres&#8221;.<\/p>\n<p>&#13;<\/p>\n<p>\u00a0<\/p>\n<p>&#13;<\/p>\n<p>En este sentido, hay que recordar que tanto Air Europa, compa\u00f1\u00eda a\u00e9rea que forma parte de Globalia, como Iberojet, perteneciente a \u00c1voris, disponen de una amplia operativa de conexiones trasatl\u00e1nticas a trav\u00e9s de vuelos regulares y vuelos ch\u00e1rter, respectivamente.<\/p>\n<p>&#13;<\/p>\n<p>\u00a0<\/p>\n<p>&#13;<\/p>\n<h2><span style=\"font-size: 12pt;\">Nuevo grupo empresarial<\/span><\/h2>\n<p>&#13;<\/p>\n<p>\u00a0<\/p>\n<p>&#13;<\/p>\n<p>El grupo Globalia ha abordado la puesta en marcha de la fusi\u00f3n entre la divisi\u00f3n emisora del grupo y \u00c1voris, formando un nuevo conglomerado denominado \u00c1voris Corporaci\u00f3n Empresarial. Entre las marcas del nuevo grupo, se encuentran las redes de agencias Halc\u00f3n Viajes, Viajes Ecuador y B the journey model que mantendr\u00e1n sus ense\u00f1as y posicionamiento estrat\u00e9gico; los turoperadores Travelplan, Catai o Particular Excursions, entre otros; as\u00ed como las aerol\u00edneas Evelop y Orbest, que operar\u00e1n con la marca comercial Iberojet, entre otras divisiones y servicios.<\/p>\n<p>&#13;<\/p>\n<p>\u00a0<\/p>\n<p>&#13;<\/p>\n<p>\u00a0<\/p>\n<\/p><\/div>\n<p><script src=\"https:\/\/connect.facebook.net\/es_ES\/all.js#xfbml=1\" type=\"text\/javascript\"><\/script><script type=\"text\/javascript\">\n\/\/<![CDATA[\n   \twindow.fbAsyncInit = function() {\n\t\tFB.init({ appId: '171342606239806', \n\t\t\tstatus: true, \n\t\t\tcookie: true,\n\t\t\txfbml: true,\n\t\t\toauth: true\n\t\t});\n   \t\t    \n\t  \t\t};\n    \/\/      \n    jQuery(window).load(function() {\n    \t(function(){\n    \t\tif(!document.getElementById('fb-root')) {\n    \t\t\tvar root = document.createElement('div');\n    \t\t\troot.id = 'fb-root';\n    \t\t\tdocument.getElementById('gkfb-root').appendChild(root);\n    \t\t\tvar e = document.createElement('script');\n    \t\t\te.src = document.location.protocol + '\/\/connect.facebook.net\/es_ES\/all.js';\n    \t\t\te.async = true;\n    \t\t\tdocument.getElementById('fb-root').appendChild(e);\n    \t\t}  \n    \t})();\n    });\n    \/\/]]>\n<\/script><br \/>\n<br \/><\/p>\n<p><em> &#8221; Fuentes www.lancelotdigital.com &#8221; <\/em><\/p>\n","protected":false},"excerpt":{"rendered":"<p>&#13; &#8220;La compa\u00f1\u00eda Iberojet, brazo a\u00e9reo de la corporaci\u00f3n, aumentar\u00e1 en agosto sus conexiones con la Pen\u00ednsula, lo que redundar\u00e1 positivamente en los precios de los billetes &#13; &#13; \u00a0 &#13; Lancelot Digital \u00a0&#13; \u00a0 &#13; Los consejeros delegados de Turismo Lanzarote y Centros Tur\u00edsticos, H\u00e9ctor Fern\u00e1ndez y Benjam\u00edn Perdomo, respectivamente, se han desplazado a [&hellip;]<\/p>\n","protected":false},"author":4,"featured_media":146568,"comment_status":"open","ping_status":"closed","sticky":false,"template":"","format":"standard","meta":{"om_disable_all_campaigns":false,"jnews-multi-image_gallery":[],"jnews_single_post":[],"jnews_primary_category":[],"jnews_social_meta":[],"footnotes":""},"categories":[40],"tags":[946],"class_list":["post-146567","post","type-post","status-publish","format-standard","has-post-thumbnail","hentry","category-industria","tag-lancelot-digital-noticias-lanzarote-diario-digital-periodico-canarias-sucesos-deportes-cultura-vida-social-opinion-semanario-revista"],"_links":{"self":[{"href":"https:\/\/dimensionturistica.com\/es\/wp-json\/wp\/v2\/posts\/146567","targetHints":{"allow":["GET"]}}],"collection":[{"href":"https:\/\/dimensionturistica.com\/es\/wp-json\/wp\/v2\/posts"}],"about":[{"href":"https:\/\/dimensionturistica.com\/es\/wp-json\/wp\/v2\/types\/post"}],"author":[{"embeddable":true,"href":"https:\/\/dimensionturistica.com\/es\/wp-json\/wp\/v2\/users\/4"}],"replies":[{"embeddable":true,"href":"https:\/\/dimensionturistica.com\/es\/wp-json\/wp\/v2\/comments?post=146567"}],"version-history":[{"count":0,"href":"https:\/\/dimensionturistica.com\/es\/wp-json\/wp\/v2\/posts\/146567\/revisions"}],"wp:featuredmedia":[{"embeddable":true,"href":"https:\/\/dimensionturistica.com\/es\/wp-json\/wp\/v2\/media\/146568"}],"wp:attachment":[{"href":"https:\/\/dimensionturistica.com\/es\/wp-json\/wp\/v2\/media?parent=146567"}],"wp:term":[{"taxonomy":"category","embeddable":true,"href":"https:\/\/dimensionturistica.com\/es\/wp-json\/wp\/v2\/categories?post=146567"},{"taxonomy":"post_tag","embeddable":true,"href":"https:\/\/dimensionturistica.com\/es\/wp-json\/wp\/v2\/tags?post=146567"}],"curies":[{"name":"wp","href":"https:\/\/api.w.org\/{rel}","templated":true}]}}