{"id":146358,"date":"2021-06-24T14:32:36","date_gmt":"2021-06-24T14:32:36","guid":{"rendered":"https:\/\/dimensionturistica.com\/es\/?p=146358"},"modified":"2021-06-24T14:32:36","modified_gmt":"2021-06-24T14:32:36","slug":"ritmo-de-crucero-en-vacunaciones-solo-quintos-del-82-nueva-vacuna-los-del","status":"publish","type":"post","link":"https:\/\/dimensionturistica.com\/es\/ritmo-de-crucero-en-vacunaciones-solo-quintos-del-82-nueva-vacuna-los-del\/","title":{"rendered":"Ritmo de crucero en vacunaciones, solo quintos del 82 nueva vacuna, los del&#8230;"},"content":{"rendered":"<p> <br \/>\n<\/p>\n<div>\n<p>Vacunaciones cada vez m\u00e1s y eso hace que sean m\u00e1s los zamoranos que queden vacunados ya con pauta completa, en esta semana se han pinchado 8.419 vacunas en Zamora y Benavente<\/p>\n<p>En la semana del 17 al 21 de junio se han inoculado 14.371 vacunas cifras r\u00e9cord y con resultados que ayudan a que el porcentaje sea bueno y Zamora tome en muchos casos la delantera a las dem\u00e1s provincias de la Comunidad..<\/p>\n<p>Esta semana ser\u00e1n<strong> los nacidos en 1982 solo los que reciban su primera dosis<\/strong>, es tiempo para que los quintos de a\u00f1adas ya vacunados con la primera dosis cumplan con el fin de la pauta y se inoculen la segunda.<\/p>\n<p>Las segundas dosis se administrar\u00e1n a los quintos de los a\u00f1os, 65, 66, y 67 con Moderna y a los del\u00a0 68 69 70 y 71 ser\u00e1 con Pfizer su segunda dosis establecida ya en la primera vacunaci\u00f3n..<\/p>\n<p>Ser\u00e1n los d\u00edas del 28 de junio y hasta el 1 de julio los que se establecen como d\u00edas de vacunas en esta semana de Fiestas de San Pedro.<\/p>\n<p>Estos son los calendarios que tendr\u00e1n que cumplir los quintos de los a\u00f1os 65 y hasta el 71 para inocularse la segunda dosis que cierran el fin de la pauta establecida.<\/p>\n<p>Adem\u00e1s las nueva pautas tambi\u00e9n llegar\u00e1n a la Polic\u00eda Native y Nacional, tambi\u00e9n los Veterinarios y fisioterapeutas obtendr\u00e1n su\u00a0segunda dosis el d\u00eda 28\u00a0de junio.<\/p>\n<p>La pr\u00f3xima semana recibir\u00e1n su primera dosis las personas nacidas en 1982. Adem\u00e1s se administrar\u00e1n las segundas dosis a los nacidos en 1956, 1957, 1965, 1966, 1968, 1969, 1970 y 1971. El llamamiento ser\u00e1 por cartel informativo y no por llamada particular person<\/p>\n<p>En cuanto a los nacidos en 1956 y 1957, se administrar\u00e1n las segundas dosis el martes 29 de junio, mi\u00e9rcoles 30 de junio y jueves 1 de julio en IFEZA, y el viernes 2 de julio en Centro de Negocios de Benavente. Se trata de una convocatoria exclusiva para todas aquellas personas nacidas en 1956 y 1957 que recibieron la primera dosis de vacuna AstraZeneca entre los d\u00edas 6 a 16 de abril en el Teatro Ramos Carri\u00f3n o en el Hospital de Benavente.<\/p>\n<p>Los nacidos en 1965 y 1966 recibir\u00e1n sus segundas dosis el mi\u00e9rcoles 30 de junio en IFEZA. Se trata de una convocatoria exclusiva para todas aquellas personas que recibieron la primera dosis de vacuna Moderna el d\u00eda 2 de junio en IFEZA.<\/p>\n<p>Por su parte, los nacidos en 1968, 1969, 1970 y 1971 recibir\u00e1n sus segundas dosis el martes 29 de junio y jueves 1 de julio en IFEZA. Se trata de una convocatoria exclusiva para todas aquellas personas que recibieron la primera dosis de vacuna Pfizer los d\u00edas 8 y 10 de junio en IFEZA.<\/p>\n<p>Los nacidos en 1982 recibir\u00e1n las primeras dosis el lunes 28 de junio en IFEZA y el viernes 2 de julio en el Centro de Negocios de Benavente. Aquellas personas nacidas entre 1977 y 1981 y que no pudieron acudir al anterior llamamiento, podr\u00e1n tambi\u00e9n asistir este d\u00eda en un horario correspondiente a su mes de nacimiento.<\/p>\n<p>Adem\u00e1s, los nacidos antes de 1977 y que est\u00e9n pendientes de vacunaci\u00f3n deber\u00e1n ponerse en contacto con su Centro de Salud.<\/p>\n<p>En cuanto a vacunaciones con cita previa, es decir con llamada telef\u00f3nica particular person, durante los pr\u00f3ximos d\u00edas:<\/p>\n<p>Polic\u00eda Nacional, Guardia Civil y Polic\u00eda Native pendiente de segunda dosis: Lunes 28 de junio en IFEZA<\/p>\n<p>Veterinarios, fisioterapeutas, farmac\u00e9uticos y otros grupos de riesgo pendientes de segunda dosis: Lunes 28 de junio en IFEZA.<\/p>\n<p>Recaptaci\u00f3n de personas pendientes de vacunar de cualquier grupo de edad por encima de 60 a\u00f1os y de los Grupos de Riesgo: Hospital Virgen de la Concha y en cada Centro de Salud.<\/p>\n<p>Se recuerda que toda persona que acuda a vacunarse debe llevar el DNI y la tarjeta sanitaria o de mutualista.<\/p>\n<p>Se informa, asimismo, que en el siguiente enlace se pueden consultar los calendarios de vacunaci\u00f3n: https:\/\/www.saludcastillayleon.es\/es\/covid-19-poblacion\/vacunacion-covid<\/p>\n<p>Con respecto al ritmo de vacunaci\u00f3n en la provincia, a fecha de 22-06-2021, Zamora ha administrado un complete de <strong>172.406 vacunas, el 62,76% de la poblaci\u00f3n ya ha recibido la primera dosis y 68.806 personas ya han recibido las dos dosis.<\/strong><\/p>\n<p>\u00a0Clara San Dami\u00e1n, ped\u00eda\u00a0recordar a todos los zamoranos que \u201ccada vez es m\u00e1s importante atender a los carteles de vacunaci\u00f3n, y solo son oficiales los que distribuye la Junta, que tambi\u00e9n pueden ser consultados en la web\u201d. La Delegada Territorial ha comentado que \u201chay que respetar los horarios para evitar colas y aglomeraciones de gente, ya que podr\u00edan suponer un riesgo de contagio entre los presentes y dificultan la labor del personal sanitario. La colaboraci\u00f3n de todos es la clave para hacer esto lo m\u00e1s f\u00e1cil y r\u00e1pido posible\u201d.<\/p>\n<p>CARTELES JCYL\u00a0<\/p>\n<p><a rel=\"nofollow noopener\" target=\"_blank\" href=\"https:\/\/zamoranews.opennemas.com\/media\/zamoranews\/files\/2021\/06\/24\/BENAVENTE%202%20JULIO%202021_nacidos%201956%20y%201957_SEGUNDA%20DOSIS.PDF\">BENAVENTE DESCARGA\u00a0<\/a>\u00a0 56 Y 57 SEGUNDA DOSIS<\/p>\n<p><a rel=\"nofollow noopener\" target=\"_blank\" href=\"https:\/\/zamoranews.opennemas.com\/media\/zamoranews\/files\/2021\/06\/24\/BENAVENTE_2%20JULIO%202021_nacidos%201982%20y%201977%20a%201981.pdf\">BENAVENTE_2 JULIO 2021_nacidos 1982 y 1977 a 1981<\/a><\/p>\n<p><a rel=\"nofollow noopener\" target=\"_blank\" href=\"https:\/\/zamoranews.opennemas.com\/media\/zamoranews\/files\/2021\/06\/24\/ZAMORA%2029%20a%201%20JULIO%202021_nacidos%201956%20y%201957_SEGUNDA%20DOSIS.PDF\">ZAMORA 29 a 1 JULIO 2021_nacidos 1956 y 1957_SEGUNDA DOSIS<\/a><\/p>\n<p><a rel=\"nofollow noopener\" target=\"_blank\" href=\"https:\/\/zamoranews.opennemas.com\/media\/zamoranews\/files\/2021\/06\/24\/ZAMORA%2029%20JUNIO%20y%201%20JULIO%202021_nacidos%201968%20a%201971_SEGUNDA%20DOSIS.PDF\">ZAMORA 29 JUNIO y 1 JULIO 2021_nacidos 1968 a 1971_SEGUNDA DOSIS<\/a><\/p>\n<p><a rel=\"nofollow noopener\" target=\"_blank\" href=\"https:\/\/zamoranews.opennemas.com\/media\/zamoranews\/files\/2021\/06\/24\/ZAMORA%2030%20JUNIO%202021_nacidos%201965%20y%201966_SEGUNDA%20DOSIS.PDF\">ZAMORA 30 JUNIO 2021_nacidos 1965 y 1966_SEGUNDA DOSIS<\/a><\/p>\n<p><a rel=\"nofollow noopener\" target=\"_blank\" href=\"https:\/\/zamoranews.opennemas.com\/media\/zamoranews\/files\/2021\/06\/24\/ZAMORA_28%20JUNIO%202021_nacidos%201982%20y%201977%20a%201981.pdf\">ZAMORA_28 JUNIO 2021_nacidos 1982 y 1977 a 1981<\/a><\/p>\n<p>NUEVA VACUNACI\u00d3N PARA LOS QUINTOS DEL 82 VACUNA 28 DE JUNIO<a rel=\"nofollow noopener\" target=\"_blank\" href=\"https:\/\/dimensionturistica.com\/es\/wp-content\/uploads\/2021\/06\/Ritmo-de-crucero-en-vacunaciones-solo-quintos-del-82-nueva.jpg\"><img decoding=\"async\" alt=\"\" style=\"width: 504px; height: 680px;\" src=\"https:\/\/dimensionturistica.com\/es\/wp-content\/uploads\/2021\/06\/Ritmo-de-crucero-en-vacunaciones-solo-quintos-del-82-nueva.jpg\"\/><\/a><\/p>\n<p>SEGUNDA DOSIS 1956 Y 57\u00a0 \u00a0VACUNACI\u00d3N 29 Y 30 DE JUNIO Y 1 DE JULIO<\/p>\n<p>\u00a0<a rel=\"nofollow noopener\" target=\"_blank\" href=\"https:\/\/dimensionturistica.com\/es\/wp-content\/uploads\/2021\/06\/1624545154_547_Ritmo-de-crucero-en-vacunaciones-solo-quintos-del-82-nueva.jpg\"><img decoding=\"async\" alt=\"\" style=\"width: 455px; height: 637px;\" src=\"https:\/\/dimensionturistica.com\/es\/wp-content\/uploads\/2021\/06\/1624545154_547_Ritmo-de-crucero-en-vacunaciones-solo-quintos-del-82-nueva.jpg\"\/><\/a><\/p>\n<p>1965 Y 1966 VACUNACI\u00d3N 30 DE JUNIO EN IFEZA\u00a0<\/p>\n<p><a rel=\"nofollow noopener\" target=\"_blank\" href=\"https:\/\/dimensionturistica.com\/es\/wp-content\/uploads\/2021\/06\/1624545154_411_Ritmo-de-crucero-en-vacunaciones-solo-quintos-del-82-nueva.jpg\"><img decoding=\"async\" alt=\"\" style=\"width: 464px; height: 622px;\" src=\"https:\/\/dimensionturistica.com\/es\/wp-content\/uploads\/2021\/06\/1624545154_411_Ritmo-de-crucero-en-vacunaciones-solo-quintos-del-82-nueva.jpg\"\/><\/a><\/p>\n<p>QUINTOS DEL 68 AL 71 SEGUNDA DOSIS EN ZAMORA DEIAS 29 DE JUNIO Y 1 DE JULIO\u00a0\u00a0<a rel=\"nofollow noopener\" target=\"_blank\" href=\"https:\/\/dimensionturistica.com\/es\/wp-content\/uploads\/2021\/06\/1624545154_163_Ritmo-de-crucero-en-vacunaciones-solo-quintos-del-82-nueva.jpg\"><img decoding=\"async\" alt=\"\" style=\"width: 447px; height: 614px;\" src=\"https:\/\/dimensionturistica.com\/es\/wp-content\/uploads\/2021\/06\/1624545154_163_Ritmo-de-crucero-en-vacunaciones-solo-quintos-del-82-nueva.jpg\"\/><\/a><\/p>\n<p>QUINTOS DE 1956 Y 1957 EN BENAVENTE SEGUNDA DOSIS 1 DE JULIO\u00a0<\/p>\n<p><a rel=\"nofollow noopener\" target=\"_blank\" href=\"https:\/\/dimensionturistica.com\/es\/wp-content\/uploads\/2021\/06\/1624545154_831_Ritmo-de-crucero-en-vacunaciones-solo-quintos-del-82-nueva.jpg\"><img decoding=\"async\" alt=\"\" style=\"width: 444px; height: 643px;\" src=\"https:\/\/dimensionturistica.com\/es\/wp-content\/uploads\/2021\/06\/1624545154_831_Ritmo-de-crucero-en-vacunaciones-solo-quintos-del-82-nueva.jpg\"\/><\/a><\/p>\n<\/div>\n\n<p><em> &#8221; Fuentes www.zamoranews.com &#8221; <\/em><\/p>\n","protected":false},"excerpt":{"rendered":"<p>Vacunaciones cada vez m\u00e1s y eso hace que sean m\u00e1s los zamoranos que queden vacunados ya con pauta completa, en esta semana se han pinchado 8.419 vacunas en Zamora y Benavente En la semana del 17 al 21 de junio se han inoculado 14.371 vacunas cifras r\u00e9cord y con resultados que ayudan a que el [&hellip;]<\/p>\n","protected":false},"author":4,"featured_media":146359,"comment_status":"open","ping_status":"closed","sticky":false,"template":"","format":"standard","meta":{"om_disable_all_campaigns":false,"jnews-multi-image_gallery":[],"jnews_single_post":[],"jnews_primary_category":[],"jnews_social_meta":[],"footnotes":""},"categories":[41],"tags":[3020,26166,1597,14010],"class_list":["post-146358","post","type-post","status-publish","format-standard","has-post-thumbnail","hentry","category-cruceros","tag-cierre","tag-quintos","tag-vacuna","tag-vacunaciones"],"_links":{"self":[{"href":"https:\/\/dimensionturistica.com\/es\/wp-json\/wp\/v2\/posts\/146358","targetHints":{"allow":["GET"]}}],"collection":[{"href":"https:\/\/dimensionturistica.com\/es\/wp-json\/wp\/v2\/posts"}],"about":[{"href":"https:\/\/dimensionturistica.com\/es\/wp-json\/wp\/v2\/types\/post"}],"author":[{"embeddable":true,"href":"https:\/\/dimensionturistica.com\/es\/wp-json\/wp\/v2\/users\/4"}],"replies":[{"embeddable":true,"href":"https:\/\/dimensionturistica.com\/es\/wp-json\/wp\/v2\/comments?post=146358"}],"version-history":[{"count":0,"href":"https:\/\/dimensionturistica.com\/es\/wp-json\/wp\/v2\/posts\/146358\/revisions"}],"wp:featuredmedia":[{"embeddable":true,"href":"https:\/\/dimensionturistica.com\/es\/wp-json\/wp\/v2\/media\/146359"}],"wp:attachment":[{"href":"https:\/\/dimensionturistica.com\/es\/wp-json\/wp\/v2\/media?parent=146358"}],"wp:term":[{"taxonomy":"category","embeddable":true,"href":"https:\/\/dimensionturistica.com\/es\/wp-json\/wp\/v2\/categories?post=146358"},{"taxonomy":"post_tag","embeddable":true,"href":"https:\/\/dimensionturistica.com\/es\/wp-json\/wp\/v2\/tags?post=146358"}],"curies":[{"name":"wp","href":"https:\/\/api.w.org\/{rel}","templated":true}]}}