{"id":145091,"date":"2021-06-22T15:21:20","date_gmt":"2021-06-22T15:21:20","guid":{"rendered":"https:\/\/dimensionturistica.com\/es\/?p=145091"},"modified":"2021-06-22T15:21:20","modified_gmt":"2021-06-22T15:21:20","slug":"las-mejores-planchas-de-pelo-con-descuento-en-el-prime-day","status":"publish","type":"post","link":"https:\/\/dimensionturistica.com\/es\/las-mejores-planchas-de-pelo-con-descuento-en-el-prime-day\/","title":{"rendered":"Las mejores planchas de pelo con descuento en el Prime Day"},"content":{"rendered":"<p> <br \/>\n<\/p>\n<div id=\"\">\n                <!-- ## MOBILE ROBAPAGINAS --><\/p>\n<p>Aunque hay formas de conseguir<a rel=\"nofollow noopener\" target=\"_blank\" href=\"https:\/\/www.hola.com\/seleccion\/20210618191583\/trucos-crear-ondas-sin-calor-pelo\/\">\u00a0<strong>ondas sin calor<\/strong><\/a>, lo cierto es que para conseguir\u00a0<strong>un cabello liso<\/strong>\u00a0perfecto, necesitas una\u00a0<strong>plancha<\/strong>. La herramienta de calor m\u00e1s fashionable desde hace a\u00f1os mantiene sus dominios y\u00a0<strong>los modelos<\/strong>\u00a0mejoran su tecnolog\u00eda para ponerse a tu servicio de la mejor forma posible. Es el caso de algunos de los que encuentras a continuaci\u00f3n que, con motivo del\u00a0<strong><em>Prime Day\u00a0<\/em>de Amazon<\/strong>\u00a0encuentras a un precio considerablemente m\u00e1s bajo que el unique.\u00a0<\/p>\n<p>&#13;<br \/>\n&#13;<\/p>\n<h3><strong>Comparativa de las mejores planchas de pelo: conclusiones<\/strong><\/h3>\n<p>&#13;<br \/>\n&#13;<\/p>\n<p>A la hora de establecer cierto criterio para comprar\u00a0<strong>la mejor plancha de pelo<\/strong>, es necesario fijarse en varios aspectos. El primero, y m\u00e1s importante, es la forma en que\u00a0<strong>respete la integridad de la fibra<\/strong>\u00a0con cierto management en la temperatura. Muchos de los modelos que ver\u00e1s a continuaci\u00f3n cuentan con unos <strong>valores m\u00e1ximos<\/strong> que, complementados con\u00a0<strong>protectores t\u00e9rmicos<\/strong>, preservar\u00e1n la salud de tu melena de la mejor forma. Tambi\u00e9n <strong>el tiempo que tarde en calentarse<\/strong>, la longitud del cable y la <strong>majeabilidad y ergonom\u00eda<\/strong> son fundamentales. Todo ello, bajo cada uno de <strong>los\u00a0<em>bestsellers<\/em>\u00a0de las firmas en Amazon,<\/strong> es lo que tratamos en la selecci\u00f3n.\u00a0<\/p>\n<p>&#13;<br \/>\n&#13;<\/p>\n<p style=\"text-align:center\">&#8211; <a rel=\"nofollow noopener\" target=\"_blank\" href=\"https:\/\/www.hola.com\/seleccion\/20210613191231\/mejores-protectores-termicos-pelo\/\"><strong>Consigue una melena fuerte y brillante con estos protectores t\u00e9rmicos, uno por cada tipo de pelo<\/strong><\/a><\/p>\n<p>&#13;<br \/>\n&#13;<\/p>\n<h3><strong>Caracter\u00edsticas que hemos tenido en cuenta a la hora de analizar estas planchas de pelo<\/strong><\/h3>\n<p>&#13;<br \/>\n&#13;<\/p>\n<ul>\n<li>Manejabildiad y ergonom\u00eda del dispositivo<\/li>\n<p>&#13;<\/p>\n<li>Longitud del cable<\/li>\n<p>&#13;<\/p>\n<li>Management de temperatura<\/li>\n<p>&#13;<\/p>\n<li>Materiales aptos para todo tipo de cabello<\/li>\n<p>&#13;<\/p>\n<li>Experiencia de los usuarios<\/li>\n<p>&#13;\n<\/ul>\n<h2 style=\"text-align:center\"><strong>Mejores planchas de pelo con descuento en el Prime Day<\/strong><\/h2>\n<p>&#13;<br \/>\n&#13;<\/p>\n<h3 style=\"text-align:center\"><strong>La mejor plancha para alisar y rizar: &#8216;Curl &amp; Straight Confidence de Remington<\/strong><\/h3>\n<p>&#13;<br \/>\n&#13;<\/p>\n<p style=\"text-align:center\">\n    <a rel=\"nofollow noopener\" target=\"_blank\" itemscope=\"\" itemtype=\"https:\/\/schema.org\/ImageObject\" href=\"http:\/\/amzn.to\/3gJbIh9\" title=\"plancha-remington-prime-rebajas\" class=\"\"><br \/>\n        <img decoding=\"async\" alt=\"plancha-remington-prime-rebajas\" itemprop=\"url\" src=\"https:\/\/www.hola.com\/imagenes\/seleccion\/20210622191871\/mejores-planchas-de-pelo\/0-967-118\/plancha-remington-prime-rebajas-z.jpg\"\/><span><i data-icon=\"1\" class=\"icon\"\/><\/span><br \/>\n        <span class=\"copyright\" data-copy=\"\"\/><br \/>\n        <meta itemprop=\"width\" content=\"\"\/><meta itemprop=\"height\" content=\"\"\/><\/a>\n<\/p>\n<p>&#13;<br \/>\n&#13;<\/p>\n<p style=\"text-align:center\"><a rel=\"nofollow noopener\" target=\"_blank\" class=\"affiliate__button affiliate\" href=\"https:\/\/amzn.to\/3gJbIh9\">COMPRAR EN AMAZON\u00a0POR (<strike>72,99<\/strike>) 39,99 \u20ac<\/a><\/p>\n<p>&#13;<br \/>\n&#13;<\/p>\n<p style=\"text-align:center\"><strong>FICHA T\u00c9CNICA<\/strong><\/p>\n<p>&#13;<br \/>\n&#13;<\/p>\n<ul>\n<li style=\"text-align: center;\"><strong>Modelo:\u00a0<\/strong><em>Curl &amp; Straight Confidence<\/em><\/li>\n<p>&#13;<\/p>\n<li style=\"text-align: center;\"><strong>Marca:\u00a0<\/strong>Remington<\/li>\n<p>&#13;<\/p>\n<li style=\"text-align: center;\"><strong>Apagado autom\u00e1tico:\u00a0<\/strong>60 segundos<\/li>\n<p>&#13;<\/p>\n<li style=\"text-align: center;\"><strong>Management de temperatura:\u00a0<\/strong>s\u00ed<\/li>\n<p>&#13;<\/p>\n<li style=\"text-align: center;\"><strong>Lista para usar en:\u00a0<\/strong>30 segundos<\/li>\n<p>&#13;<\/p>\n<li style=\"text-align: center;\"><strong>Longitud del cable:\u00a0<\/strong>3 metros<\/li>\n<p>&#13;\n<\/ul>\n<p style=\"text-align:center\">Si has llegado aqu\u00ed buscando una\u00a0<strong>plancha de pelo<\/strong>\u00a0que, adem\u00e1s de alisar tambi\u00e9n cree las ondas m\u00e1s bonitas, la acabas de encontrar. As\u00ed se proclama la ic\u00f3nica\u00a0<em><strong>Curl &amp; Straight Confidence<\/strong><\/em>\u00a0de\u00a0<strong>Remington<\/strong>\u00a0que, como su propio nombre indica, est\u00e1 dise\u00f1ada para ambas tareas. Esto se debe al dise\u00f1o de sus <strong>placas de cer\u00e1mica<\/strong>, <strong>dispuestas en espiral <\/strong>para que puedas confeccionar cualquier estilo sin esfuerzo. Adem\u00e1s, como innovaci\u00f3n, incluye una<strong> punta fr\u00eda <\/strong>de forma redondeda que enfr\u00eda el mech\u00f3n para <strong>sellar la forma<\/strong> al instante. Tambi\u00e9n cuenta con un whole de\u00a0<strong>5 ajustes de temperatura<\/strong>, que van desde los 150 \u00baC\u00a0a los 230 \u00baC y con un\u00a0<strong>apagado autom\u00e1tico en 60 segundos<\/strong>. El doble de lo que tarda en calentarse para que la puedas usar. Su cable giratorio de\u00a0<strong>tres metros<\/strong>\u00a0tambi\u00e9n facilita el uso.\u00a0<\/p>\n<p>&#13;<br \/>\n&#13;<\/p>\n<p style=\"text-align:center\"><strong>Professionals:\u00a0<\/strong>Sirve tanto para alisar como para ondular y cuenta con una punta en fr\u00edo que sella el resultado al instante.<\/p>\n<p>&#13;<br \/>\n&#13;<\/p>\n<p style=\"text-align:center\"><strong>Contras:\u00a0<\/strong>Llega a temperaturas demasiado altas para la integridad de la fibra. Procura mantenerla al m\u00ednimo en todo momento o usa un protector t\u00e9rmico eficaz.\u00a0<\/p>\n<p>&#13;<br \/>\n&#13;<\/p>\n<h3 style=\"text-align:center\"><strong>La mejor plancha para mujeres con prisa: &#8216;ST397E&#8217; de BaByliss<\/strong><\/h3>\n<p>&#13;<br \/>\n&#13;<\/p>\n<p style=\"text-align:center\">\n    <a rel=\"nofollow noopener\" target=\"_blank\" itemscope=\"\" itemtype=\"https:\/\/schema.org\/ImageObject\" href=\"https:\/\/amzn.to\/2STECSz\" title=\"plancha-pelo-babyliss\" class=\"\"><br \/>\n        <img decoding=\"async\" alt=\"plancha-pelo-babyliss\" itemprop=\"url\" src=\"https:\/\/www.hola.com\/imagenes\/seleccion\/20210622191871\/mejores-planchas-de-pelo\/0-967-110\/plancha-pelo-babyliss-z.jpg\"\/><span><i data-icon=\"1\" class=\"icon\"\/><\/span><br \/>\n        <span class=\"copyright\" data-copy=\"\"\/><br \/>\n        <meta itemprop=\"width\" content=\"\"\/><meta itemprop=\"height\" content=\"\"\/><\/a>\n<\/p>\n<p>&#13;<br \/>\n&#13;<\/p>\n<p style=\"text-align:center\"><a rel=\"nofollow noopener\" target=\"_blank\" class=\"affiliate__button affiliate\" href=\"https:\/\/amzn.to\/2STECSz\">COMPRAR EN AMAZON POR (<strike>69,90<\/strike>) 27,80 \u20ac<\/a><\/p>\n<p>&#13;<br \/>\n&#13;<\/p>\n<p style=\"text-align:center\"><strong>FICHA T\u00c9CNICA<\/strong><\/p>\n<p>&#13;<br \/>\n&#13;<\/p>\n<ul>\n<li style=\"text-align: center;\"><strong>Modelo:\u00a0<\/strong><em>ST397E<\/em><\/li>\n<p>&#13;<\/p>\n<li style=\"text-align: center;\"><strong>Marca:\u00a0<\/strong>BaByliss<\/li>\n<p>&#13;<\/p>\n<li style=\"text-align: center;\"><strong>Apagado autom\u00e1tico:\u00a0<\/strong>S\u00ed<\/li>\n<p>&#13;<\/p>\n<li style=\"text-align: center;\"><strong>Management de temperatura: <\/strong>S\u00ed<\/li>\n<p>&#13;<\/p>\n<li style=\"text-align: center;\"><strong>Lista para usar en:\u00a0<\/strong>30 segundos<\/li>\n<p>&#13;<\/p>\n<li style=\"text-align: center;\"><strong>Longitud del cable:\u00a0<\/strong>2.5 metros<\/li>\n<p>&#13;\n<\/ul>\n<p style=\"text-align:center\">Una de las herramientas de calor favoritas de los salones de belleza a nivel internacional es, precisamente,\u00a0<strong>esta plancha de BaByliss<\/strong>\u00a0y cuando leas todas sus cualidades vas a entender por qu\u00e9. Sus placas de cer\u00e1mica con turmalina no solo ejercen su funci\u00f3n alisadora a la perfecci\u00f3n, sino que al mismo tiempo <strong>protegen tu cabello y sellan el resultado<\/strong> con un golpe de fr\u00edo. Dichas placas se encargan de controlar la temperatura, <strong>ajustable de 140 \u00baC a 235 \u00baC<\/strong>, mientras que el peine extra\u00edble cepilla todo muy bien para resultados m\u00e1s impolutos y hasta profesionales. Por otro lado, el cable de 2 metros y medio har\u00e1 que puedas usarla desde el enchufe que mejor te venga y est\u00e1 especialmente indicada para\u00a0<strong>cabellos largos y densos<\/strong>. Funciona mediante tecnolog\u00eda i\u00f3nica de forma que <strong>se deshace de cualquier rastro de electricidad est\u00e1tica<\/strong>. Es decir, que puedes ir despidi\u00e9ndote del encrespamiento con dicho uso.\u00a0<\/p>\n<p>&#13;<br \/>\n&#13;<\/p>\n<p style=\"text-align:center\"><strong>Professionals:\u00a0<\/strong>Es excellent para cabellos largos y densos que, adem\u00e1s, presenten encrespamiento de forma pure.<\/p>\n<p>&#13;<br \/>\n&#13;<\/p>\n<p style=\"text-align:center\"><strong>Contras: <\/strong>Seg\u00fan los usuarios, tarda m\u00e1s en calentarse del todo que en apagarse cuando est\u00e1 en desuso.<\/p>\n<p>&#13;<br \/>\n&#13;<\/p>\n<h3 style=\"text-align:center\"><strong>La mejor plancha para controlar la temperatura: &#8216;Final Expertise&#8217; de Rowenta<\/strong><\/h3>\n<p>&#13;<br \/>\n&#13;<\/p>\n<p style=\"text-align:center\">\n    <a rel=\"nofollow noopener\" target=\"_blank\" itemscope=\"\" itemtype=\"https:\/\/schema.org\/ImageObject\" href=\"https:\/\/amzn.to\/3gVbClk\" title=\"plancha-rowenta\" class=\"\"><br \/>\n        <img decoding=\"async\" alt=\"plancha-rowenta\" itemprop=\"url\" src=\"https:\/\/www.hola.com\/imagenes\/seleccion\/20210622191871\/mejores-planchas-de-pelo\/0-967-114\/plancha-rowenta-z.jpg\"\/><span><i data-icon=\"1\" class=\"icon\"\/><\/span><br \/>\n        <span class=\"copyright\" data-copy=\"\"\/><br \/>\n        <meta itemprop=\"width\" content=\"\"\/><meta itemprop=\"height\" content=\"\"\/><\/a>\n<\/p>\n<p>&#13;<br \/>\n&#13;<\/p>\n<p style=\"text-align:center\"><a rel=\"nofollow noopener\" target=\"_blank\" class=\"affiliate__button affiliate\" href=\"https:\/\/amzn.to\/3gVbClk\">COMPRAR EN AMAZON POR (<strike>149,99<\/strike>) 82,79 \u20ac<\/a><\/p>\n<p>&#13;<br \/>\n&#13;<\/p>\n<p style=\"text-align:center\"><strong>FICHA T\u00c9CNICA<\/strong><\/p>\n<p>&#13;<br \/>\n&#13;<\/p>\n<ul>\n<li style=\"text-align: center;\"><strong>Modelo:\u00a0<\/strong><em>Profesional Final Expertise<\/em><\/li>\n<p>&#13;<\/p>\n<li style=\"text-align: center;\"><strong>Marca:\u00a0<\/strong>Rowenta<\/li>\n<p>&#13;<\/p>\n<li style=\"text-align: center;\"><strong>Apagado autom\u00e1tico:\u00a0<\/strong>No<\/li>\n<p>&#13;<\/p>\n<li style=\"text-align: center;\"><strong>Management de temperatura:\u00a0<\/strong>S\u00ed<\/li>\n<p>&#13;<\/p>\n<li style=\"text-align: center;\"><strong>Lista para usar en:\u00a0<\/strong>30 segundos<\/li>\n<p>&#13;<\/p>\n<li style=\"text-align: center;\"><strong>Cable:\u00a0<\/strong>Giratorio 360\u00ba<\/li>\n<p>&#13;\n<\/ul>\n<p style=\"text-align:center\">Si tu cabello ya ha sufrido lo suficiente como para estar exponi\u00e9ndolo a temperaturas demasiado altas, esta plancha de pelo de Rowenta es la mejor para usar de manera puntual. Es el modelo\u00a0<strong><em>Profesional Final Expertise SF8210<\/em><\/strong>\u00a0y es excellent tanto para alisar como para ondular y rizar seg\u00fan tu propio manejo con el mango. El fabricante destaca el equilibrio entre &#8220;deslizamiento y agarres profesional para resultados de peluquer\u00eda&#8221;, corroborado por clientas satisfechas que tambi\u00e9n destacan su facilidad de uso, seas o no peluquera. Es importante tambi\u00e9n la presencia de\u00a0<strong>su tecnolog\u00eda de termocontrol<\/strong>, cuya difusi\u00f3n de calor m\u00e1xima se mantiene homog\u00e9nea de ra\u00edces a puntas para no perturbar el delicado estado de salud de ciertas melenas. De hecho, tambi\u00e9n ha sido catalogada como\u00a0<strong>antirotura<\/strong>\u00a0y ofrece acabados sedosos y brillantes sin sobrecalientamientos indeseados.<\/p>\n<p>&#13;<br \/>\n&#13;<\/p>\n<p style=\"text-align:center\"><strong>Professionals:\u00a0<\/strong>Su management de la temperatura, excellent para cabe\u00f1os da\u00f1ados por qu\u00edmicos y otras herramientas de calor.<\/p>\n<p>&#13;<br \/>\n&#13;<\/p>\n<p style=\"text-align:center\"><strong>Contras:\u00a0<\/strong>No cuenta con apagado autom\u00e1tico<\/p>\n<p>&#13;<br \/>\n&#13;<\/p>\n<h3 style=\"text-align:center\"><strong>La mejor plancha para viajes: &#8216;EH-HS9&#8217; de Panasonic<\/strong><\/h3>\n<p>&#13;<br \/>\n&#13;<\/p>\n<p style=\"text-align:center\">\n    <a rel=\"nofollow noopener\" target=\"_blank\" itemscope=\"\" itemtype=\"https:\/\/schema.org\/ImageObject\" href=\"https:\/\/amzn.to\/3vMBhC8\" title=\"plancha-pelo-panasonic\" class=\"\"><br \/>\n        <img decoding=\"async\" alt=\"plancha-pelo-panasonic\" itemprop=\"url\" src=\"https:\/\/www.hola.com\/imagenes\/seleccion\/20210622191871\/mejores-planchas-de-pelo\/0-967-112\/plancha-pelo-panasonic-z.jpg\"\/><span><i data-icon=\"1\" class=\"icon\"\/><\/span><br \/>\n        <span class=\"copyright\" data-copy=\"\"\/><br \/>\n        <meta itemprop=\"width\" content=\"\"\/><meta itemprop=\"height\" content=\"\"\/><\/a>\n<\/p>\n<p>&#13;<br \/>\n&#13;<\/p>\n<p style=\"text-align:center\"><a rel=\"nofollow noopener\" target=\"_blank\" class=\"affiliate__button affiliate\" href=\"https:\/\/amzn.to\/3vMBhC8\">COMPRAR EN AMAZON POR (<strike>99,99<\/strike>) 77,99 \u20ac<\/a><\/p>\n<p>&#13;<br \/>\n&#13;<\/p>\n<p style=\"text-align:center\"><strong>FICHA T\u00c9CNICA<\/strong><\/p>\n<p>&#13;<br \/>\n&#13;<\/p>\n<ul>\n<li style=\"text-align: center;\"><strong>Modelo:\u00a0<\/strong><em>EH-HS9<\/em><\/li>\n<p>&#13;<\/p>\n<li style=\"text-align: center;\"><strong>Marca:\u00a0<\/strong>Panasonic<\/li>\n<p>&#13;<\/p>\n<li style=\"text-align: center;\"><strong>Apagado autom\u00e1tico:\u00a0<\/strong>En 60 segundos<\/li>\n<p>&#13;<\/p>\n<li style=\"text-align: center;\"><strong>Management de temperatura:\u00a0<\/strong>S\u00ed<\/li>\n<p>&#13;<\/p>\n<li style=\"text-align: center;\"><strong>Lista para usar en:\u00a0<\/strong>30 segundos<\/li>\n<p>&#13;<\/p>\n<li style=\"text-align: center;\"><strong>Longitud del cable:\u00a0<\/strong>2.7 metros<\/li>\n<p>&#13;\n<\/ul>\n<p style=\"text-align:center\">Con el paso del tiempo, los cables dejar\u00e1n de ser necesarios y la mayor\u00eda de las\u00a0<strong>planchas de pelo ser\u00e1n inal\u00e1mbricas<\/strong>. Innovaci\u00f3n c\u00f3moda que\u00a0<strong>Panasonic <\/strong>ya ha decidido integrar en sus herramientas. As\u00ed es el modelo <em>EH-HS9<\/em>, un acierto de belleza con descuento que no puedes perder de vista. Adem\u00e1s de su bonito dise\u00f1o en oro rosado, de los aspectos m\u00e1s importantes reside en su tecnolog\u00eda alemana\u00a0<em>Nanoe<\/em>, consistente en unas <strong>placas con revestimiento cer\u00e1mico <\/strong>cuya cualidad es la de mantener una <strong>temperatura estable <\/strong>en todo momento. Y, de esta forma, cuidar de tu cabello.<\/p>\n<p>&#13;<br \/>\n&#13;<\/p>\n<p style=\"text-align:center\">En whole, cuenta con cinco configuraciones de calor, siendo<strong> la m\u00e1s baja a 150 \u00baC y la m\u00e1s alta a 230 \u00baC<\/strong>. Del mismo modo, se apaga autom\u00e1ticamente sola si llevas sin usarla durante un minuto. Adem\u00e1s, ha sido comprobado por diversos estudios la forma en que <strong>mejora el brillo<\/strong> y no altera los niveles de hidrataci\u00f3n. Esto se debe a la tecnolog\u00eda <em>ProDERM<\/em>, la cual <strong>evita la evaporaci\u00f3n de agua<\/strong>.\u200b\u200b\u200b\u200b\u200b\u200b<\/p>\n<p>&#13;<br \/>\n&#13;<\/p>\n<p style=\"text-align:center\"><strong>Professionals:\u00a0<\/strong>Puede usarse de forma inal\u00e1mbrica, por lo que es perfecta para viajar y, adem\u00e1s, no altera los niveles de hidrataci\u00f3n.<\/p>\n<p>&#13;<br \/>\n&#13;<\/p>\n<p style=\"text-align:center\"><strong>Contras<\/strong>: Si no tienes el pelo correctamente desenredado, puede ocasionar tirones,<\/p>\n<p>&#13;<br \/>\n&#13;<\/p>\n<h3 style=\"text-align:center\"><strong>La plancha m\u00e1s respetuosa: &#8216;Steampod 3.0 Karl Lagerfeld&#8217; de L&#8217;Or\u00e9al Professionel<\/strong><\/h3>\n<p>&#13;<br \/>\n&#13;<\/p>\n<p style=\"text-align:center\">\n    <a rel=\"nofollow noopener\" target=\"_blank\" itemscope=\"\" itemtype=\"https:\/\/schema.org\/ImageObject\" href=\"https:\/\/amzn.to\/35HDqEz\" title=\"plancha-loreal-professionel-amazon-prime\" class=\"\"><br \/>\n        <img decoding=\"async\" alt=\"plancha-loreal-professionel-amazon-prime\" itemprop=\"url\" src=\"https:\/\/www.hola.com\/imagenes\/seleccion\/20210622191871\/mejores-planchas-de-pelo\/0-967-117\/plancha-loreal-professionel-amazon-prime-z.jpg\"\/><span><i data-icon=\"1\" class=\"icon\"\/><\/span><br \/>\n        <span class=\"copyright\" data-copy=\"\"\/><br \/>\n        <meta itemprop=\"width\" content=\"\"\/><meta itemprop=\"height\" content=\"\"\/><\/a>\n<\/p>\n<p>&#13;<br \/>\n&#13;<\/p>\n<p style=\"text-align:center\"><a rel=\"nofollow noopener\" target=\"_blank\" class=\"affiliate__button affiliate\" href=\"https:\/\/amzn.to\/35HDqEz\">COMPRAR EN AMAZON POR (<strike>325,90<\/strike>) 244,99 \u20ac<\/a><\/p>\n<p>&#13;<br \/>\n&#13;<\/p>\n<p style=\"text-align:center\"><strong>FICHA T\u00c9CNICA<\/strong><\/p>\n<p>&#13;<br \/>\n&#13;<\/p>\n<ul>\n<li style=\"text-align: center;\"><strong>Modelo:\u00a0<\/strong><em>Steampod 3.0 Edici\u00f3n limitada Karl Lagerfeld<\/em><\/li>\n<p>&#13;<\/p>\n<li style=\"text-align: center;\"><strong>Marca:\u00a0<\/strong>L&#8217;Or\u00e9al Professionel<\/li>\n<p>&#13;<\/p>\n<li style=\"text-align: center;\"><strong>Apagado autom\u00e1tico:\u00a0<\/strong>No<\/li>\n<p>&#13;<\/p>\n<li style=\"text-align: center;\"><strong>Temperatura:\u00a0<\/strong>Mediante vapor de agua<\/li>\n<p>&#13;<\/p>\n<li style=\"text-align: center;\"><strong>Lista para usar en:\u00a0<\/strong>15 segundos<\/li>\n<p>&#13;<\/p>\n<li style=\"text-align: center;\"><strong>Cable:\u00a0<\/strong>Rotativo a 360\u00ba<\/li>\n<p>&#13;\n<\/ul>\n<p style=\"text-align:center\">Desde que fue lanzada en el a\u00f1o 2012, la\u00a0<strong>plancha en colaboraci\u00f3n con Karl Lagerfeld<\/strong>\u00a0ha sido uno de los mayores triunfos de L&#8217;Or\u00e9al Professionel. Esto se debe a que ha sido dise\u00f1ada por profesionales que conf\u00edan en mantener la integridad de la fibra capilar al mismo tiempo que llevas a cabo el\u00a0<em>styling<\/em>\u00a0pertinente. Es por eso que, en lugar de placas de cer\u00e1mica, la plancha en cuesti\u00f3n <strong>funciona mediante vapor de agua<\/strong>, como la que utilizas para dejar tu ropa impoluta. Dicha mec\u00e1nica presume de transformar cualquier melena al instante y &#8220;de la forma m\u00e1s exigente&#8221;.<\/p>\n<p>&#13;<br \/>\n&#13;<\/p>\n<p style=\"text-align:center\">Los resultados de diversos assessments llevados a cabo muestran c\u00f3mo el cabello est\u00e1 <strong>m\u00e1s suave y brillante<\/strong> que antes de su uso. Por otro lado, su fino dise\u00f1o es m\u00e1s manejable que el de otras herramientas y su <strong>cord\u00f3n rotativo a 360\u00ba<\/strong> te lo ponte a\u00fan m\u00e1s f\u00e1cil. En cuanto al management de temperatura, incluso puedes establecer que desprenda <strong>un m\u00e1ximo de 50 \u00baC<\/strong>, siendo esta la m\u00e1s baja de la industria y, por lo tanto, m\u00e1s sana para la fibra capilar.<\/p>\n<p>&#13;<br \/>\n&#13;<\/p>\n<p style=\"text-align:center\"><strong>Professionals:\u00a0<\/strong>Funciona mediante vapor de agua, por lo que es mucho m\u00e1s respetuosa con tu pelo.<\/p>\n<p>&#13;<br \/>\n&#13;<\/p>\n<p style=\"text-align:center\"><strong>Contras:\u00a0<\/strong>Cuenta con un deposito de agua que tendr\u00e1s que ir rellenando fecuentemente.<\/p>\n<p>&#13;<br \/>\n&#13;<\/p>\n<h3 style=\"text-align:center\"><strong>La mejor plancha para principiantes: &#8216;Imetec B26&#8217; de Bellisima<\/strong><\/h3>\n<p>&#13;<br \/>\n&#13;<\/p>\n<p style=\"text-align:center\">\n    <a rel=\"nofollow noopener\" target=\"_blank\" itemscope=\"\" itemtype=\"https:\/\/schema.org\/ImageObject\" href=\"https:\/\/amzn.to\/3d4wt4u\" title=\"plancha-pelo-bellisima\" class=\"\"><br \/>\n        <img decoding=\"async\" alt=\"plancha-pelo-bellisima\" itemprop=\"url\" src=\"https:\/\/www.hola.com\/imagenes\/seleccion\/20210622191871\/mejores-planchas-de-pelo\/0-967-193\/plancha-pelo-bellisima-z.jpg\"\/><span><i data-icon=\"1\" class=\"icon\"\/><\/span><br \/>\n        <span class=\"copyright\" data-copy=\"\"\/><br \/>\n        <meta itemprop=\"width\" content=\"\"\/><meta itemprop=\"height\" content=\"\"\/><\/a>\n<\/p>\n<p>&#13;<br \/>\n&#13;<\/p>\n<p style=\"text-align:center\"><a rel=\"nofollow noopener\" target=\"_blank\" class=\"affiliate__button affiliate\" href=\"https:\/\/amzn.to\/3d4wt4u\">COMPRAR EN AMAZON POR (<strike>49,90<\/strike>) 29,90 \u20ac<\/a><\/p>\n<p>&#13;<br \/>\n&#13;<\/p>\n<p style=\"text-align:center\"><strong>FICHA T\u00c9CNICA<\/strong><\/p>\n<p>&#13;<br \/>\n&#13;<\/p>\n<ul>\n<li style=\"text-align: center;\"><strong>Modelo:\u00a0<\/strong><em>Imetec B26<\/em><\/li>\n<p>&#13;<\/p>\n<li style=\"text-align: center;\"><strong>Marca:\u00a0<\/strong>Bellisima<\/li>\n<p>&#13;<\/p>\n<li style=\"text-align: center;\"><strong>Apagado autom\u00e1tico:\u00a0<\/strong>No<\/li>\n<p>&#13;<\/p>\n<li style=\"text-align: center;\"><strong>Management de temperatura:\u00a0<\/strong>S\u00ed<\/li>\n<p>&#13;<\/p>\n<li style=\"text-align: center;\"><strong>Cable:\u00a0<\/strong>Giratorio a 360\u00ba<\/li>\n<p>&#13;\n<\/ul>\n<p style=\"text-align:center\">Tanto para las principiantes como para todas las mujeres con una melena gruesa y contundente que cuesta planchar r\u00e1pidamente. Para ambas est\u00e1 indicada esta\u00a0<strong>plancha de Bellisima<\/strong>. Situada en una buena posici\u00f3nd el rating de Amazon, se caracteriza por\u00a0<strong>sus planchas extraanchas<\/strong>, de forma que puedan abarcar mayor cantidad de pelo y, por lo tanto, agilizar el proceso. Todo ello complementado con una\u00a0<strong>distribuci\u00f3n uniforme de la temperatura<\/strong>\u00a0(entre 160 \u00baC y 230 \u00baC a elegir). Por otro lado, las usuarias corroboran que se enciende r\u00e1pidamente y que est\u00e1 lista para usar en cuesti\u00f3n de segundos. Otro dato curioso e sque sus placas son basculantes. Esto quiere decir que se adhieren al mech\u00f3n para que no se deslice y, as\u00ed, controlar mejor a los m\u00e1s indisciplinados. Como resultado, aporta brillo y manejabilidad gracias a su tecnolog\u00eda\u00a0<em>Gloss&amp;Shine<\/em>, que no dejar\u00e1 que nadie sospeche la presencia de calor en tu cabello<\/p>\n<p>&#13;<br \/>\n&#13;<\/p>\n<p style=\"text-align:center\"><strong>PROS:\u00a0<\/strong>Sus placas anchas abarcan mayor cantidad de cabello y es idel para rizados e indisciplinados<\/p>\n<p>&#13;<br \/>\n&#13;<\/p>\n<p style=\"text-align:center\"><strong>CONTRAS: <\/strong>No funciona bien con productos previos como lacas, cremas o geles<\/p>\n<p>&#13;<br \/>\n&#13;<\/p>\n<p style=\"text-align:center\">En basic, y gracias al avance de la tecnolog\u00eda,\u00a0<strong>el management de temperatura<\/strong>\u00a0est\u00e1 presente en todos los modelos. Aspecto que trabaja por mantener la integridad del cabello. Adem\u00e1s, existen<strong>\u00a0productos termoprotectores<\/strong>\u00a0especialmente dise\u00f1ados para complementar a dichas herramientas. En este caso, convendr\u00eda valorar su eficacia para, as\u00ed, disfrutar de cualquier plancha con la mayor tranquilidad posible. Otra de las innovaciones que no todas presenta pero que, casi con toda seguridad tendr\u00e1n muy pronto, es la\u00a0<strong>ausencia de cables<\/strong>. Si bien uno de longitud appreciable facilita cualquier movimiento, resultar\u00eda mucho m\u00e1s c\u00f3modo poder usarlas desde cualquier lugar.\u00a0<\/p>\n<p>&#13;<br \/>\n&#13;<\/p>\n<p>\n    \t<span class=\"photo\"><br \/>\n\t    \t<img decoding=\"async\" alt=\"shay\" itemprop=\"url\" src=\"https:\/\/www.hola.com\/imagenes\/seleccion\/20210622191871\/mejores-planchas-de-pelo\/0-967-282\/shay-z.jpg\"\/><span class=\"copyright\" data-copy=\"\u00a9 @shaymitchell\"\/><br \/>\n\t    <\/span>\n    <\/p>\n<p>&#13;<br \/>\n&#13;<\/p>\n<h3><strong>Tipos de planchas de pelo<\/strong><\/h3>\n<p>&#13;<br \/>\n&#13;<\/p>\n<p>Hay varios\u00a0<strong>tipos de planchas de pelo<\/strong>\u00a0de entre las que elegir y, sin embargo, para conseguir\u00a0<strong>una melena lisa perfecta<\/strong>\u00a0los modelos son muy similares. Estas suelen venir representadas por dos placas largas, normalmente\u00a0<strong>de cer\u00e1mica<\/strong>, cuyo funcionamiento es b\u00e1sico y sencillo para todos. Sin embargo, tambi\u00e9n las hay con forma de\u00a0<strong>tenacillas para rizas y ondular<\/strong>, as\u00ed como <strong>onduladas para crear ese efecto postrenza<\/strong> m\u00e1s buscado del verano. Sin embargo, en esta selecci\u00f3n nos hemos centrado en las m\u00e1s adecuadas para\u00a0<strong>alisar el cabello<\/strong>, las cuales tambi\u00e9n pueden usarse para crear ondas anchas con un easy giro de mu\u00f1eca.\u00a0<\/p>\n<p>&#13;<br \/>\n&#13;<\/p>\n<h3><strong>C\u00f3mo funciona una plancha de pelo<\/strong><\/h3>\n<p>&#13;<br \/>\n&#13;<\/p>\n<p>Son dispositivos electr\u00f3nicos que, a partir de <strong>placas de cer\u00e1mica cargadas de temperatura<\/strong>, se deslizan sobre el cabello para amoldarlo a cada estilo y gusto. Desde que se produjo el primer lanzamiento, han supuesto <strong>un antes y un despu\u00e9s en las rutinas capilares<\/strong> de mujeres que, hace a\u00f1os, solo pod\u00edan conseguir esto con un minucioso trabajo de secador o pidiendo cita en su sal\u00f3n de belleza de cabecera. Ahora,\u00a0<strong>las planchas de pelo<\/strong>\u00a0son el art\u00edculo tecnol\u00f3gico perfecto para conseguir\u00a0<strong>un alisado impoluto<\/strong>, en tiempo r\u00e9cord y sin necesidad de contar con experiencia previa en la materia.\u00a0<\/p>\n<p>&#13;<br \/>\n&#13;<\/p>\n<h3><strong>Qu\u00e9 usos tiene una plancha de pelo<\/strong><\/h3>\n<p>&#13;<br \/>\n&#13;<\/p>\n<p>Son varios\u00a0<strong>los usos que puedes darle a tu plancha<\/strong>. Si bien los modelos expuestos anteriormente son m\u00e1s recurrentes para conseguir\u00a0<strong>alisados perfectos<\/strong>, las m\u00e1s manitas tambi\u00e9n las usan para ondular su cabello girando la mu\u00f1eca hacia diferentes sentidos. Un derivado de las mismas,\u00a0<strong>las tenacillas<\/strong>, est\u00e1n dise\u00f1adas para conseguir rizos y tirabuzones m\u00e1s definidos. Tambi\u00e9n existen\u00a0<strong>planchas de pelo onduladas<\/strong>\u00a0cuyo manejo es muho m\u00e1s easy pues imprimen dicha forma en el cabello sin esfuerzo. \u00bfEl resultado? Unos minirizos de estilo 2000&#8217;s que ser\u00e1n tambi\u00e9n tendencia este verano.\u00a0<\/p>\n<p>                <!-- Add on newsletter --><\/p>\n<p class=\"fullTextNewsletter\"><em><strong>\u00bfTe han gustado estas recomendaciones? <a rel=\"nofollow noopener\" target=\"_blank\" href=\"https:\/\/www.hola.com\/seleccion\/newsletter\/\" class=\"newsletterCTA\">Suscr\u00edbete aqu\u00ed<\/a> para recibir todas las semanas la gu\u00eda de compras \u00a1HOLA!.<\/strong><\/em><\/p>\n<\/p><\/div>\n<p><script>\n    !function(f,b,e,v,n,t,s){if(f.fbq)return;n=f.fbq=function(){n.callMethod?\n            n.callMethod.apply(n,arguments):n.queue.push(arguments)};if(!f._fbq)f._fbq=n;\n        n.push=n;n.loaded=!0;n.version='2.0';n.queue=[];t=b.createElement(e);t.async=!0;\n        t.src=v;s=b.getElementsByTagName(e)[0];s.parentNode.insertBefore(t,s)}(window,\n            document,'script','https:\/\/connect.facebook.net\/en_US\/fbevents.js');\n    fbq('init', '858230647564408');\n    fbq('track', 'PageView');\n<\/script><script>(function(d, s, id) {\n  var js, fjs = d.getElementsByTagName(s)[0];\n  if (d.getElementById(id)) return;\n  js = d.createElement(s); js.id = id;\n  js.src = \"\/\/connect.facebook.net\/es_LA\/sdk.js#xfbml=1&version=v2.0\";\n  fjs.parentNode.insertBefore(js, fjs);\n}(document, 'script', 'facebook-jssdk'));<\/script><br \/>\n<br \/><\/p>\n<p><em> &#8221; Fuentes www.hola.com &#8221; <\/em><\/p>\n","protected":false},"excerpt":{"rendered":"<p>Aunque hay formas de conseguir\u00a0ondas sin calor, lo cierto es que para conseguir\u00a0un cabello liso\u00a0perfecto, necesitas una\u00a0plancha. La herramienta de calor m\u00e1s fashionable desde hace a\u00f1os mantiene sus dominios y\u00a0los modelos\u00a0mejoran su tecnolog\u00eda para ponerse a tu servicio de la mejor forma posible. Es el caso de algunos de los que encuentras a continuaci\u00f3n que, [&hellip;]<\/p>\n","protected":false},"author":4,"featured_media":145092,"comment_status":"open","ping_status":"closed","sticky":false,"template":"","format":"standard","meta":{"om_disable_all_campaigns":false,"jnews-multi-image_gallery":[],"jnews_single_post":[],"jnews_primary_category":[],"jnews_social_meta":[],"footnotes":""},"categories":[39],"tags":[25992,25994,25991,25995,25993],"class_list":["post-145091","post","type-post","status-publish","format-standard","has-post-thumbnail","hentry","category-viajes","tag-mejores-planchas-de-pelo","tag-plancha-de-pelo-amazon","tag-planchas-de-pelo","tag-planchas-de-pelo-prime-day","tag-rebajas-planchas-de-pelo"],"_links":{"self":[{"href":"https:\/\/dimensionturistica.com\/es\/wp-json\/wp\/v2\/posts\/145091","targetHints":{"allow":["GET"]}}],"collection":[{"href":"https:\/\/dimensionturistica.com\/es\/wp-json\/wp\/v2\/posts"}],"about":[{"href":"https:\/\/dimensionturistica.com\/es\/wp-json\/wp\/v2\/types\/post"}],"author":[{"embeddable":true,"href":"https:\/\/dimensionturistica.com\/es\/wp-json\/wp\/v2\/users\/4"}],"replies":[{"embeddable":true,"href":"https:\/\/dimensionturistica.com\/es\/wp-json\/wp\/v2\/comments?post=145091"}],"version-history":[{"count":0,"href":"https:\/\/dimensionturistica.com\/es\/wp-json\/wp\/v2\/posts\/145091\/revisions"}],"wp:featuredmedia":[{"embeddable":true,"href":"https:\/\/dimensionturistica.com\/es\/wp-json\/wp\/v2\/media\/145092"}],"wp:attachment":[{"href":"https:\/\/dimensionturistica.com\/es\/wp-json\/wp\/v2\/media?parent=145091"}],"wp:term":[{"taxonomy":"category","embeddable":true,"href":"https:\/\/dimensionturistica.com\/es\/wp-json\/wp\/v2\/categories?post=145091"},{"taxonomy":"post_tag","embeddable":true,"href":"https:\/\/dimensionturistica.com\/es\/wp-json\/wp\/v2\/tags?post=145091"}],"curies":[{"name":"wp","href":"https:\/\/api.w.org\/{rel}","templated":true}]}}