{"id":144725,"date":"2021-06-21T21:54:01","date_gmt":"2021-06-21T21:54:01","guid":{"rendered":"https:\/\/dimensionturistica.com\/es\/?p=144725"},"modified":"2021-06-21T21:54:02","modified_gmt":"2021-06-21T21:54:02","slug":"buenas-noticias-turistas-desde-el-15-de-julio-podran-ingresar-al-camino-inca-noticias","status":"publish","type":"post","link":"https:\/\/dimensionturistica.com\/es\/buenas-noticias-turistas-desde-el-15-de-julio-podran-ingresar-al-camino-inca-noticias\/","title":{"rendered":"\u00a1Buenas noticias, turistas! Desde el 15 de julio podr\u00e1n ingresar al Camino Inca | Noticias"},"content":{"rendered":"<p> <br \/>\n<\/p>\n<div>\n<p>                        <!-- \/\/\/\/\/\/\/\/\/\/\/\/\/\/\/\/\/\/\/\/\/\/\/\/\/\/\/\/\/\/  DESCRIPCION  \/\/\/\/\/\/\/\/\/\/\/\/\/\/\/\/\/\/\/\/\/\/\/\/\/\/\/ --><br \/>\n                        El momento de volver se acerca. A partir del 15 de julio, los turistas podr\u00e1n ingresar a las rutas 1, 2 y 3 de la Pink de Caminos Inca del santuario hist\u00f3rico de Machu Picchu (SHM) y el parque arqueol\u00f3gico nacional de Machu Picchu (PANM), anunciaron hoy las autoridades.<\/p>\n<p>                        <!-- \/\/\/\/\/\/\/\/\/\/\/\/\/\/\/\/\/\/\/\/\/\/\/\/\/\/\/\/\/\/  CONTENIDO DE LA NOTICIA \/\/\/\/\/\/\/\/\/\/\/\/\/\/\/\/\/\/\/\/\/\/\/\/\/\/\/\/ --><\/p>\n<div>\n<p>El SHM-PANM es un \u00e1rea pure y cultural, de 37,302 hect\u00e1reas, <strong>inscrita en la Lista del Patrimonio Mundial de la Unesco<\/strong>; alberga m\u00e1s de 60 monumentos arqueol\u00f3gicos articulados mediante una compleja pink de caminos inca.<\/p>\n<\/div>\n<div>Debido a la pandemia de la <strong><a rel=\"nofollow noopener\" target=\"_blank\" href=\"https:\/\/www.gob.pe\/8662-ministerio-de-salud-coronavirus-en-el-peru\" class=\"ApplyClass\">covid-19<\/a><\/strong> se suspendieron las visitas a los sitios arqueol\u00f3gicos y tras diversas coordinaciones y la implementaci\u00f3n de los protocolos de bioseguridad ser\u00e1 posible reanudar los recorridos en la Pink de Caminos Inca del santuario hist\u00f3rico de Machu Picchu.<\/div>\n<p><strong>La reactivaci\u00f3n de la actividad tur\u00edstica en las referidas rutas se efect\u00faa como resultado del trabajo articulado en las mesas t\u00e9cnicas y viajes de inspecci\u00f3n<\/strong> de la Gerencia Regional de Comercio Exterior y Turismo, Gerencia Regional de Salud, Secretar\u00eda T\u00e9cnica de la Unidad de Gesti\u00f3n de Machu Picchu, Polic\u00eda de Turismo, DDC Cusco, jefatura del santuario hist\u00f3rico de Machu Picchu.<\/p>\n<p>Asimismo, de los gremios del sector privado: Asociaci\u00f3n Peruana de Turismo de Aventura, Ecoturismo y Turismo Especializado (APTAE), Asociaci\u00f3n de Agencias de Turismo de Cusco (AATC), Asociaci\u00f3n Nacional de Operadores de Telecomunicaciones y Servicios de Web (Aotec) y Asociaci\u00f3n de Agencias Operadoras de la Pink de Caminos Inca (Asoorcic).<\/p>\n<div>\n<p>La DDC Cusco, a trav\u00e9s del \u00c1rea Funcional del Parque Arqueol\u00f3gico Nacional de Machu Picchu, se encarga de la gesti\u00f3n y conservaci\u00f3n del patrimonio cultural del SHM-PANM, para garantizar su intangibilidad, inalienabilidad y autenticidad de acuerdo con est\u00e1ndares internacionales, recomendaciones de la Unesco y en funci\u00f3n a los lineamientos del plan maestro.<\/p>\n<\/div>\n<p><h3><strong>M\u00e1s en Andina:<\/strong><\/h3>\n<\/p>\n<blockquote class=\"twitter-tweet\">\n<p lang=\"es\" dir=\"ltr\">Las Ventanillas de Otuzco de Cajamarca reabren reabren al turismo, tras permanecer cerrado 15 meses ?? <a rel=\"nofollow noopener\" target=\"_blank\" href=\"https:\/\/t.co\/xtwprJNWHW\">https:\/\/t.co\/xtwprJNWHW<\/a> <a rel=\"nofollow noopener\" target=\"_blank\" href=\"https:\/\/t.co\/YEF6Ns6WZ9\">pic.twitter.com\/YEF6Ns6WZ9<\/a><\/p>\n<p>\u2014 Agencia Andina (@Agencia_Andina) <a rel=\"nofollow noopener\" target=\"_blank\" href=\"https:\/\/twitter.com\/Agencia_Andina\/status\/1404941783889555457?ref_src=twsrc%5Etfw\">June 15, 2021<\/a><\/p><\/blockquote>\n<p>(FIN) NDP\/JOT<\/p>\n<p>\nPublicado: 21\/6\/2021<\/p>\n<p>                        <!-- PUBLICIDAD MGID --><br \/>\n                        <!-- Composite Start --><\/p>\n<p>                        <!-- Composite End --><\/p><\/div>\n<p><script async src=\"\/\/platform.twitter.com\/widgets.js\" charset=\"utf-8\"><\/script><br \/>\n<br \/><\/p>\n<p><em> &#8221; Fuentes andina.pe &#8221; <\/em><\/p>\n","protected":false},"excerpt":{"rendered":"<p>El momento de volver se acerca. A partir del 15 de julio, los turistas podr\u00e1n ingresar a las rutas 1, 2 y 3 de la Pink de Caminos Inca del santuario hist\u00f3rico de Machu Picchu (SHM) y el parque arqueol\u00f3gico nacional de Machu Picchu (PANM), anunciaron hoy las autoridades. El SHM-PANM es un \u00e1rea pure [&hellip;]<\/p>\n","protected":false},"author":4,"featured_media":144726,"comment_status":"open","ping_status":"closed","sticky":false,"template":"","format":"standard","meta":{"om_disable_all_campaigns":false,"jnews-multi-image_gallery":[],"jnews_single_post":[],"jnews_primary_category":[],"jnews_social_meta":[],"footnotes":""},"categories":[40],"tags":[510,6825],"class_list":["post-144725","post","type-post","status-publish","format-standard","has-post-thumbnail","hentry","category-industria","tag-covid-19","tag-machu-picchu"],"_links":{"self":[{"href":"https:\/\/dimensionturistica.com\/es\/wp-json\/wp\/v2\/posts\/144725","targetHints":{"allow":["GET"]}}],"collection":[{"href":"https:\/\/dimensionturistica.com\/es\/wp-json\/wp\/v2\/posts"}],"about":[{"href":"https:\/\/dimensionturistica.com\/es\/wp-json\/wp\/v2\/types\/post"}],"author":[{"embeddable":true,"href":"https:\/\/dimensionturistica.com\/es\/wp-json\/wp\/v2\/users\/4"}],"replies":[{"embeddable":true,"href":"https:\/\/dimensionturistica.com\/es\/wp-json\/wp\/v2\/comments?post=144725"}],"version-history":[{"count":0,"href":"https:\/\/dimensionturistica.com\/es\/wp-json\/wp\/v2\/posts\/144725\/revisions"}],"wp:featuredmedia":[{"embeddable":true,"href":"https:\/\/dimensionturistica.com\/es\/wp-json\/wp\/v2\/media\/144726"}],"wp:attachment":[{"href":"https:\/\/dimensionturistica.com\/es\/wp-json\/wp\/v2\/media?parent=144725"}],"wp:term":[{"taxonomy":"category","embeddable":true,"href":"https:\/\/dimensionturistica.com\/es\/wp-json\/wp\/v2\/categories?post=144725"},{"taxonomy":"post_tag","embeddable":true,"href":"https:\/\/dimensionturistica.com\/es\/wp-json\/wp\/v2\/tags?post=144725"}],"curies":[{"name":"wp","href":"https:\/\/api.w.org\/{rel}","templated":true}]}}