{"id":144560,"date":"2021-06-21T16:59:36","date_gmt":"2021-06-21T16:59:36","guid":{"rendered":"https:\/\/dimensionturistica.com\/es\/?p=144560"},"modified":"2021-06-21T16:59:36","modified_gmt":"2021-06-21T16:59:36","slug":"nuevas-medidas-entran-en-vigor-para-viajeros-que-arriben-por-los-polos-turisticos-sean-residentes-o-no-en-cuba","status":"publish","type":"post","link":"https:\/\/dimensionturistica.com\/es\/nuevas-medidas-entran-en-vigor-para-viajeros-que-arriben-por-los-polos-turisticos-sean-residentes-o-no-en-cuba\/","title":{"rendered":"Nuevas medidas entran en vigor para viajeros que arriben por los polos tur\u00edsticos, sean residentes o no en Cuba"},"content":{"rendered":"<p> <br \/>\n<\/p>\n<div>\n<div id=\"attachment_1566193\" style=\"width: 580px\" class=\"wp-caption alignnone size-large wp-image-1566193\"><img decoding=\"async\" class=\"size-large wp-image-1566193\" src=\"http:\/\/media.cubadebate.cu\/wp-content\/uploads\/2021\/06\/f0189357-580x330.jpg\" alt=\"\" width=\"580\" height=\"330\"\/><\/p>\n<p class=\"wp-caption-text\">Foto: Endrys Correa Vaillant\/ Granma.<\/p>\n<\/div>\n<p>Desde este 20 de junio, <a rel=\"nofollow noopener\" target=\"_blank\" href=\"http:\/\/www.cubadebate.cu\/noticias\/2021\/06\/17\/cuba-anuncia-nuevas-disposiciones-para-aislamiento-de-viajeros\/\">los viajeros que ingresen al pa\u00eds por las terminales a\u00e9reas de los polos tur\u00edsticos \u2014sean residentes o no en Cuba\u2014, deber\u00e1n cumplir con nuevas medidas<\/a> encaminadas a una mayor calidad en los servicios aeroportuarios y a hacer m\u00e1s expedito el flujo de los visitantes.<\/p>\n<blockquote>\n<p>Entre los nuevos requerimientos puestos en marcha, se encuentra el mostrar oportunamente a la aerol\u00ednea con la cual viajar\u00e1, previo a abordar su vuelo, la reservaci\u00f3n ya pagada del paquete de alojamiento para el per\u00edodo de cuarentena, a cumplir en una de las instalaciones hoteleras de la provincia de ingreso a la Isla.<\/p>\n<\/blockquote>\n<p><strong>Los paquetes tur\u00edsticos en cuesti\u00f3n comprenden un lapso de siete d\u00edas de alojamiento y el traslado del aeropuerto al resort<\/strong> donde se aislar\u00e1 el viajero. Los mismos podr\u00e1n ser adquiridos a trav\u00e9s de las agencias cubanas de viajes directamente, previo a la fecha del vuelo, o bien mediante los turoperadores que trabajan con el destino Cuba. As\u00ed lo explicaba recientemente en su recurring comparecencia televisiva el physician Francisco Dur\u00e1n Garc\u00eda, director nacional de Epidemiolog\u00eda del Ministerio de Salud P\u00fablica (Minsap).<\/p>\n<p>De lo anterior se deriva que <strong>ya no ser\u00e1 posible la opci\u00f3n de comprar el paquete tur\u00edstico en el propio aeropuerto<\/strong>, con lo que se busca viabilizar la movilidad en esas terminales a\u00e9reas.<\/p>\n<p>Estas decisiones complementan las ya entradas en vigor el pasado 5 de junio, de manera que <strong>se mantiene la medida de que los pasajeros<\/strong> que regresen a la naci\u00f3n por los aeropuertos de esos enclaves tur\u00edsticos, <strong>deben realizar la cuarentena epidemiol\u00f3gica durante siete d\u00edas en la provincia de arribo<\/strong>\u00a0<strong>y efectuando el pago del alojamiento en moneda libremente convertible.<\/strong><\/p>\n<p>Asimismo, <a rel=\"nofollow noopener\" target=\"_blank\" href=\"http:\/\/www.cubadebate.cu\/noticias\/2021\/06\/18\/conozca-los-requisitos-para-viajeros-que-arriben-a-cuba-por-los-aeropuertos-de-varadero-o-cayo-coco\/\">se ratifica la obligatoriedad de mostrar una prueba PCR negativa a la COVID-19, con 72 horas de antelaci\u00f3n al viaje; tambi\u00e9n, el requisito de otra prueba de ese tipo en el momento de la llegada a aeropuertos cubanos<\/a> y, luego, al sexto d\u00eda de la cuarentena en el resort donde se aloje.<\/p>\n<p><strong>(Con informaci\u00f3n de Granma)<\/strong><\/p>\n<\/p><\/div>\n\n<p><em> &#8221; Fuentes www.cubadebate.cu &#8221; <\/em><\/p>\n","protected":false},"excerpt":{"rendered":"<p>Foto: Endrys Correa Vaillant\/ Granma. Desde este 20 de junio, los viajeros que ingresen al pa\u00eds por las terminales a\u00e9reas de los polos tur\u00edsticos \u2014sean residentes o no en Cuba\u2014, deber\u00e1n cumplir con nuevas medidas encaminadas a una mayor calidad en los servicios aeroportuarios y a hacer m\u00e1s expedito el flujo de los visitantes. Entre [&hellip;]<\/p>\n","protected":false},"author":4,"featured_media":144561,"comment_status":"open","ping_status":"closed","sticky":false,"template":"","format":"standard","meta":{"om_disable_all_campaigns":false,"jnews-multi-image_gallery":[],"jnews_single_post":[],"jnews_primary_category":[],"jnews_social_meta":[],"footnotes":""},"categories":[40],"tags":[715,705],"class_list":["post-144560","post","type-post","status-publish","format-standard","has-post-thumbnail","hentry","category-industria","tag-economia","tag-noticias"],"_links":{"self":[{"href":"https:\/\/dimensionturistica.com\/es\/wp-json\/wp\/v2\/posts\/144560","targetHints":{"allow":["GET"]}}],"collection":[{"href":"https:\/\/dimensionturistica.com\/es\/wp-json\/wp\/v2\/posts"}],"about":[{"href":"https:\/\/dimensionturistica.com\/es\/wp-json\/wp\/v2\/types\/post"}],"author":[{"embeddable":true,"href":"https:\/\/dimensionturistica.com\/es\/wp-json\/wp\/v2\/users\/4"}],"replies":[{"embeddable":true,"href":"https:\/\/dimensionturistica.com\/es\/wp-json\/wp\/v2\/comments?post=144560"}],"version-history":[{"count":0,"href":"https:\/\/dimensionturistica.com\/es\/wp-json\/wp\/v2\/posts\/144560\/revisions"}],"wp:featuredmedia":[{"embeddable":true,"href":"https:\/\/dimensionturistica.com\/es\/wp-json\/wp\/v2\/media\/144561"}],"wp:attachment":[{"href":"https:\/\/dimensionturistica.com\/es\/wp-json\/wp\/v2\/media?parent=144560"}],"wp:term":[{"taxonomy":"category","embeddable":true,"href":"https:\/\/dimensionturistica.com\/es\/wp-json\/wp\/v2\/categories?post=144560"},{"taxonomy":"post_tag","embeddable":true,"href":"https:\/\/dimensionturistica.com\/es\/wp-json\/wp\/v2\/tags?post=144560"}],"curies":[{"name":"wp","href":"https:\/\/api.w.org\/{rel}","templated":true}]}}