{"id":144319,"date":"2021-06-21T11:07:39","date_gmt":"2021-06-21T11:07:39","guid":{"rendered":"https:\/\/dimensionturistica.com\/es\/?p=144319"},"modified":"2021-06-21T11:07:39","modified_gmt":"2021-06-21T11:07:39","slug":"chocan-en-crucero-de-bernardo-quintana-diario-de-queretaro","status":"publish","type":"post","link":"https:\/\/dimensionturistica.com\/es\/chocan-en-crucero-de-bernardo-quintana-diario-de-queretaro\/","title":{"rendered":"Chocan en crucero de Bernardo Quintana &#8211; Diario de Quer\u00e9taro"},"content":{"rendered":"<p> <br \/>\n<\/p>\n<div id=\"content-body-5851641-6867601\">\n<p>Da\u00f1os materiales y al menos cuatro personas con lesiones menores fue el saldo del choque entre una camioneta y un veh\u00edculo compacto, en el cruce de sem\u00e1foro de Bernardo Quintana a la altura de Centro Sur, luego de que uno de los dos conductores no respet\u00f3 la luz roja del sem\u00e1foro.<\/p>\n<p>El chofer de una camioneta marca Chevrolet, embisti\u00f3 a un autom\u00f3vil Sed\u00e1n, colour blanco que cruzaba sobre los carriles laterales en direcci\u00f3n al Libramiento Surponiente, dejando las carrocer\u00edas con severos da\u00f1os materiales.<\/p>\n<p>El accidente moviliz\u00f3 a elementos de los servicios de emergencia, porque ambos veh\u00edculos resultaron afectados por el impacto. Param\u00e9dicos brindaron los primeros auxilios a los involucrados los cuales resultaron con lesiones menores, descartando su traslado al hospital.<\/p>\n<p>Tras descartar riesgos y derrames de flamable de las unidades de emergencia se retiraron de la zona.<\/p>\n<p>Elementos de la Polic\u00eda Municipal tomaron conocimiento del accidente, mientras gr\u00faas se encargaron de realizar maniobras para retirar las unidades involucradas y liberar la circulaci\u00f3n, la cual fue cerrada por ali\u00f1os minutos.<\/p>\n<\/div>\n<p><script>(function(d, s, id) {\nvar js, fjs = d.getElementsByTagName(s)[0];\nif (d.getElementById(id)) return;\njs = d.createElement(s); js.id = id;\njs.src=\"https:\/\/connect.facebook.net\/es_LA\/sdk.js#xfbml=1&version=v3.2&appId=553227801686835&autoLogAppEvents=1\";\nfjs.parentNode.insertBefore(js, fjs);\n}(document, 'script', 'facebook-jssdk'));\n<\/script><br \/>\n<br \/><\/p>\n<p><em> &#8221; Fuentes www.diariodequeretaro.com.mx &#8221; <\/em><\/p>\n","protected":false},"excerpt":{"rendered":"<p>Da\u00f1os materiales y al menos cuatro personas con lesiones menores fue el saldo del choque entre una camioneta y un veh\u00edculo compacto, en el cruce de sem\u00e1foro de Bernardo Quintana a la altura de Centro Sur, luego de que uno de los dos conductores no respet\u00f3 la luz roja del sem\u00e1foro. El chofer de una [&hellip;]<\/p>\n","protected":false},"author":4,"featured_media":144320,"comment_status":"open","ping_status":"closed","sticky":false,"template":"","format":"standard","meta":{"om_disable_all_campaigns":false,"jnews-multi-image_gallery":[],"jnews_single_post":[],"jnews_primary_category":[],"jnews_social_meta":[],"footnotes":""},"categories":[41],"tags":[1815],"class_list":["post-144319","post","type-post","status-publish","format-standard","has-post-thumbnail","hentry","category-cruceros","tag-choque"],"_links":{"self":[{"href":"https:\/\/dimensionturistica.com\/es\/wp-json\/wp\/v2\/posts\/144319","targetHints":{"allow":["GET"]}}],"collection":[{"href":"https:\/\/dimensionturistica.com\/es\/wp-json\/wp\/v2\/posts"}],"about":[{"href":"https:\/\/dimensionturistica.com\/es\/wp-json\/wp\/v2\/types\/post"}],"author":[{"embeddable":true,"href":"https:\/\/dimensionturistica.com\/es\/wp-json\/wp\/v2\/users\/4"}],"replies":[{"embeddable":true,"href":"https:\/\/dimensionturistica.com\/es\/wp-json\/wp\/v2\/comments?post=144319"}],"version-history":[{"count":0,"href":"https:\/\/dimensionturistica.com\/es\/wp-json\/wp\/v2\/posts\/144319\/revisions"}],"wp:featuredmedia":[{"embeddable":true,"href":"https:\/\/dimensionturistica.com\/es\/wp-json\/wp\/v2\/media\/144320"}],"wp:attachment":[{"href":"https:\/\/dimensionturistica.com\/es\/wp-json\/wp\/v2\/media?parent=144319"}],"wp:term":[{"taxonomy":"category","embeddable":true,"href":"https:\/\/dimensionturistica.com\/es\/wp-json\/wp\/v2\/categories?post=144319"},{"taxonomy":"post_tag","embeddable":true,"href":"https:\/\/dimensionturistica.com\/es\/wp-json\/wp\/v2\/tags?post=144319"}],"curies":[{"name":"wp","href":"https:\/\/api.w.org\/{rel}","templated":true}]}}