{"id":144015,"date":"2021-06-20T23:49:40","date_gmt":"2021-06-20T23:49:40","guid":{"rendered":"https:\/\/dimensionturistica.com\/es\/?p=144015"},"modified":"2021-06-20T23:49:41","modified_gmt":"2021-06-20T23:49:41","slug":"abinader-ordena-reducir-en-50-agentes-de-la-policia-nacional-asignado-a-funcionarios-y-entidades","status":"publish","type":"post","link":"https:\/\/dimensionturistica.com\/es\/abinader-ordena-reducir-en-50-agentes-de-la-policia-nacional-asignado-a-funcionarios-y-entidades\/","title":{"rendered":"Abinader ordena reducir en 50% agentes de la Polic\u00eda Nacional asignado a funcionarios y entidades"},"content":{"rendered":"<p> <br \/>\n<\/p>\n<div>\n<div class=\"paragraph\" mlnid=\"idcon=16655259;order=7.0\">\n<p>El presidente de la Rep\u00fablica, Luis Abinader, dispuso, mediante decreto, reducir en al menos un 50% el n\u00famero de private de la Polic\u00eda Nacional asignado a instituciones y funcionarios.<\/p>\n<p>La medida es para que el resto sea dedicado a la implementaci\u00f3n efectiva de la Estrategia Nacional Integral de Seguridad Ciudadana \u201cMi Pa\u00eds Seguro\u201d.<\/p>\n<p>La orden est\u00e1 contenida en el decreto 396-21 dado a conocer este domingo, cuya responsabilidad de seguimiento y cumplimiento le fue asignada al Ministerio Administrativo de la Presidencial y al Ministerio de Administraci\u00f3n P\u00fablica, en coordinaci\u00f3n con la Direcci\u00f3n Normal de Presupuesto y la Contralor\u00eda Normal de la Rep\u00fablica.<\/p>\n<p>En el decreto se establece tambi\u00e9n un plan de austeridad y racionamiento del gasto p\u00fablico, con el fin de seguir enfrentando el severo impacto que ha tenido la pandemia del COVID-19 en la econom\u00eda nacional e internacional.<\/p>\n<p>La disposici\u00f3n presidencial establece considerables reducciones en gastos relacionados con viajes al exterior, la compra de veh\u00edculos de lujo, remodelaciones de alto costo, agasajos y celebraciones, indic\u00f3 el documento.<\/p>\n<\/p><\/div><\/div>\n\n<p><em> &#8221; Fuentes www.diariolibre.com &#8221; <\/em><\/p>\n","protected":false},"excerpt":{"rendered":"<p>El presidente de la Rep\u00fablica, Luis Abinader, dispuso, mediante decreto, reducir en al menos un 50% el n\u00famero de private de la Polic\u00eda Nacional asignado a instituciones y funcionarios. La medida es para que el resto sea dedicado a la implementaci\u00f3n efectiva de la Estrategia Nacional Integral de Seguridad Ciudadana \u201cMi Pa\u00eds Seguro\u201d. La orden [&hellip;]<\/p>\n","protected":false},"author":4,"featured_media":144016,"comment_status":"open","ping_status":"closed","sticky":false,"template":"","format":"standard","meta":{"om_disable_all_campaigns":false,"jnews-multi-image_gallery":[],"jnews_single_post":[],"jnews_primary_category":[],"jnews_social_meta":[],"footnotes":""},"categories":[40],"tags":[1429],"class_list":["post-144015","post","type-post","status-publish","format-standard","has-post-thumbnail","hentry","category-industria","tag-santo-domingo"],"_links":{"self":[{"href":"https:\/\/dimensionturistica.com\/es\/wp-json\/wp\/v2\/posts\/144015","targetHints":{"allow":["GET"]}}],"collection":[{"href":"https:\/\/dimensionturistica.com\/es\/wp-json\/wp\/v2\/posts"}],"about":[{"href":"https:\/\/dimensionturistica.com\/es\/wp-json\/wp\/v2\/types\/post"}],"author":[{"embeddable":true,"href":"https:\/\/dimensionturistica.com\/es\/wp-json\/wp\/v2\/users\/4"}],"replies":[{"embeddable":true,"href":"https:\/\/dimensionturistica.com\/es\/wp-json\/wp\/v2\/comments?post=144015"}],"version-history":[{"count":0,"href":"https:\/\/dimensionturistica.com\/es\/wp-json\/wp\/v2\/posts\/144015\/revisions"}],"wp:featuredmedia":[{"embeddable":true,"href":"https:\/\/dimensionturistica.com\/es\/wp-json\/wp\/v2\/media\/144016"}],"wp:attachment":[{"href":"https:\/\/dimensionturistica.com\/es\/wp-json\/wp\/v2\/media?parent=144015"}],"wp:term":[{"taxonomy":"category","embeddable":true,"href":"https:\/\/dimensionturistica.com\/es\/wp-json\/wp\/v2\/categories?post=144015"},{"taxonomy":"post_tag","embeddable":true,"href":"https:\/\/dimensionturistica.com\/es\/wp-json\/wp\/v2\/tags?post=144015"}],"curies":[{"name":"wp","href":"https:\/\/api.w.org\/{rel}","templated":true}]}}