{"id":143897,"date":"2021-06-20T19:27:14","date_gmt":"2021-06-20T19:27:14","guid":{"rendered":"https:\/\/dimensionturistica.com\/es\/?p=143897"},"modified":"2021-06-20T19:27:14","modified_gmt":"2021-06-20T19:27:14","slug":"protesta-en-el-puerto-de-valencia-contra-el-inminente-retorno-del-turismo-de-cruceros","status":"publish","type":"post","link":"https:\/\/dimensionturistica.com\/es\/protesta-en-el-puerto-de-valencia-contra-el-inminente-retorno-del-turismo-de-cruceros\/","title":{"rendered":"Protesta en el Puerto de Val\u00e8ncia contra el inminente retorno del turismo de cruceros"},"content":{"rendered":"<p> <br \/>\n<\/p>\n<div id=\"\">\n<picture class=\"image lozad\" data-alt=\"Instant\u00e1nea de la \u2018performance\u2019 realizada ayer en el Puerto de Val\u00e8ncia. | J. GIL\/EUROPA PRESS\">\n<p>        <img decoding=\"async\" src=\"data:image\/png;base64,iVBORw0KGgoAAAANSUhEUgAAABAAAAAJCAQAAACRI2S5AAAAEElEQVR42mNkIAAYRxWAAQAG9gAKqv6+AwAAAABJRU5ErkJggg==\" style=\"width:100%; height:auto; max-width:100%;\" height=\"495\" width=\"880\" alt=\"Instant\u00e1nea de la \u2018performance\u2019 realizada ayer en el Puerto de Val\u00e8ncia. | J. GIL\/EUROPA PRESS\" title=\"Instant\u00e1nea de la \u2018performance\u2019 realizada ayer en el Puerto de Val\u00e8ncia. | J. GIL\/EUROPA PRESS\"\/><source  media=\"(max-width:  767px)\"><source  media=\"(max-width: 1201px)\"><source  media=\"(max-width:  100vw)\"><\/source><\/source><\/source><\/picture><!-- \/.image --><\/p>\n<p class=\"article-photo__footer\">\n        <em>Instant\u00e1nea de la \u2018performance\u2019 realizada ayer en el Puerto de Val\u00e8ncia. | J. GIL\/EUROPA PRESS<\/em>\n            <\/p>\n<\/div>\n<div>\n<p class=\"article-body__text article-body__text--entry article-body__text-middle\">\n        Diversas asociaciones celebraron ayer en el Puerto de Val\u00e8ncia una efficiency contra la reactivaci\u00f3n del tr\u00e1fico de cruceros en la que simularon una boda entre la ciudad y la terminal de cruceros, oficiada por la Autoridad Portuaria de Valencia y frustrada por la sociedad civil.\n<\/p>\n<p class=\"article-body__text \">\n        La acci\u00f3n se enmarca en una jornada de protestas nacional en rechazo a la resoluci\u00f3n del Gobierno para levantar la restricci\u00f3n a la llegada de cruceros, que volver\u00e1n a la C. Valenciana la pr\u00f3xima semana. Los participantes denunciaron la contaminaci\u00f3n que producen estos buques, que \u00absolo dejan humo, basura y apenas trabajos de calidad\u00bb. En el acto tambi\u00e9n pusieron el foco en la ampliaci\u00f3n norte del puerto y cargaron contra el proyecto.\n<\/p>\n<\/p><\/div>\n\n<p><em> &#8221; Fuentes www.levante-emv.com &#8221; <\/em><\/p>\n","protected":false},"excerpt":{"rendered":"<p>Instant\u00e1nea de la \u2018performance\u2019 realizada ayer en el Puerto de Val\u00e8ncia. | J. GIL\/EUROPA PRESS Diversas asociaciones celebraron ayer en el Puerto de Val\u00e8ncia una efficiency contra la reactivaci\u00f3n del tr\u00e1fico de cruceros en la que simularon una boda entre la ciudad y la terminal de cruceros, oficiada por la Autoridad Portuaria de Valencia y [&hellip;]<\/p>\n","protected":false},"author":4,"featured_media":143898,"comment_status":"open","ping_status":"closed","sticky":false,"template":"","format":"standard","meta":{"om_disable_all_campaigns":false,"jnews-multi-image_gallery":[],"jnews_single_post":[],"jnews_primary_category":[],"jnews_social_meta":[],"footnotes":""},"categories":[41],"tags":[13853,4734,1411,13661,2769],"class_list":["post-143897","post","type-post","status-publish","format-standard","has-post-thumbnail","hentry","category-cruceros","tag-inminente","tag-protesta","tag-puerto","tag-retorno","tag-valencia"],"_links":{"self":[{"href":"https:\/\/dimensionturistica.com\/es\/wp-json\/wp\/v2\/posts\/143897","targetHints":{"allow":["GET"]}}],"collection":[{"href":"https:\/\/dimensionturistica.com\/es\/wp-json\/wp\/v2\/posts"}],"about":[{"href":"https:\/\/dimensionturistica.com\/es\/wp-json\/wp\/v2\/types\/post"}],"author":[{"embeddable":true,"href":"https:\/\/dimensionturistica.com\/es\/wp-json\/wp\/v2\/users\/4"}],"replies":[{"embeddable":true,"href":"https:\/\/dimensionturistica.com\/es\/wp-json\/wp\/v2\/comments?post=143897"}],"version-history":[{"count":0,"href":"https:\/\/dimensionturistica.com\/es\/wp-json\/wp\/v2\/posts\/143897\/revisions"}],"wp:featuredmedia":[{"embeddable":true,"href":"https:\/\/dimensionturistica.com\/es\/wp-json\/wp\/v2\/media\/143898"}],"wp:attachment":[{"href":"https:\/\/dimensionturistica.com\/es\/wp-json\/wp\/v2\/media?parent=143897"}],"wp:term":[{"taxonomy":"category","embeddable":true,"href":"https:\/\/dimensionturistica.com\/es\/wp-json\/wp\/v2\/categories?post=143897"},{"taxonomy":"post_tag","embeddable":true,"href":"https:\/\/dimensionturistica.com\/es\/wp-json\/wp\/v2\/tags?post=143897"}],"curies":[{"name":"wp","href":"https:\/\/api.w.org\/{rel}","templated":true}]}}