{"id":143851,"date":"2021-06-20T17:37:51","date_gmt":"2021-06-20T17:37:51","guid":{"rendered":"https:\/\/dimensionturistica.com\/es\/?p=143851"},"modified":"2021-06-20T17:37:52","modified_gmt":"2021-06-20T17:37:52","slug":"gobierno-decreta-plan-de-austeridad-reduce-gastos-de-viajes-y-compra-de-vehiculos-de-lujo","status":"publish","type":"post","link":"https:\/\/dimensionturistica.com\/es\/gobierno-decreta-plan-de-austeridad-reduce-gastos-de-viajes-y-compra-de-vehiculos-de-lujo\/","title":{"rendered":"Gobierno decreta plan de austeridad; reduce gastos de viajes y compra de veh\u00edculos de lujo"},"content":{"rendered":"<p> <br \/>\n<\/p>\n<div mlnid=\"idcon=16653558;order=7.0\">\n<p>El presidente de la Rep\u00fablica, Luis Abinader, dispuso mediante decreto 396-21, el plan de austeridad y racionamiento del gasto p\u00fablico, con el fin de seguir enfrentando el severo impacto que ha tenido la pandemia del COVID-19 en la econom\u00eda nacional e internacional.<\/p>\n<p>La disposici\u00f3n presidencial establece considerables reducciones en gastos relacionados con viajes al exterior, la compra de veh\u00edculos de lujo, remodelaciones de alto costo, agasajos y celebraciones, indic\u00f3 el documento.<\/p>\n<p>La disposici\u00f3n tambi\u00e9n alcanza las donaciones, obsequios, uso de instalaciones privadas para la realizaci\u00f3n de actividades, y hasta el uso de private policial o militar asignado a funcionarios p\u00fablicos, con muy contadas excepciones establecidas en el propio decreto.<\/p>\n<p>Entre las medidas que destacan est\u00e1 la prohibici\u00f3n de salidas al exterior de servidores p\u00fablicos en viajes oficiales que no cuenten con autorizaci\u00f3n previa y la consecuente compra de boletos a\u00e9reos.<\/p>\n<p>De igual manera, quedan prohibidas las compras de veh\u00edculos de motor, excepto aquellos utilitarios que sean imprescindibles para la adecuada ejecuci\u00f3n de las funciones a las que sean asignados y debidamente autorizadas.<\/p>\n<p>Igualmente, solo se autorizar\u00e1n exoneraciones y exenciones de veh\u00edculos seg\u00fan lo establecen las correspondientes leyes aplicables y se denegar\u00e1 cualquier solicitud relacionada, que no tenga su base en alguna ley.<\/p>\n<p>En cuanto a los veh\u00edculos oficiales, queda prohibido su uso durante fines de semana y d\u00edas feriados.<\/p>\n<p>Por otro lado, el decreto 396-21 tambi\u00e9n busca racionalizar el uso de parte del recurso humano asignado a instituciones y funcionarios, para lo cual ordena a los ministros de Defensa e Inside y Polic\u00eda, una profunda revisi\u00f3n del private policial y militar a disposici\u00f3n de instituciones p\u00fablicas y a servidores p\u00fablicos y otros dignatarios para reducirlo a la cantidad estrictamente necesaria y eficientizar su distribuci\u00f3n.<\/p>\n<p>De igual manera, queda prohibido el uso de flanqueadores motorizados en desplazamientos de los servidores p\u00fablicos, con claras excepciones como la del presidente y vicepresidenta de la Rep\u00fablica, ministros de Defensa e Inside y Polic\u00eda, director basic de la Polic\u00eda Nacional, procuradora basic de la Rep\u00fablica, comandantes generales de los cuerpos castrenses, presidente de la DNCD y el director del DNI.<\/p>\n<p>En el caso espec\u00edfico de la Polic\u00eda Nacional se ordena la reducci\u00f3n de private asignado a instituciones y funcionarios en al menos un 50%, para que el resto sea dedicado a la implementaci\u00f3n efectiva de la Estrategia Nacional Integral de Seguridad Ciudadana \u201cMi Pa\u00eds Seguro\u201d.<\/p>\n<p>La responsabilidad del seguimiento y de velar por el cumplimiento de este decreto presidencial queda a cargo del Ministerio Administrativo de la Presidencia y el Ministerio de Administraci\u00f3n P\u00fablica, en coordinaci\u00f3n con la Direcci\u00f3n Normal de Presupuesto y la Contralor\u00eda Normal de la Rep\u00fablica, agreg\u00f3 la nota de prensa del decreto.<\/p>\n<\/p><\/div>\n\n<p><em> &#8221; Fuentes www.diariolibre.com &#8221; <\/em><\/p>\n","protected":false},"excerpt":{"rendered":"<p>El presidente de la Rep\u00fablica, Luis Abinader, dispuso mediante decreto 396-21, el plan de austeridad y racionamiento del gasto p\u00fablico, con el fin de seguir enfrentando el severo impacto que ha tenido la pandemia del COVID-19 en la econom\u00eda nacional e internacional. La disposici\u00f3n presidencial establece considerables reducciones en gastos relacionados con viajes al exterior, [&hellip;]<\/p>\n","protected":false},"author":4,"featured_media":143852,"comment_status":"open","ping_status":"closed","sticky":false,"template":"","format":"standard","meta":{"om_disable_all_campaigns":false,"jnews-multi-image_gallery":[],"jnews_single_post":[],"jnews_primary_category":[],"jnews_social_meta":[],"footnotes":""},"categories":[39],"tags":[1429],"class_list":["post-143851","post","type-post","status-publish","format-standard","has-post-thumbnail","hentry","category-viajes","tag-santo-domingo"],"_links":{"self":[{"href":"https:\/\/dimensionturistica.com\/es\/wp-json\/wp\/v2\/posts\/143851","targetHints":{"allow":["GET"]}}],"collection":[{"href":"https:\/\/dimensionturistica.com\/es\/wp-json\/wp\/v2\/posts"}],"about":[{"href":"https:\/\/dimensionturistica.com\/es\/wp-json\/wp\/v2\/types\/post"}],"author":[{"embeddable":true,"href":"https:\/\/dimensionturistica.com\/es\/wp-json\/wp\/v2\/users\/4"}],"replies":[{"embeddable":true,"href":"https:\/\/dimensionturistica.com\/es\/wp-json\/wp\/v2\/comments?post=143851"}],"version-history":[{"count":0,"href":"https:\/\/dimensionturistica.com\/es\/wp-json\/wp\/v2\/posts\/143851\/revisions"}],"wp:featuredmedia":[{"embeddable":true,"href":"https:\/\/dimensionturistica.com\/es\/wp-json\/wp\/v2\/media\/143852"}],"wp:attachment":[{"href":"https:\/\/dimensionturistica.com\/es\/wp-json\/wp\/v2\/media?parent=143851"}],"wp:term":[{"taxonomy":"category","embeddable":true,"href":"https:\/\/dimensionturistica.com\/es\/wp-json\/wp\/v2\/categories?post=143851"},{"taxonomy":"post_tag","embeddable":true,"href":"https:\/\/dimensionturistica.com\/es\/wp-json\/wp\/v2\/tags?post=143851"}],"curies":[{"name":"wp","href":"https:\/\/api.w.org\/{rel}","templated":true}]}}