{"id":143797,"date":"2021-06-20T14:30:16","date_gmt":"2021-06-20T14:30:16","guid":{"rendered":"https:\/\/dimensionturistica.com\/es\/?p=143797"},"modified":"2021-06-20T14:30:17","modified_gmt":"2021-06-20T14:30:17","slug":"dia-del-padre-tata-importante-figura-purepecha-cargada-de-simbolismo","status":"publish","type":"post","link":"https:\/\/dimensionturistica.com\/es\/dia-del-padre-tata-importante-figura-purepecha-cargada-de-simbolismo\/","title":{"rendered":"D\u00eda del Padre | Tata, importante figura pur\u00e9pecha cargada de simbolismo"},"content":{"rendered":"<p> <br \/>\n<\/p>\n<div>\n<p>Ang\u00e9lica Ayala, La Voz de Michoac\u00e1n<\/p>\n<p>Morelia,<br \/>\nMichoac\u00e1n. A pesar de que la figura paternal es el l\u00edder de grandes n\u00facleos<br \/>\nfamiliares, en la comunidad pur\u00e9pecha poco ha permeado el festejo del D\u00eda del<br \/>\nPadre como tal, al contrario de la celebraci\u00f3n a las madres. Algunas familias<br \/>\nlo han adoptado, pero es una celebraci\u00f3n muy acotada.<\/p>\n<p>No<br \/>\nobstante, los paterfamilias son figuras extremadamente respetadas en la cultura<br \/>\npur\u00e9pecha, l\u00edderes de linajes completos y quienes tienen generalmente la \u00faltima<br \/>\npalabra en decisiones de cualquier tipo. Aspiran los mismos padres a volverse<br \/>\nejemplo y s\u00edmbolo de admiraci\u00f3n, al menos entre los suyos, a ser tata.<\/p>\n<p>Por<br \/>\nello la palabra \u2018tata\u2019, a pesar de su aparente simpleza, es tambi\u00e9n un<br \/>\nsimbolismo que ha perdurado a trav\u00e9s de siglos enteros, en donde se reconoce<br \/>\naquellos hombres que con su liderazgo y aportaciones han encaminado a las<br \/>\nsociedades pur\u00e9pechas hacia mejores destinos.<\/p>\n<p>As\u00ed<br \/>\nlo relata H\u00e9ctor de Jes\u00fas Cipriano, de la comunidad de Pu\u00e1cuaro, en municipio<br \/>\nde Erongar\u00edcuaro, quien comparte con los lectores de La Voz de Michoac\u00e1n sobre<br \/>\nesta explicit visi\u00f3n del concepto de los pap\u00e1s, del D\u00eda del Padre y de los<br \/>\ntatas que tiene en la cultura pur\u00e9pechas.<\/p>\n<p>Reconoce<br \/>\nque el tema de este festejo no es propio de las comunidades, ni de aquellas<br \/>\nasentadas en la Meseta Pur\u00e9pecha, ni en la ribera del Lago de P\u00e1tzcuaro, sino<br \/>\nque es parte de ese fen\u00f3meno de globalizaci\u00f3n e invasi\u00f3n cultural a la que, sin<br \/>\nquerer o no, se han visto condicionadas en los \u00faltimos a\u00f1os.<\/p>\n<blockquote style=\"text-align:center\" class=\"wp-block-quote is-style-large\">\n<p><strong>Mira, el D\u00eda del Padre es una conmemoraci\u00f3n desde la visi\u00f3n occidental, o sea no hay desde la visi\u00f3n Pur\u00e9pecha, m\u00e1s bien nosotros la hemos ido adquiriendo\u201d, reconoci\u00f3 H\u00e9ctor de Jes\u00fas Cipriano.<\/strong><\/p>\n<\/blockquote>\n<h3>LA VISI\u00d3N MEXICANA<\/h3>\n<p>En<br \/>\nM\u00e9xico el\u00a0D\u00eda del Padre\u00a0comenz\u00f3 a generalizarse en las escuelas en la<br \/>\nd\u00e9cada de los 50. De acuerdo con algunas investigaciones hist\u00f3ricas, se trat\u00f3<br \/>\nde un concepto que se \u201cimport\u00f3\u201d de Estados Unidos, donde activistas promovieron<br \/>\nun festejo de este tipo desde mediados del siglo XX.<\/p>\n<p>Originalmente<br \/>\nla celebraci\u00f3n se propuso en honor al padre de una mujer llamada Sonora Good<br \/>\nDodd, quien quiso homenajear a su progenitor, Henry Jackson Good, quien se<br \/>\nhizo cargo de la educaci\u00f3n de seis hijos en whole. La activista se dio cuenta<br \/>\nde que su padre hab\u00eda sido todo un ejemplo en la comunidad y propuso su fecha<br \/>\nde nacimiento, el 19 de junio, para conmemorar tal festejo a la paternidad bien<br \/>\nejercida.<\/p>\n<p>Con<br \/>\nel paso del tiempo, y tras adoptado en los planteles educativos mexicanos, de<br \/>\nlas escuelas brinc\u00f3 hacia las familias y en poco tiempo las marcas comerciales<br \/>\nvieron en el festejo una oportunidad de negocios. Tomando como base la<br \/>\ncelebraci\u00f3n del 19 de junio, que fue la authentic en Estados Unidos, en nuestro<br \/>\npa\u00eds se estableci\u00f3 de manera casual a celebrarse cada a\u00f1o el tercer domingo<br \/>\ndel mes de junio.<\/p>\n<h3><strong>Festejo discreto<\/strong><\/h3>\n<p>Reconoce<br \/>\nH\u00e9ctor de Jes\u00fas Cipriano que el festejo poco a poco ha ido ganando terreno,<br \/>\naunque sigue muy lejos de ser una celebraci\u00f3n bien establecida, donde otras<br \/>\nfechas siguen teniendo mucho mayor peso en su cosmovisi\u00f3n, no importa que<br \/>\nalgunas familias han hecho suyo el festejo de manera explicit.<\/p>\n<p>\u201cUna<br \/>\nvez que est\u00e1 celebraci\u00f3n ha ido penetrando en nuestros pueblos la gente le da<br \/>\npoca importancia, pues sigue con la mucha fuerza la celebraci\u00f3n del D\u00eda de la Madre\u201d,<br \/>\ncomenta. El 10 de mayo es muy socorrido en los pueblos originarios y se festeja<br \/>\ncon las mujeres, vivas y fallecidas, su importancia en las familias y su<br \/>\ndedicaci\u00f3n inquebrantable en la crianza.<\/p>\n<p><strong><em>\u201cEn los casos donde se celebra se hace con una comida familiar dirigida para el pap\u00e1 y en muy pocos casos, en caso de que ya no viva, un ramo de flores o una visita al pante\u00f3n\u201d,<\/em><\/strong> refiri\u00f3, aludiendo que la celebraci\u00f3n, si bien es conocida ya en las propias comunidades, no se trata todav\u00eda de una fiesta generalizada, aunque ha ido ganando terreno en algunos n\u00facleos.<\/p>\n<p>En<br \/>\nlas comunidades, de cualquier forma, la figura aspiracional de ser un buen<br \/>\nhombre, un buen l\u00edder, un tata, contin\u00faa, y son los padres quienes constituyen<br \/>\nel ejemplo m\u00e1s pr\u00f3ximo de esa figura aspiracional.<\/p>\n<h3>\u00bfQU\u00c9 ES UN TATA?<\/h3>\n<p><strong><em>\u201cTata es una palabra Pur\u00e9pecha que encierra mucho simbolismo\u201d<\/em><\/strong>, asevera H\u00e9ctor de Jes\u00fas Cipriano. En pur\u00e9pecha tata significa se\u00f1or y esa denominaci\u00f3n la adquiere cualquier hombre al contraer una relaci\u00f3n afectiva o de vivir juntos con una mujer, est\u00e9n casados o no.<\/p>\n<blockquote style=\"text-align:center\" class=\"wp-block-quote is-style-large\">\n<p><strong>Pero ese es un tata easy. Hay otro tata, es aquel que a trav\u00e9s de sus obras en beneficio de la comunidad o los cargos que ha tenido se ha ganado el respeto y admiraci\u00f3n de la poblaci\u00f3n, es el consejero, el sabio al que muchos acuden para pedirle un consejo, ese tata es al que todo hombre en una comunidad aspira a ser\u201d, explica.<\/strong><\/p>\n<\/blockquote>\n<p>Durante<br \/>\nsiglos, las dos \u00fanicas personas que no siendo pur\u00e9pechas que han adquirido ese<br \/>\nreconocimiento son Tata L\u00e1zaro C\u00e1rdenas y Tata vasco de Quiroga.<\/p>\n<\/p><\/div>\n\n<p><em> &#8221; Fuentes www.lavozdemichoacan.com.mx &#8221; <\/em><\/p>\n","protected":false},"excerpt":{"rendered":"<p>Ang\u00e9lica Ayala, La Voz de Michoac\u00e1n Morelia, Michoac\u00e1n. A pesar de que la figura paternal es el l\u00edder de grandes n\u00facleos familiares, en la comunidad pur\u00e9pecha poco ha permeado el festejo del D\u00eda del Padre como tal, al contrario de la celebraci\u00f3n a las madres. Algunas familias lo han adoptado, pero es una celebraci\u00f3n muy [&hellip;]<\/p>\n","protected":false},"author":4,"featured_media":143798,"comment_status":"open","ping_status":"closed","sticky":false,"template":"","format":"standard","meta":{"om_disable_all_campaigns":false,"jnews-multi-image_gallery":[],"jnews_single_post":[],"jnews_primary_category":[],"jnews_social_meta":[],"footnotes":""},"categories":[39],"tags":[1762,2270,7878,16325,24390,24388,7943,973,19820,16344,16337,16321,3108,16341,16322,2665,2403,2450,16327,1551,16334,3109,3105,16333,24389,16329,4360,16347,16310,24394,5044,16356,2486,19812,2292,19821,1975,1356,510,16316,3102,739,19818,5211,16315,3097,5250,19816,2142,16319,16350,3098,16331,16328,9255,16348,4139,24392,16320,16353,16354,3317,3124,4676,16352,24391,16338,3096,19815,16349,24393,16324,16323,16313,16340,13139,16314,1300,4735,2510,8424,7881,16339,6037,8293,16342,10982,2511,980,25796,7494,705,16326,2221,25795,3117,16311,16336,19814,3100,25793,3099,8301,7069,5811,1411,7070,16346,25797,3101,19817,1499,19813,986,16309,12676,16355,16358,16343,16345,16335,544,16332,16357,16359,13614,16312,16360,1597,19819,25794],"class_list":["post-143797","post","type-post","status-publish","format-standard","has-post-thumbnail","hentry","category-viajes","tag-1762","tag-accidente","tag-agricultura","tag-aguacate","tag-alfonso-martinez","tag-alfredo-ramirez","tag-alianza","tag-amlo","tag-antros","tag-apatzingan","tag-aquila","tag-asesinatos","tag-atletico-morelia","tag-autodefensas","tag-balacera","tag-balnearios","tag-banco","tag-becas","tag-berries","tag-calor","tag-camas","tag-canarios","tag-candidatos","tag-carlos-herrera","tag-carlos-herrera-tello","tag-carteles-unidos","tag-casos","tag-cb","tag-cerro-del-aguila","tag-ciudad-colonial","tag-cjng","tag-clases-virtuales","tag-clima","tag-cnte","tag-comicios","tag-confirmados","tag-contagios","tag-covid","tag-covid-19","tag-crimen-organizado","tag-cristobal-arias","tag-cubrebocas","tag-cuizeo","tag-dia-de-muertos","tag-diana-carpio","tag-diego","tag-droga","tag-ejidatarios","tag-elecciones","tag-enfrentamiento","tag-estadio-morelos","tag-feminicidio","tag-ficm","tag-fresa","tag-frio","tag-grupo-marmor","tag-guardia-nacional","tag-hipolito-mora","tag-homicidios","tag-hospital-civil","tag-hospital-infantil","tag-hospitales","tag-iglesias","tag-imss","tag-issste","tag-ivan-perez-negron","tag-jaripeos","tag-jessica","tag-jesus-del-monte","tag-jose-luis-higuera","tag-juan-antonio-magana","tag-la-voz","tag-la-voz-de-michoacan","tag-lazaro-cardenas","tag-liga-expansion","tag-lluvias","tag-lopez-obrador","tag-manifestacion","tag-marcha","tag-mario-delgado","tag-mariposa-monarca","tag-medidas-sanitarias","tag-memo-valencia","tag-michoacan","tag-migracion","tag-mireles","tag-morelia","tag-morena","tag-mujer","tag-nahuatzen","tag-narco","tag-noticias","tag-paisanos","tag-pan","tag-partido-del-trabajo","tag-patrullas","tag-patzcuaro","tag-pichilinguillo","tag-pico-azul","tag-prd","tag-prep","tag-pri","tag-primavera","tag-pt","tag-pueblos-magicos","tag-puerto","tag-pvem","tag-quadratin","tag-quien-gano","tag-raul-moron","tag-revolucion-social","tag-secretaria-de-salud","tag-secuestro","tag-seguridad","tag-silvano-aureoles","tag-snte","tag-tarimbaro","tag-tec-de-morelia","tag-tepalcatepec","tag-tierra-caliente","tag-tortugas","tag-turismo","tag-tzintzuntzan","tag-umsnh","tag-unla","tag-urnas","tag-uruapan","tag-uvaq","tag-vacuna","tag-venta-de-alcohol","tag-votos"],"_links":{"self":[{"href":"https:\/\/dimensionturistica.com\/es\/wp-json\/wp\/v2\/posts\/143797","targetHints":{"allow":["GET"]}}],"collection":[{"href":"https:\/\/dimensionturistica.com\/es\/wp-json\/wp\/v2\/posts"}],"about":[{"href":"https:\/\/dimensionturistica.com\/es\/wp-json\/wp\/v2\/types\/post"}],"author":[{"embeddable":true,"href":"https:\/\/dimensionturistica.com\/es\/wp-json\/wp\/v2\/users\/4"}],"replies":[{"embeddable":true,"href":"https:\/\/dimensionturistica.com\/es\/wp-json\/wp\/v2\/comments?post=143797"}],"version-history":[{"count":0,"href":"https:\/\/dimensionturistica.com\/es\/wp-json\/wp\/v2\/posts\/143797\/revisions"}],"wp:featuredmedia":[{"embeddable":true,"href":"https:\/\/dimensionturistica.com\/es\/wp-json\/wp\/v2\/media\/143798"}],"wp:attachment":[{"href":"https:\/\/dimensionturistica.com\/es\/wp-json\/wp\/v2\/media?parent=143797"}],"wp:term":[{"taxonomy":"category","embeddable":true,"href":"https:\/\/dimensionturistica.com\/es\/wp-json\/wp\/v2\/categories?post=143797"},{"taxonomy":"post_tag","embeddable":true,"href":"https:\/\/dimensionturistica.com\/es\/wp-json\/wp\/v2\/tags?post=143797"}],"curies":[{"name":"wp","href":"https:\/\/api.w.org\/{rel}","templated":true}]}}