{"id":143676,"date":"2021-06-20T10:19:52","date_gmt":"2021-06-20T10:19:52","guid":{"rendered":"https:\/\/dimensionturistica.com\/es\/?p=143676"},"modified":"2021-06-20T10:19:52","modified_gmt":"2021-06-20T10:19:52","slug":"riohacha-tendra-conexion-area-con-curazao-para-reactivacion-economica-otras-ciudades-colombia","status":"publish","type":"post","link":"https:\/\/dimensionturistica.com\/es\/riohacha-tendra-conexion-area-con-curazao-para-reactivacion-economica-otras-ciudades-colombia\/","title":{"rendered":"Riohacha tendr\u00e1 conexi\u00f3n \u00e1rea con Curazao para reactivaci\u00f3n econ\u00f3mica &#8211; Otras Ciudades &#8211; Colombia"},"content":{"rendered":"<p> <br \/>\n<\/p>\n<div itemprop=\"articleBody\">\n<p class=\"contenido \" id=\"p596414-m429-428-430\">La isla de<b> Curazao<\/b> y el Distrito de <b>Riohacha<\/b>, buscan afianzar relaciones comerciales, en el marco de la <b>reactivaci\u00f3n econ\u00f3mica <\/b>para impulsar ambos destinos tur\u00edsticos con el establecimiento de una ruta a\u00e9rea comercial directa para finales del 2021.<\/p>\n<p>\u201cNo se imaginan lo cerca que estamos y cuanto potencial hay entre los dos destinos; todos necesitamos seguirnos desarrollando a nivel econ\u00f3mico y las relaciones bilaterales son claves para este objetivo. Curazao tiene 28 vuelos semanales con Europa, \u00bfpor qu\u00e9 no pueden hacer una parada en Riohacha?; aqu\u00ed hay cultura, historia y playas bonitas\u201d, indic\u00f3 Andr\u00e9 Rojer, supervisor regional para Sur Am\u00e9rica del pa\u00eds caribe\u00f1o.<\/p>\n<p>(Adem\u00e1s:\u00a0<a rel=\"nofollow noopener\" target=\"_blank\" href=\"https:\/\/www.eltiempo.com\/colombia\/otras-ciudades\/el-turismo-en-sucre-espera-reactivacion-596318\">Turismo en el Golfo de Morrosquillo espera reactivaci\u00f3n total)<\/a><\/p>\n<div class=\"articulo-quote \" id=\"p596414-m473-2-474\">\n<div class=\"quote-bk\">\n<p id=\"m478-477-479\" class=\"mensaje \">la ruta de conexi\u00f3n a\u00e9rea tendr\u00e1 como resultado el posicionamiento de Riohacha como uno de los mejores destinos del pa\u00eds; esos son procesos para reactivar de manera paulatina y segura la econom\u00eda&#8230;<\/p>\n<\/div>\n<\/div>\n<p class=\"contenido \" id=\"p596414-m497-3-498\">El eje de la visita internacional que lleg\u00f3 a Riohacha es el <b>turismo<\/b>, por eso en el primer encuentro se trazaron las l\u00edneas estrat\u00e9gicas, junto con la alcald\u00eda y el director de Turismo Departamental.<\/p>\n<p>Rojer, sostiene que si se logra un trabajo articulado con el aeropuerto, la Dian y otras instituciones, se puede adelantar la reapertura comercial tras la <b>pandemia<\/b>, ya que en Curazao alcanza a la fecha el 88 por ciento de vacunaci\u00f3n en la poblaci\u00f3n.<\/p>\n<p>\u201cNo hay tanta raz\u00f3n para seguir demorando y tener tantas reuniones. Es hora de tomar acci\u00f3n y poder lograr lo que todos queremos que es conexi\u00f3n y comercio entre los dos destinos\u201d, puntualiz\u00f3 Rojer.<\/p>\n<p>(Adem\u00e1s:<a rel=\"nofollow noopener\" target=\"_blank\" href=\"https:\/\/www.eltiempo.com\/colombia\/otras-ciudades\/hombre-le-disparo-a-un-perro-porque-defeco-en-la-terraza-de-su-casa-596407\">\u00a0Indignaci\u00f3n en Santa Marta por hombre que le dispar\u00f3 a un perro)<\/a><\/p>\n<div class=\"articulo-quote \" id=\"p596414-m503-4-504\">\n<div class=\"quote-bk\">\n<p id=\"m508-507-509\" class=\"mensaje \">este intercambio comercial nos permitir\u00e1 fortalecer el campo, a trav\u00e9s de la exportaci\u00f3n de productos de alta calidad que se cultivan aqu\u00ed&#8230;<\/p>\n<\/div>\n<\/div>\n<p class=\"contenido \" id=\"p596414-m527-5-528\">Tambi\u00e9n se busca consolidar rutas de <b>conexi\u00f3n mar\u00edtima <\/b>que permita retomar el intercambio comercial de productos agr\u00edcolas. <\/p>\n<p>En 2019 se realiz\u00f3 un piloto que por razones ajenas no tuvo continuidad; en la actualidad los gobiernos siguen trabajando para que Riohacha sea la despensa agr\u00edcola de Curazao. <\/p>\n<p>Para el alcalde de Riohacha, Jos\u00e9 Ramiro Berm\u00fadez, \u201ceste intercambio comercial nos permitir\u00e1 fortalecer el campo, a trav\u00e9s de la exportaci\u00f3n de productos de alta calidad que se cultivan aqu\u00ed; en cuanto a la ruta de conexi\u00f3n a\u00e9rea tendr\u00e1 como resultado el posicionamiento de Riohacha como uno de los mejores destinos del pa\u00eds; esos son procesos para reactivar de manera paulatina y segura la econom\u00eda de la regi\u00f3n\u201d.<\/p>\n<p>La agenda de trabajo, incluye una reuni\u00f3n con el gerente de Aeropuertos de Oriente, para el avance de esta iniciativa.<\/p>\n<div class=\"articulo-quote \" id=\"p596414-m533-6-534\">\n<div class=\"quote-bk\">\n<p id=\"m538-537-539\" class=\"mensaje \">Curazao tiene 28 vuelos semanales con Europa, \u00bfpor qu\u00e9 no pueden hacer una parada en Riohacha? Aqu\u00ed hay cultura, historia y playas bonitas&#8230;<\/p>\n<\/div>\n<\/div>\n<p class=\"contenido \" id=\"p596414-m557-7-558\"><b>Eliana Mej\u00eda\u00a0<br \/>Especial para EL TIEMPO<br \/>Riohacha<\/b><\/p>\n<p><span class=\"articulo-subtitulo \" id=\"p596414-m563-8-564\">M\u00e1s noticias en Colombia\u00a0<\/span><\/p>\n<p class=\"contenido \" id=\"p596414-m569-9-570\"><a rel=\"nofollow noopener\" target=\"_blank\" href=\"https:\/\/www.eltiempo.com\/colombia\/otras-ciudades\/trabajadora-sexual-hizo-caer-a-estafador-internacional-en-santa-marta-596341\">Trabajadora sexual hizo caer a estafador internacional en Santa Marta<\/a><\/p>\n<p class=\"contenido \" id=\"p596414-m575-10-576\"><a rel=\"nofollow noopener\" target=\"_blank\" href=\"https:\/\/www.eltiempo.com\/colombia\/otras-ciudades\/video-versiones-del-caso-de-joven-trans-atropellada-en-cartagena-592455\">Versiones del caso de joven trans atropellada en Cartagena<\/a><\/p>\n<\/div>\n\n<p><em> &#8221; Fuentes www.eltiempo.com &#8221; <\/em><\/p>\n","protected":false},"excerpt":{"rendered":"<p>La isla de Curazao y el Distrito de Riohacha, buscan afianzar relaciones comerciales, en el marco de la reactivaci\u00f3n econ\u00f3mica para impulsar ambos destinos tur\u00edsticos con el establecimiento de una ruta a\u00e9rea comercial directa para finales del 2021. \u201cNo se imaginan lo cerca que estamos y cuanto potencial hay entre los dos destinos; todos necesitamos [&hellip;]<\/p>\n","protected":false},"author":4,"featured_media":143677,"comment_status":"open","ping_status":"closed","sticky":false,"template":"","format":"standard","meta":{"om_disable_all_campaigns":false,"jnews-multi-image_gallery":[],"jnews_single_post":[],"jnews_primary_category":[],"jnews_social_meta":[],"footnotes":""},"categories":[39],"tags":[3488,6967,6628,25776,544],"class_list":["post-143676","post","type-post","status-publish","format-standard","has-post-thumbnail","hentry","category-viajes","tag-acuerdo","tag-conexion","tag-directa","tag-riohacha","tag-turismo"],"_links":{"self":[{"href":"https:\/\/dimensionturistica.com\/es\/wp-json\/wp\/v2\/posts\/143676","targetHints":{"allow":["GET"]}}],"collection":[{"href":"https:\/\/dimensionturistica.com\/es\/wp-json\/wp\/v2\/posts"}],"about":[{"href":"https:\/\/dimensionturistica.com\/es\/wp-json\/wp\/v2\/types\/post"}],"author":[{"embeddable":true,"href":"https:\/\/dimensionturistica.com\/es\/wp-json\/wp\/v2\/users\/4"}],"replies":[{"embeddable":true,"href":"https:\/\/dimensionturistica.com\/es\/wp-json\/wp\/v2\/comments?post=143676"}],"version-history":[{"count":0,"href":"https:\/\/dimensionturistica.com\/es\/wp-json\/wp\/v2\/posts\/143676\/revisions"}],"wp:featuredmedia":[{"embeddable":true,"href":"https:\/\/dimensionturistica.com\/es\/wp-json\/wp\/v2\/media\/143677"}],"wp:attachment":[{"href":"https:\/\/dimensionturistica.com\/es\/wp-json\/wp\/v2\/media?parent=143676"}],"wp:term":[{"taxonomy":"category","embeddable":true,"href":"https:\/\/dimensionturistica.com\/es\/wp-json\/wp\/v2\/categories?post=143676"},{"taxonomy":"post_tag","embeddable":true,"href":"https:\/\/dimensionturistica.com\/es\/wp-json\/wp\/v2\/tags?post=143676"}],"curies":[{"name":"wp","href":"https:\/\/api.w.org\/{rel}","templated":true}]}}