{"id":143514,"date":"2021-06-20T04:42:59","date_gmt":"2021-06-20T04:42:59","guid":{"rendered":"https:\/\/dimensionturistica.com\/es\/?p=143514"},"modified":"2021-06-20T04:42:59","modified_gmt":"2021-06-20T04:42:59","slug":"visita-tabarca-la-isla-que-es-esencia-del-mediterraneo-con-cruceros-kontiki","status":"publish","type":"post","link":"https:\/\/dimensionturistica.com\/es\/visita-tabarca-la-isla-que-es-esencia-del-mediterraneo-con-cruceros-kontiki\/","title":{"rendered":"Visita Tabarca, la isla que es esencia del Mediterr\u00e1neo, con Cruceros Kontiki"},"content":{"rendered":"<p> <br \/>\n<\/p>\n<div itemprop=\"articleBody\">\n<ul>\n<li style=\"text-align: justify;\">La \u00fanica isla habitada de la Comunitat Valenciana permite disfrutar de estancias de un d\u00eda o pernoctar en diversos alojamientos para disfrutar de sus aguas cristalinas, su patrimonio hist\u00f3rico o su gastronom\u00eda<\/li>\n<li>Con m\u00e1s de 50 a\u00f1os de experiencia, Cruceros Kontiki dispone de una moderna flota que ofrece salidas diarias desde el puerto de Alicante<\/li>\n<\/ul>\n<p><a rel=\"nofollow noopener\" target=\"_blank\" href=\"https:\/\/dimensionturistica.com\/es\/wp-content\/uploads\/2021\/06\/Visita-Tabarca-la-isla-que-es-esencia-del-Mediterraneo-con.jpg\"><img decoding=\"async\" class=\"aligncenter wp-image-844897\" src=\"data:image\/svg+xml,%3Csvg%20xmlns=\" http:=\"\" alt=\"\" width=\"650\" height=\"340\" data-lazy- data-lazy- data-lazy-src=\"https:\/\/dimensionturistica.com\/es\/wp-content\/uploads\/2021\/06\/Visita-Tabarca-la-isla-que-es-esencia-del-Mediterraneo-con.jpg\"\/><noscript><img decoding=\"async\" class=\"aligncenter wp-image-844897\" src=\"https:\/\/dimensionturistica.com\/es\/wp-content\/uploads\/2021\/06\/Visita-Tabarca-la-isla-que-es-esencia-del-Mediterraneo-con.jpg\" alt=\"\" width=\"650\" height=\"340\"  \/><\/noscript><\/a><\/p>\n<p style=\"text-align: justify;\">Tabarca es la \u00fanica isla habitada de la Comunitat Valenciana y conforma, junto con los islotes La Cantera, La Galera y la Nao, un bello e id\u00edlico archipi\u00e9lago que conviene visitar al menos una vez en la vida para saborear la aut\u00e9ntica esencia mediterr\u00e1nea.<\/p>\n<p style=\"text-align: justify;\">La isla ofrece en sus 1.800 metros de longitud y 400 metros de ancho muchas posibilidades para disfrutarla, tanto en excursiones de un d\u00eda como en fines de semana o en estancias m\u00e1s prolongadas, ya que oferta diversos alojamientos para pernoctar.<\/p>\n<p>Tabarca ofrece poderosos atractivos que avalan una visita. Para empezar una espacio pure \u00fanico, que se distingue por su costa \u00fanica con playas de aguas cristalinas, lo que permiti\u00f3 que la isla se convirtiera en 1986 en la primera <strong>Reserva Marina<\/strong> de todo el territorio espa\u00f1ol y en <strong>Zona de Especial Protecci\u00f3n para las Aves<\/strong> para la Uni\u00f3n Europea. Adem\u00e1s la singularidad de sus calles, murallas y arquitectura llev\u00f3 a que fuera considerada <strong>Conjunto Hist\u00f3rico-Art\u00edstico<\/strong> desde 1964 y <strong>Bien de Inter\u00e9s Cultural<\/strong>. As\u00ed que otro de los atractivos de la isla son los paseos: camine por la poblaci\u00f3n, por sus senderos y por la costa, dej\u00e1ndose llevar por el ritmo pausado de su paisaje mediterr\u00e1neo. Y tras disfrutar de las playas, calles y excursiones, saboree su gastronom\u00eda rica y singular, descubrir\u00e1 todo el sabor de la tradici\u00f3n marinera.<\/p>\n<div class=\"embed-responsive embed-responsive-16by9\">\n<div class=\"jeg_video_container jeg_video_content\"><iframe loading=\"lazy\" title=\"viaje a tabarca con cruceros kontiki\" width=\"500\" height=\"281\" src=\"https:\/\/www.youtube.com\/embed\/_GuQ1wI8Xz4?feature=oembed\" frameborder=\"0\" allow=\"accelerometer; autoplay; clipboard-write; encrypted-media; gyroscope; picture-in-picture; web-share\" referrerpolicy=\"strict-origin-when-cross-origin\" allowfullscreen><\/iframe><\/div>\n<\/div>\n<p style=\"text-align: justify;\">La isla cuenta con otro atractivo, solo se puede acceder a ella por\u00a0<strong>mar<\/strong>, en un trayecto que forma parte de la aventura del viaje y que nos permite impregnarnos de la belleza de su costa a medida que nos acercamos a la Isla. Es el inicio de un viaje id\u00f3neo para un fin de semana o para estancias m\u00e1s prolongadas. Tambi\u00e9n, y esta es una opci\u00f3n muy a tener en cuenta, en excursiones de una jornada, ya que su cercan\u00eda al puerto de Alicante permite que la moderna flota de <strong>Cruceros Kontiki, la naviera alicantina pionera en excursiones tur\u00edsticas,<\/strong>\u00a0tarde solo\u00a0<strong>50 minutos<\/strong>\u00a0en recorrer las 11 millas que separan el puerto de Alicante de la Isla de Tabarca.<\/p>\n<blockquote>\n<p><strong>Aguas cristalinas<\/strong><\/p>\n<\/blockquote>\n<p>Uno de los aspectos m\u00e1s apreciados de Tabarca son sus playas, distinguidas continuamente con la bandera azul de la UE por sus aguas limpias y transparentes que invitan al ba\u00f1o. Sus <strong>peque\u00f1os acantilados, calas de roca o playas de cantos rodados o de area<\/strong> son un para\u00edso en el que disfrutar del contacto directo con la naturaleza a trav\u00e9s del<strong> ba\u00f1o, buceo, la pr\u00e1ctica de la vela, el windsurf<\/strong> o simplemente paseando a lo largo de la Isla.<\/p>\n<p>Adem\u00e1s, los amantes de la naturaleza encuentran en Tabarca un espacio id\u00f3neo ya que la <strong>biodiversidad marina<\/strong> es uno de sus principales estandartes: en las aguas que ba\u00f1an la isla m\u00e1s grande de la Comunitat Valenciana es com\u00fan encontrar meros, el dot, el cherne, el dent\u00f3n, la dorada, estrellas y erizos de mar, esponjas, delfines, tortugas bobas&#8230;<\/p>\n<blockquote>\n<p><strong>Tabarca en la Historia<\/strong><\/p>\n<\/blockquote>\n<p>Sus costas albergaron en el pasado un refugio de piratas berberiscos. En el siglo XVIII, Carlos III orden\u00f3 fortificarla y levantar en ella un pueblo en el que alojar a varias familias de pescadores de G\u00e9nova que estaban cautivos en la ciudad tunecina de Tabarca. La historia de la Isla nos ha dejado un <strong>apreciado patrimonio arquitect\u00f3nico <\/strong>que merece ser visitado<strong>:<\/strong> no se pierda las murallas que rodean su n\u00facleo urbano y sus puertas de estilo barroco; tampoco la iglesia de San Pedro y San Pablo del siglo XVIII o el Torre\u00f3n de San Jos\u00e9, el antiguo faro ya restaurado que sirve de base a la reserva marina; pasee por las calles rectil\u00edneas de la Ciudadela, flanqueadas por tradicionales casas mediterr\u00e1neas; visite el peque\u00f1o cementerio de la isla; o conozca la historia de la isla en el Museo Nueva Tabarca&#8230;<\/p>\n<p><a rel=\"nofollow noopener\" target=\"_blank\" href=\"https:\/\/dimensionturistica.com\/es\/wp-content\/uploads\/2021\/06\/1624164175_65_Visita-Tabarca-la-isla-que-es-esencia-del-Mediterraneo-con.jpg\"><img decoding=\"async\" class=\"aligncenter wp-image-844907\" src=\"data:image\/svg+xml,%3Csvg%20xmlns=\" http:=\"\" alt=\"\" width=\"650\" height=\"434\" data-lazy- data-lazy- data-lazy-src=\"https:\/\/dimensionturistica.com\/es\/wp-content\/uploads\/2021\/06\/1624164175_65_Visita-Tabarca-la-isla-que-es-esencia-del-Mediterraneo-con.jpg\"\/><noscript><img decoding=\"async\" class=\"aligncenter wp-image-844907\" src=\"https:\/\/dimensionturistica.com\/es\/wp-content\/uploads\/2021\/06\/1624164175_65_Visita-Tabarca-la-isla-que-es-esencia-del-Mediterraneo-con.jpg\" alt=\"\" width=\"650\" height=\"434\"  \/><\/noscript><\/a><\/p>\n<blockquote>\n<p><strong>Gastronom\u00eda<\/strong><\/p>\n<\/blockquote>\n<p>En su estancia en Tabarca, el viajero podr\u00e1 disfrutar de una cocina t\u00edpicamente mediterr\u00e1nea y muy apreciada por mantenerse fiel a la tradici\u00f3n marinera. Los elaborados platos elaborados con productos aut\u00f3ctonos caracterizan una apreciada cocina propia y exclusiva de la Isla.<\/p>\n<p>Entre los platos m\u00e1s aprecidos est\u00e1n el calamar de potera y el caldero tabarquino -un arroz que se sirve en dos partes, por un lado el pescado con patatas y all-i-oli y por otro el arroz meloso. a la plancha-. Pero hay mucho m\u00e1s: bacalao rebozado, caldereta con bogavante, arroces marineros que no defraudan, pescados cocinados de variadas maneras que conservan todo su sabor -destacan la lechola al curric\u00e1n, la gallina, el llobarro o el salmonete-&#8230;<\/p>\n<blockquote>\n<p><strong>Cruceros Kontiki<\/strong><\/p>\n<\/blockquote>\n<p>Fundada en 1966, esta naviera conoce todos los secretos de Tabarca. En el\u00a0<strong>Puerto Deportivo de Alicante<\/strong>\u00a0dispone de una moderna flota de\u00a0<strong>cuatro barcos especializados<\/strong>\u00a0en realizar este trayecto: un modelo monocasco, el Kontiki II, \u00a0con una cabida para 150 personas y tres catamaranes, el Kontiki III y Kontiki IV, que pueden trasladar hasta 250 viajeros. La \u00faltima aportaci\u00f3n a su flota, el Kontiki V, es un veloz catamar\u00e1n de vanguardia, tiene capacidad para 150 pasajeros y cuenta con\u00a0<strong>visi\u00f3n submarina<\/strong>, lo que permite contemplar durante la traves\u00eda espectaculares panor\u00e1micas de la fauna y flora de esta reserva marina.<\/p>\n<p>Con esta nueva embarcaci\u00f3n, la naviera \u00a0ha apostado por la mayor la calidad de sus servicios, dot\u00e1ndolos de m\u00e1ximo confort, m\u00e1s prestaciones y una mayor rapidez a la hora de recorrer las\u00a0<strong>11 millas,<\/strong>\u00a0aproximadamente 22 Kil\u00f3metros, del itinerario.<\/p>\n<p><a rel=\"nofollow noopener\" target=\"_blank\" href=\"https:\/\/dimensionturistica.com\/es\/wp-content\/uploads\/2021\/06\/1624164176_326_Visita-Tabarca-la-isla-que-es-esencia-del-Mediterraneo-con.jpg\"><img decoding=\"async\" class=\"aligncenter wp-image-844917\" src=\"data:image\/svg+xml,%3Csvg%20xmlns=\" http:=\"\" alt=\"\" width=\"650\" height=\"488\" data-lazy- data-lazy- data-lazy-src=\"https:\/\/dimensionturistica.com\/es\/wp-content\/uploads\/2021\/06\/1624164176_326_Visita-Tabarca-la-isla-que-es-esencia-del-Mediterraneo-con.jpg\"\/><noscript><img decoding=\"async\" class=\"aligncenter wp-image-844917\" src=\"https:\/\/dimensionturistica.com\/es\/wp-content\/uploads\/2021\/06\/1624164176_326_Visita-Tabarca-la-isla-que-es-esencia-del-Mediterraneo-con.jpg\" alt=\"\" width=\"650\" height=\"488\"  \/><\/noscript><\/a><\/p>\n<p>La\u00a0<strong>venta de billetes<\/strong>\u00a0para la Isla de Tabarca se realiza en la caseta de Cruceros Kontiki, en el Puerto Mar\u00edtimo de Alicante, ubicada frente a sus barcos.\u00a0<strong>Las visitas tur\u00edsticas son diarias<\/strong><\/p>\n<p><strong>Precio:<\/strong>\u00a020 euros (Ida y vuelta). Ni\u00f1os hasta 4 a\u00f1os free of charge.<br \/><strong>Duraci\u00f3n aproximada:<\/strong>\u00a050 minutos.<br \/><strong>Salidas desde Alicante<\/strong><\/p>\n<blockquote>\n<p><strong>Horario:<br \/>-De lunes a viernes:<\/strong><br \/>Salidas diarias desde Alicante: 11.00 h.<br \/>Regreso desde Tabarca: 17 h.<br \/><strong>-S\u00e1bados y domingos<\/strong><br \/>Salida Alicante: 11:00 y 13:30 h<br \/>Regreso Tabarca: 17:30 h.<\/p>\n<p><strong>Horario a partir del 19 de junio<br \/><\/strong>Salidas diarias desde Alicante: 11, 12:15 y 13:30 h.<br \/>Regreso desde Tabarca: 16:30, 17:30 y 19:00 h.<\/p>\n<\/blockquote>\n<p><strong>Cruceros Kontiki<br \/>-Direcci\u00f3n: <\/strong>Paseo M\u00e1rtires de la Libertad s\/n,\u00a0Alicante<strong><br \/>-Internet: <\/strong><a rel=\"nofollow noopener\" target=\"_blank\" href=\"http:\/\/cruceroskontiki.com\/\">www.\u00a0cruceroskontiki.com<br \/><\/a><strong>-Mail: <\/strong><a rel=\"nofollow noopener\" target=\"_blank\" href=\"https:\/\/lamarinaplaza.com\/2021\/06\/09\/visita-tabarca-isla-esencia-mediterraneo-cruceros-kontiki-alicante-excursiones-viaje-barco-vacaciones\/mailto:kontiki@cruceroskontiki.com\">kontiki@cruceroskontiki.com<br \/><\/a><strong>-Tel\u00e9fono de informaci\u00f3n y contacto:<\/strong> 686 994 540\/ 686 994 539<br \/><a rel=\"nofollow noopener\" target=\"_blank\" href=\"https:\/\/www.instagram.com\/cruceroskontiki\/?hl=es\"><strong>-Instagram<\/strong><\/a><\/p>\n<p><a rel=\"nofollow noopener\" target=\"_blank\" href=\"https:\/\/dimensionturistica.com\/es\/wp-content\/uploads\/2021\/06\/1624164176_803_Visita-Tabarca-la-isla-que-es-esencia-del-Mediterraneo-con.jpg\"><img decoding=\"async\" class=\"aligncenter wp-image-844926\" src=\"data:image\/svg+xml,%3Csvg%20xmlns=\" http:=\"\" alt=\"\" width=\"650\" height=\"436\" data-lazy- data-lazy- data-lazy-src=\"https:\/\/dimensionturistica.com\/es\/wp-content\/uploads\/2021\/06\/1624164176_803_Visita-Tabarca-la-isla-que-es-esencia-del-Mediterraneo-con.jpg\"\/><noscript><img decoding=\"async\" class=\"aligncenter wp-image-844926\" src=\"https:\/\/dimensionturistica.com\/es\/wp-content\/uploads\/2021\/06\/1624164176_803_Visita-Tabarca-la-isla-que-es-esencia-del-Mediterraneo-con.jpg\" alt=\"\" width=\"650\" height=\"436\"  \/><\/noscript><\/a><\/p>\n<p><a rel=\"nofollow noopener\" target=\"_blank\" href=\"https:\/\/dimensionturistica.com\/es\/wp-content\/uploads\/2021\/06\/1624164176_810_Visita-Tabarca-la-isla-que-es-esencia-del-Mediterraneo-con.jpg\"><img decoding=\"async\" class=\"aligncenter wp-image-845052\" src=\"data:image\/svg+xml,%3Csvg%20xmlns=\" http:=\"\" alt=\"\" width=\"650\" height=\"399\" data-lazy- data-lazy- data-lazy-src=\"https:\/\/dimensionturistica.com\/es\/wp-content\/uploads\/2021\/06\/1624164176_810_Visita-Tabarca-la-isla-que-es-esencia-del-Mediterraneo-con.jpg\"\/><noscript><img decoding=\"async\" class=\"aligncenter wp-image-845052\" src=\"https:\/\/dimensionturistica.com\/es\/wp-content\/uploads\/2021\/06\/1624164176_810_Visita-Tabarca-la-isla-que-es-esencia-del-Mediterraneo-con.jpg\" alt=\"\" width=\"650\" height=\"399\"  \/><\/noscript><\/a><\/p>\n<p>\u00a0<\/p>\n<p><!-- pie banner --><br \/>\n<!-- B display bajonot --><\/p>\n<div class=\"tit-page-sus\">\n<h3>La Marina Plaza, periodismo pase lo que pase&#8230; siempre<\/h3>\n<p>Llevamos juntos siete a\u00f1os. Y juntos hemos vivido ya de todo: inundaciones, incendios, disaster, momentos duros y otros muy buenos, gestas sociales y oleadas de solidaridad de las que nos hemos sentido orgullosos.. Por eso, tampoco ahora vamos a rendirnos. Queremos seguir contigo, haciendo lo que sabemos hacer: periodismo. \u00bfNos ayudas?<\/p>\n<p><span style=\"clear:both;\" class=\"lasuscripcion\"><a rel=\"nofollow noopener\" target=\"_blank\" href=\"https:\/\/suscripcion.lamarinaplaza.com\"><span>SUSCR\u00cdBETE<\/span><\/a><\/span>\n<\/div><\/div>\n<p><script async defer src=\"https:\/\/platform.instagram.com\/en_US\/embeds.js\"><\/script><br \/>\n<br \/><\/p>\n<p><em> &#8221; Fuentes lamarinaplaza.com &#8221; <\/em><\/p>\n","protected":false},"excerpt":{"rendered":"<p>La \u00fanica isla habitada de la Comunitat Valenciana permite disfrutar de estancias de un d\u00eda o pernoctar en diversos alojamientos para disfrutar de sus aguas cristalinas, su patrimonio hist\u00f3rico o su gastronom\u00eda Con m\u00e1s de 50 a\u00f1os de experiencia, Cruceros Kontiki dispone de una moderna flota que ofrece salidas diarias desde el puerto de Alicante [&hellip;]<\/p>\n","protected":false},"author":4,"featured_media":143515,"comment_status":"open","ping_status":"closed","sticky":false,"template":"","format":"standard","meta":{"om_disable_all_campaigns":false,"jnews-multi-image_gallery":[],"jnews_single_post":[],"jnews_primary_category":[],"jnews_social_meta":[],"footnotes":""},"categories":[41],"tags":[707,871,869,854,880,862,844,843,855,850,849,874,875,863,662,840,837,703,883,882,704,881,868,870,872,873,857,865,547,846,856,858,860,861,838,839,853,879,705,836,848,866,867,773,847,841,842,831,877,546,859,878,736,719,876,852,851,864,544,706,716,845],"class_list":["post-143514","post","type-post","status-publish","format-standard","has-post-thumbnail","hentry","category-cruceros","tag-actualidad","tag-agenda","tag-agenda-cultural","tag-altea","tag-audios","tag-benidorm","tag-benisa","tag-benissa","tag-callossa-den-sarria","tag-calp","tag-calpe","tag-cartelera","tag-cine","tag-costa-blanca","tag-cultura","tag-denia","tag-diari","tag-diario","tag-diario-denia","tag-diario-marina-alta","tag-digital","tag-el-tiempo","tag-entrevistas","tag-espectaculos","tag-festival","tag-festivales","tag-finestrat","tag-informacio","tag-informacion","tag-javea","tag-lalfas-del-pi","tag-la-nucia","tag-la-vila","tag-la-vila-joiosa","tag-marina","tag-marina-alta","tag-moraira","tag-noticia","tag-noticias","tag-noticies","tag-ondara","tag-online","tag-opinio","tag-opinion","tag-pedreguer","tag-pego","tag-pego-y-les-valls","tag-periodico","tag-poesia","tag-politica","tag-polop","tag-programacion","tag-reportajes","tag-servicios","tag-teatro","tag-teulada","tag-teulada-y-moraira","tag-turisme","tag-turismo","tag-ultima-hora","tag-videos","tag-xabia"],"_links":{"self":[{"href":"https:\/\/dimensionturistica.com\/es\/wp-json\/wp\/v2\/posts\/143514","targetHints":{"allow":["GET"]}}],"collection":[{"href":"https:\/\/dimensionturistica.com\/es\/wp-json\/wp\/v2\/posts"}],"about":[{"href":"https:\/\/dimensionturistica.com\/es\/wp-json\/wp\/v2\/types\/post"}],"author":[{"embeddable":true,"href":"https:\/\/dimensionturistica.com\/es\/wp-json\/wp\/v2\/users\/4"}],"replies":[{"embeddable":true,"href":"https:\/\/dimensionturistica.com\/es\/wp-json\/wp\/v2\/comments?post=143514"}],"version-history":[{"count":0,"href":"https:\/\/dimensionturistica.com\/es\/wp-json\/wp\/v2\/posts\/143514\/revisions"}],"wp:featuredmedia":[{"embeddable":true,"href":"https:\/\/dimensionturistica.com\/es\/wp-json\/wp\/v2\/media\/143515"}],"wp:attachment":[{"href":"https:\/\/dimensionturistica.com\/es\/wp-json\/wp\/v2\/media?parent=143514"}],"wp:term":[{"taxonomy":"category","embeddable":true,"href":"https:\/\/dimensionturistica.com\/es\/wp-json\/wp\/v2\/categories?post=143514"},{"taxonomy":"post_tag","embeddable":true,"href":"https:\/\/dimensionturistica.com\/es\/wp-json\/wp\/v2\/tags?post=143514"}],"curies":[{"name":"wp","href":"https:\/\/api.w.org\/{rel}","templated":true}]}}