{"id":143387,"date":"2021-06-20T01:21:15","date_gmt":"2021-06-20T01:21:15","guid":{"rendered":"https:\/\/dimensionturistica.com\/es\/?p=143387"},"modified":"2021-06-20T01:21:15","modified_gmt":"2021-06-20T01:21:15","slug":"coronavirus-hoy-belgica-prohibe-entrada-a-viajeros-britanicos-coronavirus-dw","status":"publish","type":"post","link":"https:\/\/dimensionturistica.com\/es\/coronavirus-hoy-belgica-prohibe-entrada-a-viajeros-britanicos-coronavirus-dw\/","title":{"rendered":"++ Coronavirus hoy: B\u00e9lgica proh\u00edbe entrada a viajeros brit\u00e1nicos ++ | Coronavirus | DW"},"content":{"rendered":"<p> <br \/>\n<\/p>\n<div>\n<p><strong><em>Todas las actualizaciones en hora central europea (CET, por sus siglas en ingl\u00e9s).<\/em><\/strong><\/p>\n<p><strong>02:50 | B\u00e9lgica proh\u00edbe entrada a viajeros brit\u00e1nicos<\/strong><\/p>\n<p>B\u00e9lgica prohibir\u00e1 la entrada de viajeros que no sean ciudadanos de pa\u00edses de la Uni\u00f3n Europea desde Reino Unido y desde otros Estados, entre los que figuran siete latinoamericanos, para intentar limitar la propagaci\u00f3n de una variante del coronavirus.<\/p>\n<p>El Reino Unido y Georgia son los \u00fanicos dos pa\u00edses de Europa que figuran en la lista de 27 Estados afectados por este cierre de las fronteras belgas que entrar\u00e1 en vigor el 27 de junio como muy tarde, inform\u00f3 el gobierno.<\/p>\n<p>La lista tambi\u00e9n incluye, entre otros, a Bolivia, Paraguay, Chile, Uruguay, Colombia, Argentina, Per\u00fa, Bosuana, la Rep\u00fablica Democr\u00e1tica del Congo, Jordania, Catar, Nepal, Trinidad y Tobago, Banglad\u00e9s, Uganda, Zimbabue, Esuatini (Suazilandia), Lesoto, Namibia, Mozambique, Surinam y Pakist\u00e1n.<\/p>\n<p><strong>02:35 | Piden a Gran Breta\u00f1a que suavice las normas de viaje<\/strong><\/p>\n<p>Las aerol\u00edneas brit\u00e1nicas y las empresas tur\u00edsticas est\u00e1n planeando un &#8220;d\u00eda de acci\u00f3n&#8221; el mi\u00e9rcoles para aumentar la presi\u00f3n sobre el gobierno para aliviar las restricciones de viaje, cuando restan pocas semanas para l inicio de la temporada alta de verano.<\/p>\n<p>Las compa\u00f1\u00edas de viajes, cuyas finanzas se han visto afectadas por la pandemia, est\u00e1n desesperadas por evitar otro verano perdido por el COVID-19. Pero con los estrictos requisitos de cuarentena de Gran Breta\u00f1a, esto parece possible.<\/p>\n<p>El mi\u00e9rcoles 23 de junio, pilotos, tripulantes de cabina y agentes de viajes se reunir\u00e1n en Westminster, en el centro de Londres, y en los aeropuertos de toda Gran Breta\u00f1a para tratar de conseguir apoyo.<\/p>\n<div class=\"picBox full&#10;rechts&#10;\"> <a rel=\"nofollow noopener\" target=\"_blank\" class=\"overlayLink\" href=\"#\" link=\"\/overlay\/image\/article\/57970719\/57931891\" style=\"cursor: pointer;\"> <img decoding=\"async\" loading=\"lazy\" itemprop=\"image\" src=\"https:\/\/static.dw.com\/image\/57931891_401.jpg\" title=\"Ryanair - Boeing 737-800\" alt=\"Ryanair - Boeing 737-800\"\/> <\/a> <\/div>\n<p><strong>02:20 | Vacuna cubana muestra eficacia del 62% en ensayos<\/strong><\/p>\n<p>El candidato vacunal Soberana 02 contra el coronavirus, desarrollado por el Instituto Finlay de Vacunas (IFV) de Cuba mostr\u00f3 una eficacia del 62 % en los an\u00e1lisis preliminares de la tercera fase de ensayos cl\u00ednicos, informaron este s\u00e1bado los cient\u00edficos responsables de la investigaci\u00f3n.<\/p>\n<p>El director del IFV, Vicente V\u00e9rez, precis\u00f3 en la televisi\u00f3n estatal que el porcentaje se ha obtenido a partir del an\u00e1lisis intermedio de los resultados en los voluntarios a los que se les aplicaron dos dosis de Soberana 02 con 28 d\u00edas de diferencia.<\/p>\n<p><strong>01:33 | Brasil acumula m\u00e1s de 500.000 muertos<\/strong><\/p>\n<p>Brasil super\u00f3 la marca de 500.000 muertos por COVID-19 y avizora la tercera ola de una pandemia.\u00a0\u00a0\u00a0\u00a0\u00a0\u00a0 En las \u00faltimas 24 horas se reportaron 2.301 fallecimientos, con lo cual el steadiness fat\u00eddico se elev\u00f3 a 500.800, seg\u00fan datos del Ministerio de Salud.<\/p>\n<p>En tanto, el n\u00famero whole de casos se increment\u00f3 en 82.288, para alcanzar los 17.883.750.<\/p>\n<p>El promedio diario de decesos sobre siete d\u00edas se sit\u00faa nuevamente por encima de los 2.000, despu\u00e9s de haber ca\u00eddo a 1.660 a inicios de junio. Y el de contagios supera desde hace cinco d\u00edas los 70.000, por primera vez desde mediados de abril.<\/p>\n<p><strong>00:51 | Colombia se aproxima a las 100.000 muertes<\/strong><\/p>\n<p>Colombia agreg\u00f3 este s\u00e1bado 28.734 contagios por coronavirus, con los que totaliza 3.917.348 infecciones, y 589 muertes, que elevan a 99.335 la cifra de v\u00edctimas mortales por la enfermedad, en momentos en los que el pa\u00eds enfrenta un imbatible tercer pico de la pandemia.\u00a0<\/p>\n<p>Seg\u00fan el bolet\u00edn diario del Ministerio de Salud, Bogot\u00e1 inform\u00f3 la cifra m\u00e1s alta de contagios en esta jornada con 11.730 casos, seguida de los departamentos de Antioquia (3.996), Valle del Cauca (2.400), Santander (2.101) y Cundinamarca (2.017).\u00a0<\/p>\n<p><strong>00:17 | El aumento de contagios en menores preocupa en Bolivia<\/strong><\/p>\n<p>El aumento de contagios de COVID-19 detectados en ni\u00f1os en algunas ciudades bolivianas gener\u00f3 preocupaci\u00f3n en las autoridades locales, dentro de la tercera ola que golpea al pa\u00eds desde el mes pasado.<\/p>\n<p>Entre las tres regiones bolivianas m\u00e1s afectadas por la pandemia est\u00e1 La Paz, en cuya capital la Alcald\u00eda anunci\u00f3 la habilitaci\u00f3n de espacios espec\u00edficos para menores en dos hospitales municipales que atienden la enfermedad.<\/p>\n<p>La secretaria municipal de salud, Cecilia Vargas, dijo que desde el 1 de junio a la fecha el municipio pace\u00f1o registr\u00f3 90 contagios en menores de nueve a\u00f1os y hay al menos otros 200 casos de ni\u00f1os y adolescentes de entre 10 a 19 a\u00f1os.\u00a0<\/p>\n<div class=\"picBox full&#10;\"> <a rel=\"nofollow noopener\" target=\"_blank\" class=\"overlayLink\" href=\"#\" link=\"\/overlay\/image\/article\/57970719\/57970704\" style=\"cursor: pointer;\"> <img decoding=\"async\" loading=\"lazy\" itemprop=\"image\" src=\"https:\/\/static.dw.com\/image\/57970704_401.jpg\" title=\"Brasilien | Demonstranten protestieren gegen den brasilianischen Pr\u00e4sidenten Jair Bolsonaro\" alt=\"Brasilien | Demonstranten protestieren gegen den brasilianischen Pr\u00e4sidenten Jair Bolsonaro\"\/> <\/a> <\/div>\n<p><strong>00:01 | Multitudinarias protestas contra Bolsonaro por manejo de la pandemia<\/strong><\/p>\n<p>Decenas de miles de personas salieron a las calles de varias capitales brasile\u00f1as este s\u00e1bado para protestar contra el presidente ultraderechista Jair Bolsonaro por su gesti\u00f3n de la pandemia que ya dej\u00f3 m\u00e1s de medio mill\u00f3n de muertos en el pa\u00eds.<\/p>\n<p>M\u00e1s de 20 capitales estatales fueron escenario de protestas, entre ellas Rio de Janeiro, Brasilia, Recife y Sao Paulo, en donde, a pesar del fr\u00edo, una marea humana inund\u00f3 unas diez cuadras de la avenida Paulista, marco de la capital econ\u00f3mica de Brasil.<\/p>\n<p>Muchos de los manifestantes llevaron carteles con el n\u00famero &#8220;500.000&#8221;, en alusi\u00f3n a la triste marca de medio mill\u00f3n de muertos que Brasil super\u00f3 este s\u00e1bado.\u00a0 &#8220;Fuera Bolsonaro&#8221;, &#8220;Fuera genocida&#8221;, &#8220;Gobierno del hambre y el desempleo&#8221;, &#8220;Vacuna ya&#8221; y &#8220;Vacuna en el brazo y comida en el plato&#8221; fueron otras de las consignas que se repitieron en las acciones en Brasilia, Rio y Sao Paulo.<\/p>\n<p>jc (efe, afp, reuters)<\/p>\n<\/div>\n<p><script>\ndocument.addEventListener(\"DOMContentLoaded\", function (event) {\nif (DWDE.dsgvo.isStoringCookiesOkay()) {\nfacebookTracking();\n}\n});\nfunction facebookTracking() {\n!function (f, b, e, v, n, t, s) {\nif (f.fbq) return;\nn = f.fbq = function () {\nn.callMethod ?\nn.callMethod.apply(n, arguments) : n.queue.push(arguments)\n};\nif (!f._fbq) f._fbq = n;\nn.push = n;\nn.loaded = !0;\nn.version = '2.0';\nn.queue = [];\nt = b.createElement(e);\nt.async = !0;\nt.src = v;\ns = b.getElementsByTagName(e)[0];\ns.parentNode.insertBefore(t, s)\n}(window, document, 'script',\n'https:\/\/connect.facebook.net\/en_US\/fbevents.js');\nfbq('init', '157204581336210');\nfbq('track', 'ViewContent');\n}\n<\/script><br \/>\n<br \/><\/p>\n<p><em> &#8221; Fuentes www.dw.com &#8221; <\/em><\/p>\n","protected":false},"excerpt":{"rendered":"<p>Todas las actualizaciones en hora central europea (CET, por sus siglas en ingl\u00e9s). 02:50 | B\u00e9lgica proh\u00edbe entrada a viajeros brit\u00e1nicos B\u00e9lgica prohibir\u00e1 la entrada de viajeros que no sean ciudadanos de pa\u00edses de la Uni\u00f3n Europea desde Reino Unido y desde otros Estados, entre los que figuran siete latinoamericanos, para intentar limitar la propagaci\u00f3n [&hellip;]<\/p>\n","protected":false},"author":4,"featured_media":143388,"comment_status":"open","ping_status":"closed","sticky":false,"template":"","format":"standard","meta":{"om_disable_all_campaigns":false,"jnews-multi-image_gallery":[],"jnews_single_post":[],"jnews_primary_category":[],"jnews_social_meta":[],"footnotes":""},"categories":[40],"tags":[1975,55,510,626,1597,10944],"class_list":["post-143387","post","type-post","status-publish","format-standard","has-post-thumbnail","hentry","category-industria","tag-contagios","tag-coronavirus","tag-covid-19","tag-pandemia","tag-vacuna","tag-vacunacion"],"_links":{"self":[{"href":"https:\/\/dimensionturistica.com\/es\/wp-json\/wp\/v2\/posts\/143387","targetHints":{"allow":["GET"]}}],"collection":[{"href":"https:\/\/dimensionturistica.com\/es\/wp-json\/wp\/v2\/posts"}],"about":[{"href":"https:\/\/dimensionturistica.com\/es\/wp-json\/wp\/v2\/types\/post"}],"author":[{"embeddable":true,"href":"https:\/\/dimensionturistica.com\/es\/wp-json\/wp\/v2\/users\/4"}],"replies":[{"embeddable":true,"href":"https:\/\/dimensionturistica.com\/es\/wp-json\/wp\/v2\/comments?post=143387"}],"version-history":[{"count":0,"href":"https:\/\/dimensionturistica.com\/es\/wp-json\/wp\/v2\/posts\/143387\/revisions"}],"wp:featuredmedia":[{"embeddable":true,"href":"https:\/\/dimensionturistica.com\/es\/wp-json\/wp\/v2\/media\/143388"}],"wp:attachment":[{"href":"https:\/\/dimensionturistica.com\/es\/wp-json\/wp\/v2\/media?parent=143387"}],"wp:term":[{"taxonomy":"category","embeddable":true,"href":"https:\/\/dimensionturistica.com\/es\/wp-json\/wp\/v2\/categories?post=143387"},{"taxonomy":"post_tag","embeddable":true,"href":"https:\/\/dimensionturistica.com\/es\/wp-json\/wp\/v2\/tags?post=143387"}],"curies":[{"name":"wp","href":"https:\/\/api.w.org\/{rel}","templated":true}]}}