{"id":142414,"date":"2021-06-19T05:16:35","date_gmt":"2021-06-19T05:16:35","guid":{"rendered":"https:\/\/dimensionturistica.com\/es\/?p=142414"},"modified":"2021-06-19T05:16:36","modified_gmt":"2021-06-19T05:16:36","slug":"exvicepresidente-de-peru-elogia-proceso-de-vacunacion-e-industria-turistica-de-rd","status":"publish","type":"post","link":"https:\/\/dimensionturistica.com\/es\/exvicepresidente-de-peru-elogia-proceso-de-vacunacion-e-industria-turistica-de-rd\/","title":{"rendered":"Exvicepresidente de Per\u00fa elogia proceso de vacunaci\u00f3n e industria tur\u00edstica de RD"},"content":{"rendered":"<p> <br \/>\n<\/p>\n<div>\n<div class=\"paragraph\" mlnid=\"idcon=16587206;order=7.0\">\n<p>El exvicepresidente de Per\u00fa, Ra\u00fal Diez Canseco, elogi\u00f3 este jueves el proceso de vacunaci\u00f3n que ha implementado el Gobierno dominicano contra el COVID-19, as\u00ed como tambi\u00e9n las estrategias que se emplean para impulsar la industria tur\u00edstica.<\/p>\n<p>Diez Canseco, vicemandatario de Per\u00fa durante el periodo 2001-2004, se reuni\u00f3 con el presidente Luis Abinader en el Palacio Nacional, con quien convers\u00f3 sobre el tema educativo.<\/p>\n<p>&#8220;Ustedes est\u00e1n haciendo un gran trabajo en la vacunaci\u00f3n como pa\u00eds&#8221;, expres\u00f3 Diez Canseco y calific\u00f3 como r\u00e9cord mundial la cantidad de vacunas que han suministrado las autoridades dominicanas en los \u00faltimos d\u00edas.<\/p>\n<p>Agreg\u00f3 que esta es la manera de enfrentar la disaster, &#8220;sobre todo, en un pa\u00eds como Rep\u00fablica Dominicana, que vive mucho del turismo&#8221;.<\/p>\n<p>Dijo que el presidente Abinader hizo bien con vacunar en las zonas tur\u00edsticas y que su naci\u00f3n nunca ha tenido las cifras de turistas que la Rep\u00fablica Dominicana.<\/p>\n<p>Puntualiz\u00f3 tambi\u00e9n que las cifras de m\u00e1s de 180 mil fallecidos por el COVID-19 en Per\u00fa son alarmantes.<\/p>\n<p>&#8220;Como peruano, debo felicitar al presidente, que tiene muy claro el desarrollo dominicano, que tiene que fomentar la inversi\u00f3n privada para crear empleos&#8221;, dijo Diez Canseco.<\/p>\n<\/p><\/div>\n<div class=\"paragraph\" mlnid=\"idcon=16587277;order=9.0\">\n<p>Al igual que Abinader, Diez Canseco es economista, empresario y presidente de la universidad San Ignacio de Loyola. Record\u00f3 que, en 2018, esa instituci\u00f3n gan\u00f3 un concurso internacional para capacitar a m\u00e1s del mil profesores dominicanos.<\/p>\n<p>Sostuvo que coincide con el presidente Abinader de que la \u00fanica manera de eliminar la pobreza es impulsando la educaci\u00f3n.<\/p>\n<\/p><\/div><\/div>\n\n<p><em> &#8221; Fuentes www.diariolibre.com &#8221; <\/em><\/p>\n","protected":false},"excerpt":{"rendered":"<p>El exvicepresidente de Per\u00fa, Ra\u00fal Diez Canseco, elogi\u00f3 este jueves el proceso de vacunaci\u00f3n que ha implementado el Gobierno dominicano contra el COVID-19, as\u00ed como tambi\u00e9n las estrategias que se emplean para impulsar la industria tur\u00edstica. Diez Canseco, vicemandatario de Per\u00fa durante el periodo 2001-2004, se reuni\u00f3 con el presidente Luis Abinader en el Palacio [&hellip;]<\/p>\n","protected":false},"author":4,"featured_media":142415,"comment_status":"open","ping_status":"closed","sticky":false,"template":"","format":"standard","meta":{"om_disable_all_campaigns":false,"jnews-multi-image_gallery":[],"jnews_single_post":[],"jnews_primary_category":[],"jnews_social_meta":[],"footnotes":""},"categories":[40],"tags":[1429],"class_list":["post-142414","post","type-post","status-publish","format-standard","has-post-thumbnail","hentry","category-industria","tag-santo-domingo"],"_links":{"self":[{"href":"https:\/\/dimensionturistica.com\/es\/wp-json\/wp\/v2\/posts\/142414","targetHints":{"allow":["GET"]}}],"collection":[{"href":"https:\/\/dimensionturistica.com\/es\/wp-json\/wp\/v2\/posts"}],"about":[{"href":"https:\/\/dimensionturistica.com\/es\/wp-json\/wp\/v2\/types\/post"}],"author":[{"embeddable":true,"href":"https:\/\/dimensionturistica.com\/es\/wp-json\/wp\/v2\/users\/4"}],"replies":[{"embeddable":true,"href":"https:\/\/dimensionturistica.com\/es\/wp-json\/wp\/v2\/comments?post=142414"}],"version-history":[{"count":0,"href":"https:\/\/dimensionturistica.com\/es\/wp-json\/wp\/v2\/posts\/142414\/revisions"}],"wp:featuredmedia":[{"embeddable":true,"href":"https:\/\/dimensionturistica.com\/es\/wp-json\/wp\/v2\/media\/142415"}],"wp:attachment":[{"href":"https:\/\/dimensionturistica.com\/es\/wp-json\/wp\/v2\/media?parent=142414"}],"wp:term":[{"taxonomy":"category","embeddable":true,"href":"https:\/\/dimensionturistica.com\/es\/wp-json\/wp\/v2\/categories?post=142414"},{"taxonomy":"post_tag","embeddable":true,"href":"https:\/\/dimensionturistica.com\/es\/wp-json\/wp\/v2\/tags?post=142414"}],"curies":[{"name":"wp","href":"https:\/\/api.w.org\/{rel}","templated":true}]}}