{"id":141447,"date":"2021-06-09T02:28:27","date_gmt":"2021-06-09T02:28:27","guid":{"rendered":"https:\/\/dimensionturistica.com\/es\/?p=141447"},"modified":"2021-06-09T02:28:27","modified_gmt":"2021-06-09T02:28:27","slug":"food-4-future-2021-tecnoalimen","status":"publish","type":"post","link":"https:\/\/dimensionturistica.com\/es\/food-4-future-2021-tecnoalimen\/","title":{"rendered":"Food 4 Future 2021 &#8211; TecnoAlimen"},"content":{"rendered":"<p> <br \/>\n<\/p>\n<div id=\"agenda-detalle\">\n<div class=\"agenda-detalle-destacado\">\n<p>                              <!--\/meta -->    <\/p>\n<p>                           <!-- imagen -->      <\/p>\n<div class=\"imagen-agenda-detalle\">\n                                   <img decoding=\"async\" src=\"https:\/\/www.tecnoalimen.com\/media\/uploads\/eventos\/ficha\/wwf4future.jpg\"\/>\n                               <\/div>\n<p>                            <!-- entradilla --><\/p><\/div>\n<p>                  <!-- cuerpo --><\/p>\n<div class=\"cuerpo\">\n<p><a target=\"_blank\" href=\"https:\/\/www.expofoodtech.com\/\" rel=\"noopener\">Food 4 Future<\/a> es el evento de innovaci\u00f3n para los profesionales de toda la cadena de valor del sector alimentario. Durante tres d\u00edas, F4F reunir\u00e1 en <a target=\"_blank\" href=\"https:\/\/bilbaoexhibitioncentre.com\" rel=\"noopener\">Bilbao Exhibition Centre (BEC)<\/a> a m\u00e1s de 5.000 visitantes y a 200 firmas expositoras para presentar las \u00faltimas soluciones en<strong> foodtech, rob\u00f3tica y automatizaci\u00f3n, seguridad alimentaria y t\u00e9cnicas de procesado y envasado<\/strong> para los diferentes segmentos de la<strong> industria alimentaria<\/strong>.<\/p>\n<p>Adem\u00e1s, acoger\u00e1 el <strong>Meals 4 Future World Summit<\/strong>, el mayor congreso europeo en el que descubrir las \u00faltimas tendencias, casos de \u00e9xito y herramientas para <strong>transformar la industria de la alimentaci\u00f3n y bebidas<\/strong>.\u00a0<a target=\"_blank\" href=\"https:\/\/www.expofoodtech.com\/\" rel=\"noopener\">Food 4 Future<\/a> est\u00e1 organizado por <strong>Nebext<\/strong> y <strong>Azti<\/strong>.<\/p>\n<p>M\u00e1s informaci\u00f3n en la p\u00e1gina internet de <a target=\"_blank\" href=\"https:\/\/www.expofoodtech.com\/\" rel=\"noopener\">Food 4 Future<\/a>.<\/p>\n<\/p><\/div>\n<p>                  <!-- tags --><\/p>\n<p>                    <!-- eventos relacionados --><\/p>\n<h2>Eventos relacionados<\/h2>\n<\/p><\/div>\n\n<p><em> \u2018 The preceding article may include information circulated by third parties \u2019 <\/em><\/p>\n<p><em> \u2018 Some details of this article were extracted from the following source www.tecnoalimen.com \u2019 <\/em><\/p>\n","protected":false},"excerpt":{"rendered":"<p>Food 4 Future es el evento de innovaci\u00f3n para los profesionales de toda la cadena de valor del sector alimentario. Durante tres d\u00edas, F4F reunir\u00e1 en Bilbao Exhibition Centre (BEC) a m\u00e1s de 5.000 visitantes y a 200 firmas expositoras para presentar las \u00faltimas soluciones en foodtech, rob\u00f3tica y automatizaci\u00f3n, seguridad alimentaria y t\u00e9cnicas de [&hellip;]<\/p>\n","protected":false},"author":2,"featured_media":141448,"comment_status":"open","ping_status":"closed","sticky":false,"template":"","format":"standard","meta":{"om_disable_all_campaigns":false,"jnews-multi-image_gallery":[],"jnews_single_post":[],"jnews_primary_category":[],"jnews_social_meta":[],"footnotes":""},"categories":[43],"tags":[],"class_list":["post-141447","post","type-post","status-publish","format-standard","has-post-thumbnail","hentry","category-gourmet"],"_links":{"self":[{"href":"https:\/\/dimensionturistica.com\/es\/wp-json\/wp\/v2\/posts\/141447","targetHints":{"allow":["GET"]}}],"collection":[{"href":"https:\/\/dimensionturistica.com\/es\/wp-json\/wp\/v2\/posts"}],"about":[{"href":"https:\/\/dimensionturistica.com\/es\/wp-json\/wp\/v2\/types\/post"}],"author":[{"embeddable":true,"href":"https:\/\/dimensionturistica.com\/es\/wp-json\/wp\/v2\/users\/2"}],"replies":[{"embeddable":true,"href":"https:\/\/dimensionturistica.com\/es\/wp-json\/wp\/v2\/comments?post=141447"}],"version-history":[{"count":0,"href":"https:\/\/dimensionturistica.com\/es\/wp-json\/wp\/v2\/posts\/141447\/revisions"}],"wp:featuredmedia":[{"embeddable":true,"href":"https:\/\/dimensionturistica.com\/es\/wp-json\/wp\/v2\/media\/141448"}],"wp:attachment":[{"href":"https:\/\/dimensionturistica.com\/es\/wp-json\/wp\/v2\/media?parent=141447"}],"wp:term":[{"taxonomy":"category","embeddable":true,"href":"https:\/\/dimensionturistica.com\/es\/wp-json\/wp\/v2\/categories?post=141447"},{"taxonomy":"post_tag","embeddable":true,"href":"https:\/\/dimensionturistica.com\/es\/wp-json\/wp\/v2\/tags?post=141447"}],"curies":[{"name":"wp","href":"https:\/\/api.w.org\/{rel}","templated":true}]}}