{"id":141400,"date":"2021-06-09T00:19:45","date_gmt":"2021-06-09T00:19:45","guid":{"rendered":"https:\/\/dimensionturistica.com\/es\/?p=141400"},"modified":"2021-06-09T00:19:46","modified_gmt":"2021-06-09T00:19:46","slug":"el-caribe-mexicano-sinonimo-de-fortaleza-y-recuperacion-turistica-exitosa-dario-flota","status":"publish","type":"post","link":"https:\/\/dimensionturistica.com\/es\/el-caribe-mexicano-sinonimo-de-fortaleza-y-recuperacion-turistica-exitosa-dario-flota\/","title":{"rendered":"\u00a0El Caribe Mexicano, sin\u00f3nimo de fortaleza y recuperaci\u00f3n tur\u00edstica exitosa: Dar\u00edo Flota"},"content":{"rendered":"<p> <br \/>\n<\/p>\n<div>\n<p>El Caribe Mexicano cumple hoy un a\u00f1o de reapertura al turismo luego de la disaster de salud causada por el virus SARS-CoV-2, que oblig\u00f3 a frenar gran parte de las actividades a nivel mundial, incluida la actividad tur\u00edstica.<\/p>\n<p>\u201cA un a\u00f1o de distancia del inicio de la reactivaci\u00f3n tur\u00edstica, es una gran satisfacci\u00f3n ver el nivel de recuperaci\u00f3n que el esfuerzo sumado de empresarios, trabajadores y gobierno ha resultado en la gran reactivaci\u00f3n tur\u00edstica que ha experimentado el estado de Quintana Roo\u201d, resalt\u00f3 Dar\u00edo Flota Ocampo, director normal del Consejo de Promoci\u00f3n de Quintana Roo (CPTQ).<\/p>\n<p>Con 42 rutas desde Estados Unidos, conectividad a\u00e9rea con Europa, Rusia y Turqu\u00eda; vuelos desde Latinoam\u00e9rica, adem\u00e1s de los vuelos nacionales hacia los tres aeropuertos de Quintana Roo, el Caribe Mexicano es hoy por hoy sin\u00f3nimo de fortaleza y recuperaci\u00f3n tur\u00edstica exitosa, resalt\u00f3.<\/p>\n<p>Dijo que diferentes acciones tomadas por el gobierno de Quintana Roo y llevadas a cabo por la iniciativa privada y ciudadan\u00eda, as\u00ed como la declaraci\u00f3n del gobernador Carlos Joaqu\u00edn en determinar al turismo como actividad esencial, permitieron que en junio de 2020 los destinos tur\u00edsticos del Caribe Mexicano estuvieran listos pare comenzar a recibir a los visitantes.<\/p>\n<p>Dar\u00edo Flote resalt\u00f3 que el Consejo de Promoci\u00f3n Tur\u00edstica de Quintana Roo puso en marcha estrategias de promoci\u00f3n tur\u00edstica, a trav\u00e9s de la campa\u00f1a Caribe Mexicano, Lo Mejor de Dos Mundos, misma de la que se desarrollaron acciones espec\u00edficas para los segmentos de: rentas vacacionales, golf, bienestar y turismo de reuniones.<\/p>\n<p>Adem\u00e1s de los seminarios virtuales con agentes de viajes, durante los meses de mayo a diciembre de 2020 y todo lo que va de este a\u00f1o junto con las reuniones con representantes de aerol\u00edneas, tour operadores, participaci\u00f3n en ferias virtuales y todos los esfuerzos enfocados en promover los destinos del Caribe Mexicano a nivel mundial.<\/p>\n<p>De acuerdo con informaci\u00f3n de la direcci\u00f3n de Planeaci\u00f3n Estrat\u00e9gica del CPTQ, a un a\u00f1o de la reactivaci\u00f3n tur\u00edstica se han recibido m\u00e1s de 7 millones de pasajeros y, gracias a las estrategias, acciones y medidas llevadas a cabo durante el proceso de reactivaci\u00f3n tur\u00edstica, se permite estimar la llegada de otros 6 millones de pasajeros tan solo en los pr\u00f3ximos seis meses de este 2021.<\/p>\n<p>\u00a0<\/p>\n<p>\u00a0<\/p>\n<\/div>\n<p><script async defer src=\"https:\/\/connect.facebook.net\/en_US\/sdk.js#xfbml=1&#038;version=v3.2\"><\/script><br \/>\n<br \/><\/p>\n<p><em> &#8221; Fuentes www.capitalmexico.com.mx &#8221; <\/em><\/p>\n","protected":false},"excerpt":{"rendered":"<p>El Caribe Mexicano cumple hoy un a\u00f1o de reapertura al turismo luego de la disaster de salud causada por el virus SARS-CoV-2, que oblig\u00f3 a frenar gran parte de las actividades a nivel mundial, incluida la actividad tur\u00edstica. \u201cA un a\u00f1o de distancia del inicio de la reactivaci\u00f3n tur\u00edstica, es una gran satisfacci\u00f3n ver el [&hellip;]<\/p>\n","protected":false},"author":4,"featured_media":141401,"comment_status":"open","ping_status":"closed","sticky":false,"template":"","format":"standard","meta":{"om_disable_all_campaigns":false,"jnews-multi-image_gallery":[],"jnews_single_post":[],"jnews_primary_category":[],"jnews_social_meta":[],"footnotes":""},"categories":[40],"tags":[17219,17159,17194,17195,17201,17179,17184,17186,17212,17172,17125,17161,17173,17205,17216,17146,17221,17222,17210,17155,17182,17149,17153,17132,17148,17131,17191,17178,17208,17126,17128,17164,17160,13082,20891,17197,17211,17134,17220,17139,17189,17193,17144,17181,17171,17167,17190,17169,17187,17176,17122,17202,17123,17215,17166,17156,17200,17136,17140,17158,17218,17135,17124,17175,17206,17204,17151,17147,17192,17127,17188,17152,17196,17174,17162,17133,17213,17217,17170,17142,17138,17207,17129,17130,17165,17137,17141,17150,17214,17180,17177,17198,17143,17183,17203,17157,17154,17168,17209,17199,17185,17163],"class_list":["post-141400","post","type-post","status-publish","format-standard","has-post-thumbnail","hentry","category-industria","tag-losporkysdeecatepec","tag-17159","tag-185-dias","tag-200-dias","tag-amano","tag-armado-rios-pitter","tag-asuntos-internos","tag-atun-dolores","tag-auditoria-estados","tag-axel-kicillof","tag-bankaool","tag-barbosa-huerta","tag-bournemouth","tag-brand-finance-mexico","tag-cambios-estructurales","tag-cancerologia","tag-capital-media","tag-capital-mexico","tag-caso-matatena","tag-cetram-nuevo-edificio","tag-chapultepec-polanco","tag-ci-casa-de-bolsa","tag-ciudadanos-decepcionados-de-la-izquierda-en-cdmx","tag-como-quemar-calorias","tag-concilianet","tag-conclave","tag-conexiones","tag-consar-amafore","tag-cortes-de-luz","tag-credito-agropecuario","tag-de-la-hoya","tag-democracia-liberada","tag-deocupada","tag-desarrollos","tag-despido-de-maestros","tag-detienen-a-hombre-acosador-del-metro","tag-deuda-estados","tag-discriminacion-a-parejas","tag-droga-en-el-metro","tag-eber-omar-betanzos","tag-economia-nacional-empleos","tag-economista-en-jefe","tag-eduardo-venadero-medinilla","tag-el-mexicanito","tag-exministro-de-economia","tag-fatima-samoura","tag-golpiza-a-acosador","tag-gran-premio-de-espana","tag-grupo-pinsa","tag-habitables","tag-houthi","tag-hoy-no-circula-no-funciona","tag-indeminzar","tag-iniciativa-de-reforma","tag-jerome-valcke","tag-joe-buden","tag-kilometraje","tag-kinder-matatena","tag-liberan-a-menor-en-iztapalapa","tag-longeva","tag-luis-acevedo-ssp","tag-maltrato-a-homosexuales-en-la-ciudad-de-mexico","tag-manuel-mondragon","tag-marcador","tag-marcas-mas-valiosas-de-mexico","tag-masas-de-hielo","tag-medidas-extraordinarias","tag-mil-cumbres","tag-milo-caraza","tag-monex","tag-montessori","tag-nuevo-destino-paro-ipn","tag-obras-en-eje-1-norte","tag-old-trafford","tag-opel","tag-operador-economico-autorizado","tag-panistas-destacados","tag-patricia-espinosa","tag-pole","tag-presidente-de-concacaf","tag-primarias-de-estados-unidos","tag-quitan-topes","tag-rafael-quintero","tag-rata-en-botella-de-refresco","tag-redistribucion","tag-regresan-a-clases-vocacionales","tag-reloj-att","tag-reporte-financiero","tag-roberto-arturo-banos-tapia","tag-rogelio-garza","tag-sadiq-khan","tag-sigue-contaminacion","tag-silla-de-ruedas-para-activista","tag-sir-winston-churchill","tag-sube-el-nivel-del-mar","tag-susannah-mushatt-jones","tag-torre-chapultepec","tag-vertedero-de-llantas","tag-vialidad-cdmx","tag-volcadura-en-tlalpan","tag-weex","tag-zafira"],"_links":{"self":[{"href":"https:\/\/dimensionturistica.com\/es\/wp-json\/wp\/v2\/posts\/141400","targetHints":{"allow":["GET"]}}],"collection":[{"href":"https:\/\/dimensionturistica.com\/es\/wp-json\/wp\/v2\/posts"}],"about":[{"href":"https:\/\/dimensionturistica.com\/es\/wp-json\/wp\/v2\/types\/post"}],"author":[{"embeddable":true,"href":"https:\/\/dimensionturistica.com\/es\/wp-json\/wp\/v2\/users\/4"}],"replies":[{"embeddable":true,"href":"https:\/\/dimensionturistica.com\/es\/wp-json\/wp\/v2\/comments?post=141400"}],"version-history":[{"count":0,"href":"https:\/\/dimensionturistica.com\/es\/wp-json\/wp\/v2\/posts\/141400\/revisions"}],"wp:featuredmedia":[{"embeddable":true,"href":"https:\/\/dimensionturistica.com\/es\/wp-json\/wp\/v2\/media\/141401"}],"wp:attachment":[{"href":"https:\/\/dimensionturistica.com\/es\/wp-json\/wp\/v2\/media?parent=141400"}],"wp:term":[{"taxonomy":"category","embeddable":true,"href":"https:\/\/dimensionturistica.com\/es\/wp-json\/wp\/v2\/categories?post=141400"},{"taxonomy":"post_tag","embeddable":true,"href":"https:\/\/dimensionturistica.com\/es\/wp-json\/wp\/v2\/tags?post=141400"}],"curies":[{"name":"wp","href":"https:\/\/api.w.org\/{rel}","templated":true}]}}