{"id":141296,"date":"2021-06-08T21:23:25","date_gmt":"2021-06-08T21:23:25","guid":{"rendered":"https:\/\/dimensionturistica.com\/es\/?p=141296"},"modified":"2021-06-08T21:23:25","modified_gmt":"2021-06-08T21:23:25","slug":"covid-eu-trabaja-con-expertos-de-canada-mexico-y-la-ue-para-reiniciar-los-viajes-de-manera-segura-el-imparcial","status":"publish","type":"post","link":"https:\/\/dimensionturistica.com\/es\/covid-eu-trabaja-con-expertos-de-canada-mexico-y-la-ue-para-reiniciar-los-viajes-de-manera-segura-el-imparcial\/","title":{"rendered":"Covid: EU trabaja con expertos de Canad\u00e1, M\u00e9xico y la UE para reiniciar los viajes de manera segura | EL IMPARCIAL"},"content":{"rendered":"<p> <br \/>\n<\/p>\n<div>\n<p>WASHINGTON.-La administraci\u00f3n Biden est\u00e1 formando grupos de trabajo de expertos con<strong> Canad\u00e1, M\u00e9xico, la Uni\u00f3n Europea y el Reino Unido <\/strong>para determinar la mejor manera de reiniciar los viajes de manera segura despu\u00e9s de 15 meses de <a rel=\"nofollow noopener\" target=\"_blank\" href=\"https:\/\/www.elimparcial.com\/mexico\/Abasto-de-vacunas-contra-Covid-a-frontera-norte-impulsara-reactivacion-del-comercio-Sectur-20210607-0134.html\">restricciones pand\u00e9micas<\/a>, dijo el martes un funcionario de la Casa Blanca.<\/p>\n<p>Otro funcionario estadounidense dijo que un anuncio esperado el martes indicaba que la administraci\u00f3n no actuar\u00e1 r\u00e1pidamente para levantar las \u00f3rdenes que impiden que personas de gran parte del mundo ingresen a <strong>Estados Unidos<\/strong> debido al tiempo que les tomar\u00e1 a los grupos hacer su trabajo.<\/p>\n<section class=\"section--newsletter\">\n<p>\n\t\tReciba nuestro <br \/><span>Bolet\u00edn de Noticias<\/span> en su e-mail\n\t<\/p>\n<p><!--\n\t--><br \/>\n<\/section>\n<blockquote>\n<p>Si bien no volveremos a abrir los viajes hoy, esperamos que estos grupos de trabajo de expertos nos ayuden a utilizar nuestra experiencia colectiva para trazar un camino a seguir, con el objetivo de reabrir los viajes internacionales con nuestros socios clave cuando se decide que es seguro hacerlo&#8221;, dijo el funcionario de la Casa Blanca.<\/p>\n<\/blockquote>\n<p>Dijeron que &#8220;cualquier decisi\u00f3n estar\u00e1 totalmente guiada por el an\u00e1lisis objetivo y las recomendaciones de expertos m\u00e9dicos y de salud p\u00fablica&#8221;. Los grupos estar\u00e1n dirigidos por el Equipo de Respuesta <a rel=\"nofollow noopener\" target=\"_blank\" href=\"https:\/\/www.elimparcial.com\/mundo\/Pruebas-PCR-de-Covid-19-ya-nos-seran-necesarias-en-turistas-vacunados-en-Francia-20210604-0060.html\">COVID <\/a>de la Casa Blanca y el Consejo de Seguridad Nacional e incluir\u00e1n los Centros para el Management de Enfermedades (CDC) y otras agencias.<\/p>\n<p>El CDC coment\u00f3 el martes que estaba facilitando las recomendaciones de viaje en 110 pa\u00edses y territorios, incluidos <strong>Canad\u00e1, M\u00e9xico, Jap\u00f3n, Sud\u00e1frica e Ir\u00e1n<\/strong>.<\/p>\n<p>La directora de los CDC, Rochelle Walensky, dijo que las restricciones de viaje est\u00e1n sujetas a &#8220;<strong><em>una conversaci\u00f3n entre agencias, y estamos analizando los datos en tiempo real sobre c\u00f3mo debemos avanzar con eso<\/em><\/strong>&#8220;.<\/p>\n<p>La administraci\u00f3n de Biden se ha enfrentado a la presi\u00f3n de algunos legisladores que dijeron que las comunidades estadounidenses a lo largo de la <strong>frontera canadiense<\/strong> han enfrentado dificultades econ\u00f3micas debido a las restricciones fronterizas terrestres.<\/p>\n<p>Las aerol\u00edneas y otros han presionado a la administraci\u00f3n para que levante las restricciones a la mayor\u00eda de los ciudadanos no estadounidenses que han estado en el Reino Unido, las 26 naciones Schengen en Europa sin controles fronterizos, Irlanda, China, India, Sud\u00e1frica, Ir\u00e1n y Brasil. Estados Unidos tambi\u00e9n proh\u00edbe la mayor\u00eda de los viajes no esenciales en sus fronteras terrestres con<strong> M\u00e9xico y Canad\u00e1<\/strong>.<\/p>\n<div style=\"text-align:center\">\n<figure class=\"image\" style=\"display:inline-block\">\n  <img decoding=\"async\" alt=\"Passengers wearing face masks wait in front of the check-in counters at Gatwick Airport, amid the coronavirus disease (COVID-19) outbreak, in Gatwick, Britain June 15, 2020. REUTERS\/Peter Cziborra\" data-height=\"524\" data-width=\"800\" data-size=\"w:800,h:524\" title=\"Passengers wearing face masks wait in front of the check-in counters at Gatwick Airport, amid the coronavirus disease (COVID-19) outbreak, in Gatwick, Britain June 15, 2020. REUTERS\/Peter Cziborra\" src=\"https:\/\/www.elimparcial.com\/__export\/1623186282155\/sites\/elimparcial\/img\/2021\/06\/08\/2021-06-08t202039z_1_lynxnpeh5717w_rtroptp_4_health-coronavirus-britain-airlines.jpg_130315884.jpg\" width=\"800\" height=\"524\"\/><figcaption>\n    Passengers sporting face masks wait in entrance of the check-in counters at Gatwick Airport, amid the coronavirus illness (COVID-19) outbreak, in Gatwick, Britain June 15, 2020. REUTERS\/Peter Cziborra<br \/>\n  <\/figcaption><\/figure>\n<\/div>\n<p>El lunes, los jefes de todas las aerol\u00edneas de pasajeros que vuelan entre Gran Breta\u00f1a y Estados Unidos pidieron a ambos pa\u00edses que <strong>levanten los l\u00edmites de las restricciones a los viajes transatl\u00e1nticos<\/strong>.<\/p>\n<p>Las altas tasas de vacunaci\u00f3n en ambos pa\u00edses significaron que los viajes <strong>podr\u00edan reiniciarse de manera segura<\/strong>, dijeron los directores ejecutivos de American Airways, la unidad de IAG British Airways, Delta Air Strains, United Airways y JetBlue Airways Corp en una conferencia de prensa digital.<\/p>\n<p>El presidente de Estados Unidos, <strong>Joe Biden<\/strong>, y el primer ministro brit\u00e1nico, <strong>Boris Johnson<\/strong>, se reunir\u00e1n en la reuni\u00f3n del G7 de econom\u00edas avanzadas esta semana en Cornualles, Inglaterra.<\/p>\n<p>Los funcionarios de las aerol\u00edneas de EU y el Reino Unido dijeron que no esperan que Washington levante las restricciones hasta el 4 de julio como muy pronto, ya que la administraci\u00f3n tiene como objetivo vacunar a m\u00e1s estadounidenses.<\/p>\n<section class=\"tags\">\n\t\t\t\t\t\t\t\t<span class=\"tags__text\">En esta nota<\/span><\/p>\n<\/section><\/div>\n\n<p><em> &#8221; Fuentes www.elimparcial.com &#8221; <\/em><\/p>\n","protected":false},"excerpt":{"rendered":"<p>WASHINGTON.-La administraci\u00f3n Biden est\u00e1 formando grupos de trabajo de expertos con Canad\u00e1, M\u00e9xico, la Uni\u00f3n Europea y el Reino Unido para determinar la mejor manera de reiniciar los viajes de manera segura despu\u00e9s de 15 meses de restricciones pand\u00e9micas, dijo el martes un funcionario de la Casa Blanca. Otro funcionario estadounidense dijo que un anuncio [&hellip;]<\/p>\n","protected":false},"author":4,"featured_media":141297,"comment_status":"open","ping_status":"closed","sticky":false,"template":"","format":"standard","meta":{"om_disable_all_campaigns":false,"jnews-multi-image_gallery":[],"jnews_single_post":[],"jnews_primary_category":[],"jnews_social_meta":[],"footnotes":""},"categories":[40],"tags":[510],"class_list":["post-141296","post","type-post","status-publish","format-standard","has-post-thumbnail","hentry","category-industria","tag-covid-19"],"_links":{"self":[{"href":"https:\/\/dimensionturistica.com\/es\/wp-json\/wp\/v2\/posts\/141296","targetHints":{"allow":["GET"]}}],"collection":[{"href":"https:\/\/dimensionturistica.com\/es\/wp-json\/wp\/v2\/posts"}],"about":[{"href":"https:\/\/dimensionturistica.com\/es\/wp-json\/wp\/v2\/types\/post"}],"author":[{"embeddable":true,"href":"https:\/\/dimensionturistica.com\/es\/wp-json\/wp\/v2\/users\/4"}],"replies":[{"embeddable":true,"href":"https:\/\/dimensionturistica.com\/es\/wp-json\/wp\/v2\/comments?post=141296"}],"version-history":[{"count":0,"href":"https:\/\/dimensionturistica.com\/es\/wp-json\/wp\/v2\/posts\/141296\/revisions"}],"wp:featuredmedia":[{"embeddable":true,"href":"https:\/\/dimensionturistica.com\/es\/wp-json\/wp\/v2\/media\/141297"}],"wp:attachment":[{"href":"https:\/\/dimensionturistica.com\/es\/wp-json\/wp\/v2\/media?parent=141296"}],"wp:term":[{"taxonomy":"category","embeddable":true,"href":"https:\/\/dimensionturistica.com\/es\/wp-json\/wp\/v2\/categories?post=141296"},{"taxonomy":"post_tag","embeddable":true,"href":"https:\/\/dimensionturistica.com\/es\/wp-json\/wp\/v2\/tags?post=141296"}],"curies":[{"name":"wp","href":"https:\/\/api.w.org\/{rel}","templated":true}]}}