{"id":140689,"date":"2021-06-08T07:52:55","date_gmt":"2021-06-08T07:52:55","guid":{"rendered":"https:\/\/dimensionturistica.com\/es\/?p=140689"},"modified":"2021-06-08T07:52:55","modified_gmt":"2021-06-08T07:52:55","slug":"el-club-de-los-60-reanudara-sus-viajes-en-otono","status":"publish","type":"post","link":"https:\/\/dimensionturistica.com\/es\/el-club-de-los-60-reanudara-sus-viajes-en-otono\/","title":{"rendered":"El Club de los 60 reanudar\u00e1 sus viajes en oto\u00f1o"},"content":{"rendered":"<p> <br \/>\n<\/p>\n<div>\n<p>La Consejer\u00eda de Familia e Igualdad de Oportunidades ha iniciado ya la planificaci\u00f3n de los viajes del Membership de los 60 con el reto de poder reanudar este mismo oto\u00f1o una campa\u00f1a que esperan desde hace un a\u00f1o 12.000 mayores en Castilla y Le\u00f3n.<\/p>\n<p>Responsables del departamento que dirige Isabel Blanco han mantenido una reuni\u00f3n con representantes de las agencias adjudicatarias del \u00faltimo concurso convocado para la organizaci\u00f3n del programa de viajes en 2020, que la pandemia originada por la COVID-19 oblig\u00f3 a aplazar.<\/p>\n<p>La intenci\u00f3n de la Junta es reanudar algunos de los itinerarios previstos, dada la mejora de la evoluci\u00f3n epidemiol\u00f3gica y el ritmo en la vacunaci\u00f3n que se lleva a cabo en todo el pa\u00eds. En concreto, el departamento que dirige Isabel Blanco ha propuesto a las agencias retomar la programaci\u00f3n de viajes dentro del territorio espa\u00f1ol y europeo.<\/p>\n<p>En la campa\u00f1a oto\u00f1al proyectada el pasado a\u00f1o figuraban 13 destinos, de los que dos eran transoce\u00e1nicos, seis europeos y otros seis nacionales. El desarrollo de los primeros, a Argentina y Per\u00fa, no resulta factible actualmente conforme a la informaci\u00f3n oficial procedente de estos pa\u00edses y del Ministerio de Asuntos Exteriores, Uni\u00f3n Europea y Cooperaci\u00f3n.<\/p>\n<p>Por ello, la Consejer\u00eda de Familia e Igualdad de Oportunidades ha planteado a las agencias retomar los viajes dentro del territorio espa\u00f1ol \u2013a Marbella; Pe\u00f1\u00edscola; Pueblos Blancos; Sevilla-C\u00f3rdoba; Gran Canaria y el destino \u2018Viajes para todos Benidorm\u2019, que contempla apoyos especiales para que las personas con discapacidad puedan participar\u2013 y en el \u00e1mbito europeo \u2013donde los destinos previstos son Grecia, Italia-Sur, Par\u00eds, Praga-Viena-Budapest, Sicilia y Suiza\u2013.<\/p>\n<p>Reuni\u00f3n<\/p>\n<p>En el transcurso de la reuni\u00f3n se repasaron con las agencias los objetivos del programa y las expectativas de sus participantes, teniendo en cuenta las limitaciones de aforos, uso de mascarillas y otras restricciones sanitarias que los viajeros deben respetar.<\/p>\n<p>Tambi\u00e9n se analiz\u00f3 la adopci\u00f3n de nuevas medidas preventivas, por ejemplo, la posibilidad de que las agencias ofrezcan un seguro espec\u00edfico COVID-19 a los mayores, dado que la p\u00f3liza contratada cuando se dise\u00f1\u00f3 el programa el pasado a\u00f1o no incluye ninguna contingencia relacionada con esta enfermedad.<\/p>\n<p>Seguimiento de la pandemia y de las normas que apliquen los pa\u00edses<\/p>\n<p>La Consejer\u00eda de Familia e Igualdad de Oportunidades ha emplazado a los operadores a realizar un seguimiento continuo de la situaci\u00f3n y estar alerta ante las medidas sanitarias y las obligaciones que pueda ir estableciendo cada pa\u00eds en este escenario cambiante.<\/p>\n<p>Incidi\u00f3 en la necesidad de estar atentos a los requisitos que fijen las autoridades nacionales e internacionales \u2013especialmente en cuanto al documento o acreditaci\u00f3n de estar vacunado\u2013 y a la evoluci\u00f3n de la epidemia durante el verano, ya que la realizaci\u00f3n de los viajes est\u00e1 prevista a partir de septiembre.<\/p>\n<p>La Junta respetar\u00e1 el sorteo realizado para el programa de viajes del a\u00f1o 2020 en lo referente a la adjudicaci\u00f3n de plazas a cada operador.<\/p>\n<p>Asimismo, en los pr\u00f3ximos d\u00edas se remitir\u00e1 una carta a los socios del Membership de los 60 que resultaron adjudicatarios de plazas en la campa\u00f1a de oto\u00f1o del pasado a\u00f1o para informarles de la situaci\u00f3n y conocer si siguen interesados en participar en dicho viaje. En el caso afirmativo, los mayores pueden ponerse en contacto con la agencia de viajes organizadora del destino. Adicionalmente, la documentaci\u00f3n sobre el programa y los listados pueden consultarse en la\u00a0\u00a0p\u00e1gina internet del membership de los 60\u00a0\u00a0y en el n\u00famero de tel\u00e9fono 983 428 206.<\/p>\n<p>El programa de viajes del Membership de los 60 es una iniciativa que contribuye a promover el envejecimiento activo, algo que redunda en el bienestar y la calidad de vida de los mayores. Se trata de un objetivo prioritario del Gobierno de Ma\u00f1ueco, que se aborda desde una perspectiva preventiva \u2013como es el fomento de la vida independiente\u2013 y tambi\u00e9n proactiva \u2013pensando en la protecci\u00f3n y la atenci\u00f3n directa a las dificultades de autonom\u00eda y la situaci\u00f3n de dependencia y en asegurar un mejor futuro a estas personas\u2013.<\/p>\n<\/div>\n\n<p><em> &#8221; Fuentes www.zamoranews.com &#8221; <\/em><\/p>\n","protected":false},"excerpt":{"rendered":"<p>La Consejer\u00eda de Familia e Igualdad de Oportunidades ha iniciado ya la planificaci\u00f3n de los viajes del Membership de los 60 con el reto de poder reanudar este mismo oto\u00f1o una campa\u00f1a que esperan desde hace un a\u00f1o 12.000 mayores en Castilla y Le\u00f3n. Responsables del departamento que dirige Isabel Blanco han mantenido una reuni\u00f3n [&hellip;]<\/p>\n","protected":false},"author":4,"featured_media":140690,"comment_status":"open","ping_status":"closed","sticky":false,"template":"","format":"standard","meta":{"om_disable_all_campaigns":false,"jnews-multi-image_gallery":[],"jnews_single_post":[],"jnews_primary_category":[],"jnews_social_meta":[],"footnotes":""},"categories":[40],"tags":[25450,545],"class_list":["post-140689","post","type-post","status-publish","format-standard","has-post-thumbnail","hentry","category-industria","tag-club-de-los-60","tag-viajes"],"_links":{"self":[{"href":"https:\/\/dimensionturistica.com\/es\/wp-json\/wp\/v2\/posts\/140689","targetHints":{"allow":["GET"]}}],"collection":[{"href":"https:\/\/dimensionturistica.com\/es\/wp-json\/wp\/v2\/posts"}],"about":[{"href":"https:\/\/dimensionturistica.com\/es\/wp-json\/wp\/v2\/types\/post"}],"author":[{"embeddable":true,"href":"https:\/\/dimensionturistica.com\/es\/wp-json\/wp\/v2\/users\/4"}],"replies":[{"embeddable":true,"href":"https:\/\/dimensionturistica.com\/es\/wp-json\/wp\/v2\/comments?post=140689"}],"version-history":[{"count":0,"href":"https:\/\/dimensionturistica.com\/es\/wp-json\/wp\/v2\/posts\/140689\/revisions"}],"wp:featuredmedia":[{"embeddable":true,"href":"https:\/\/dimensionturistica.com\/es\/wp-json\/wp\/v2\/media\/140690"}],"wp:attachment":[{"href":"https:\/\/dimensionturistica.com\/es\/wp-json\/wp\/v2\/media?parent=140689"}],"wp:term":[{"taxonomy":"category","embeddable":true,"href":"https:\/\/dimensionturistica.com\/es\/wp-json\/wp\/v2\/categories?post=140689"},{"taxonomy":"post_tag","embeddable":true,"href":"https:\/\/dimensionturistica.com\/es\/wp-json\/wp\/v2\/tags?post=140689"}],"curies":[{"name":"wp","href":"https:\/\/api.w.org\/{rel}","templated":true}]}}