{"id":139660,"date":"2021-06-06T09:25:42","date_gmt":"2021-06-06T09:25:42","guid":{"rendered":"https:\/\/dimensionturistica.com\/es\/?p=139660"},"modified":"2021-06-06T09:25:42","modified_gmt":"2021-06-06T09:25:42","slug":"primer-crucero-post-covid-zarpa-de-venecia-noticieros-televisa","status":"publish","type":"post","link":"https:\/\/dimensionturistica.com\/es\/primer-crucero-post-covid-zarpa-de-venecia-noticieros-televisa\/","title":{"rendered":"Primer crucero post-COVID zarpa de Venecia \u2013 Noticieros Televisa"},"content":{"rendered":"<p> <br \/>\n<\/p>\n<div>\n<p>El <strong>primer crucero<\/strong> en salir de <strong>Venecia<\/strong> desde que se suavizaron las restricciones al <strong>coronavirus<\/strong> zarp\u00f3 el s\u00e1bado 5 de junio de 2021, pero algunos residentes locales protestaron por el regreso a la normalidad, descontentos por el paso de transatl\u00e1nticos gigantes a trav\u00e9s de la hist\u00f3rica ciudad.<\/p>\n<p><amp-ad width=\"300\" height=\"250\" type=\"doubleclick\" data-slot=\"\/5644\/televisanews.information\/internas\" data-enable-refresh=\"30\" layout=\"fixed\" class=\"i-amphtml-layout-fixed i-amphtml-layout-size-defined\" style=\"width:300px;height:250px;\" i-amphtml-layout=\"fixed\"\/><\/p>\n<p><span data-amp-original-style=\"color: #ff0000;\" class=\"amp-wp-cc68ddc\"><strong>Te recomendamos:<a rel=\"nofollow noopener\" target=\"_blank\" href=\"https:\/\/noticieros.televisa.com\/ultimas-noticias\/incertidumbre-y-esperanza-marcan-el-regreso-a-las-aulas-en-ciudad-de-mexico\/\"> Incertidumbre y esperanza marcan el regreso a las escuelas en la CDMX<\/a><br \/><\/strong><\/span><\/p>\n<p>Cientos de personas se <strong>manifestaron<\/strong> desde tierra, mientras que peque\u00f1as <strong>embarcaciones<\/strong> con banderas que rezaban \u201cNo grandes barcos\u201d rodearon y siguieron a la MSC Orchestra, de 92 mil toneladas, cuando part\u00eda del puerto de Venecia en ruta hacia Croacia y Grecia.<\/p>\n<blockquote><p><amp-ad width=\"300\" height=\"1\" type=\"teads\" data-pid=\"114834\" layout=\"responsive\" class=\"i-amphtml-layout-responsive i-amphtml-layout-size-defined\" i-amphtml-layout=\"responsive\"><i-amphtml-sizer style=\"display:block;padding-top:0.3333%;\"\/><\/amp-ad><\/p>\n<p>\u201cEstamos aqu\u00ed porque estamos en contra de este paso pero tambi\u00e9n en contra de un modelo de turismo que est\u00e1 destruyendo la ciudad, expulsando a los residentes, destruyendo el planeta, las ciudades y contaminando\u201d, declar\u00f3 Marta Sottoriva, maestra de 29 a\u00f1os residente de la ciudad.<\/p>\n<\/blockquote>\n<p>Pero las autoridades portuarias, trabajadores y el gobierno de la ciudad celebraron el zarpe del Orchestra, operada por <strong>MSC<\/strong> <strong>Cruceros<\/strong>, como s\u00edmbolo de la reactivaci\u00f3n del negocio tras una disaster sanitaria que golpe\u00f3 duramente a la industria de cruceros y al sector de viajes en common.<\/p>\n<p>\u201cEstamos felices (\u2026), tem\u00edamos mucho por <strong>Venecia<\/strong> y hemos estado pidiendo una soluci\u00f3n estable y manejable para los barcos durante muchos a\u00f1os\u201d, dijo <strong>Francesco Galietti<\/strong>, director nacional del grupo comercial Asociaci\u00f3n Internacional de L\u00edneas de Cruceros (CLIA, por su sigla en ingl\u00e9s).<\/p>\n<p><amp-ad width=\"300\" height=\"250\" type=\"doubleclick\" data-slot=\"\/5644\/televisanews.information\/internas\" data-enable-refresh=\"30\" layout=\"fixed\" class=\"i-amphtml-layout-fixed i-amphtml-layout-size-defined\" style=\"width:300px;height:250px;\" i-amphtml-layout=\"fixed\"\/><\/p>\n<p>Algunos residentes estuvieron instando a los gobiernos durante a\u00f1os a prohibir que los <strong>grandes cruceros<\/strong> y otras embarcaciones de gran tama\u00f1o pasen por la laguna y atraquen no lejos de la famosa Plaza de San Marcos.<\/p>\n<p>Los activistas temen por la seguridad y el medio ambiente, incluida la contaminaci\u00f3n y la erosi\u00f3n submarina en una ciudad que ya est\u00e1 en peligro por el aumento del nivel del mar.<\/p>\n<blockquote><p><amp-ad width=\"300\" height=\"250\" type=\"doubleclick\" data-slot=\"\/5644\/televisanews.information\/internas\" data-enable-refresh=\"30\" layout=\"fixed\" class=\"i-amphtml-layout-fixed i-amphtml-layout-size-defined\" style=\"width:300px;height:250px;\" i-amphtml-layout=\"fixed\"\/><\/p>\n<p>\u201cLa lucha es muy larga, creo que estamos en contra de intereses econ\u00f3micos muy grandes\u201d, dijo Marco Baravalle, investigador de 42 a\u00f1os y miembro del grupo No Grandi Navi (No grandes barcos).<\/p>\n<\/blockquote>\n<p>El gobierno de <strong>Italia<\/strong> dictamin\u00f3 en abril que los <strong>cruceros<\/strong> y los portacontenedores no deben ingresar al centro hist\u00f3rico de <strong>Venecia<\/strong>, sino atracar en otro lugar.<\/p>\n<p>Pero la prohibici\u00f3n no entrar\u00e1 en vigencia hasta que se completen las terminales fuera de la laguna y a\u00fan no se haya lanzado una licitaci\u00f3n para su construcci\u00f3n. Parte del tr\u00e1fico podr\u00eda desviarse al cercano puerto de Marghera a partir del pr\u00f3ximo a\u00f1o.<\/p>\n<p><amp-ad width=\"300\" height=\"250\" type=\"doubleclick\" data-slot=\"\/5644\/televisanews.information\/internas\" data-enable-refresh=\"30\" layout=\"fixed\" class=\"i-amphtml-layout-fixed i-amphtml-layout-size-defined\" style=\"width:300px;height:250px;\" i-amphtml-layout=\"fixed\"\/><\/p>\n<p>El Orchestra fue escoltado fuera del puerto no s\u00f3lo por peque\u00f1as embarcaciones que protestaban sino por remolcadores que la saludaron con chorros de agua, una tradici\u00f3n marinera reservada para ocasiones especiales.<\/p>\n<p>El <strong>barco<\/strong> de 16 cubiertas puede transportar m\u00e1s de 3 mil pasajeros y mil tripulantes, pero para este viaje navegar\u00e1 a s\u00f3lo la mitad de su capacidad debido a las reglas de distanciamiento social <strong>COVID-19<\/strong>.<\/p>\n<p>La <strong>CLIA<\/strong> estima que el negocio de cruceros representa m\u00e1s del 3% del PIB de <strong>Venecia<\/strong>.<\/p>\n<p><em>Con informaci\u00f3n de Reuters\u00a0<\/em><\/p>\n<p>RVC<\/p>\n<p>              <!--\n                TODO: Implementar botones de social share con sus apis\n                correspondientes y fallback para amp-social-share cuando\n                la pagina es AMP\n              --><!-- <a rel=\"nofollow noopener\" target=\"_blank\" href=\"https:\/\/twitter.com\/intent\/tweet?button_hashtag=webpacge&ref_src=twsrc%5Etfw\" class=\"twitter-hashtag-button\" data-show-count=\"false\">\n                Tweet #webpacge\n              <\/a> --><\/div>\n<p><script async src=\"\/\/platform.twitter.com\/widgets.js\" charset=\"utf-8\"><\/script><br \/>\n<br \/><\/p>\n<p><em> &#8221; Fuentes noticieros.televisa.com &#8221; <\/em><\/p>\n","protected":false},"excerpt":{"rendered":"<p>El primer crucero en salir de Venecia desde que se suavizaron las restricciones al coronavirus zarp\u00f3 el s\u00e1bado 5 de junio de 2021, pero algunos residentes locales protestaron por el regreso a la normalidad, descontentos por el paso de transatl\u00e1nticos gigantes a trav\u00e9s de la hist\u00f3rica ciudad. Te recomendamos: Incertidumbre y esperanza marcan el regreso [&hellip;]<\/p>\n","protected":false},"author":4,"featured_media":139661,"comment_status":"open","ping_status":"closed","sticky":false,"template":"","format":"standard","meta":{"om_disable_all_campaigns":false,"jnews-multi-image_gallery":[],"jnews_single_post":[],"jnews_primary_category":[],"jnews_social_meta":[],"footnotes":""},"categories":[41],"tags":[55,510,25335,543,25337,25336,21398],"class_list":["post-139660","post","type-post","status-publish","format-standard","has-post-thumbnail","hentry","category-cruceros","tag-coronavirus","tag-covid-19","tag-crucero-post-covid","tag-cruceros","tag-regreso-a-la-normalidad","tag-sars-cov","tag-venecia"],"_links":{"self":[{"href":"https:\/\/dimensionturistica.com\/es\/wp-json\/wp\/v2\/posts\/139660","targetHints":{"allow":["GET"]}}],"collection":[{"href":"https:\/\/dimensionturistica.com\/es\/wp-json\/wp\/v2\/posts"}],"about":[{"href":"https:\/\/dimensionturistica.com\/es\/wp-json\/wp\/v2\/types\/post"}],"author":[{"embeddable":true,"href":"https:\/\/dimensionturistica.com\/es\/wp-json\/wp\/v2\/users\/4"}],"replies":[{"embeddable":true,"href":"https:\/\/dimensionturistica.com\/es\/wp-json\/wp\/v2\/comments?post=139660"}],"version-history":[{"count":0,"href":"https:\/\/dimensionturistica.com\/es\/wp-json\/wp\/v2\/posts\/139660\/revisions"}],"wp:featuredmedia":[{"embeddable":true,"href":"https:\/\/dimensionturistica.com\/es\/wp-json\/wp\/v2\/media\/139661"}],"wp:attachment":[{"href":"https:\/\/dimensionturistica.com\/es\/wp-json\/wp\/v2\/media?parent=139660"}],"wp:term":[{"taxonomy":"category","embeddable":true,"href":"https:\/\/dimensionturistica.com\/es\/wp-json\/wp\/v2\/categories?post=139660"},{"taxonomy":"post_tag","embeddable":true,"href":"https:\/\/dimensionturistica.com\/es\/wp-json\/wp\/v2\/tags?post=139660"}],"curies":[{"name":"wp","href":"https:\/\/api.w.org\/{rel}","templated":true}]}}