{"id":138329,"date":"2021-06-03T13:27:00","date_gmt":"2021-06-03T13:27:00","guid":{"rendered":"https:\/\/dimensionturistica.com\/es\/?p=138329"},"modified":"2021-06-03T13:27:00","modified_gmt":"2021-06-03T13:27:00","slug":"todo-lo-que-necesitas-para-celebrar-el-dia-mundial-de-la-bicicleta","status":"publish","type":"post","link":"https:\/\/dimensionturistica.com\/es\/todo-lo-que-necesitas-para-celebrar-el-dia-mundial-de-la-bicicleta\/","title":{"rendered":"Todo lo que necesitas para celebrar el D\u00eda Mundial de la Bicicleta"},"content":{"rendered":"<p> <br \/>\n<\/p>\n<div>\n<p>En abril de 2018, la Asamblea Common de las Naciones Unidas instaur\u00f3\u00a0<strong>el d\u00eda 3 de junio como D\u00eda Mundial de la Bicicleta<\/strong>. Y es que, son muchos los apasionados que pasan horas y horas pedaleando, ya sea porque utilizan la bici como medio de transporte specific o como forma de practicar ejercicio, tanto en entornos urbanos como rurales. Por ello, traemos una cuidada selecci\u00f3n de las bicicletas que mejor aceptaci\u00f3n est\u00e1n cosechando entre sus seguidores en la actualidad, pero sin olvidar todos aquellos accesorios que son imprescindibles para salvaguardar en todo momento nuestra seguridad y comodidad. Porque montar en bici es maravilloso y bien merece celebrarlo, pero la precauci\u00f3n y protecci\u00f3n no es negociable.<\/p>\n<h3\/>\n<h3><a rel=\"nofollow noopener\" target=\"_blank\" href=\"https:\/\/amzn.to\/2RgfMeK\">Bikestar<\/a><\/h3>\n<p>\t\t\t<img decoding=\"async\" src=\"https:\/\/images-na.ssl-images-amazon.com\/images\/I\/81CRjP5DW7L._AC_SL1500_.jpg\"\/><\/p>\n<p>Es una de las mejores opciones para celebrar el\u00a0<strong>D\u00eda Mundial de la Bicicleta<\/strong>. Su estilo retro y elegante se completa con una \u00fanica marcha que te permitir\u00e1 disfrutar de cada ruta que hagas. Es muy adecuada para viajar por la ciudad. Sus llantas aportan estabilidad y firmeza. No deber\u00eda enga\u00f1arte su dise\u00f1o cl\u00e1sico ya que cuenta con la tecnolog\u00eda m\u00e1s moderna para que aproveches al m\u00e1ximo tus fuerzas. Es muy resistente al uso continuado. Solo tienes que montar tu bicicleta, lo est\u00e1 ya al 90 %, y prepararte para dar un paseo por donde prefieras. De ti depende apostar por una alternativa tan eficaz como altamente recomendable.<\/p>\n<p><a rel=\"nofollow noopener\" target=\"_blank\" href=\"https:\/\/amzn.to\/2RgfMeK\">COMPRAR (285,90 \u20ac)<\/a><\/p>\n<h3><a rel=\"nofollow noopener\" target=\"_blank\" href=\"https:\/\/amzn.to\/2S97iXp\">New Star<\/a><\/h3>\n<p>\t\t\t<img decoding=\"async\" src=\"https:\/\/images-na.ssl-images-amazon.com\/images\/I\/81z4i95wJlL._AC_SL1500_.jpg\"\/><\/p>\n<p>Si tienes pensado\u00a0<strong>comprar bicicletas en Amazon<\/strong>, esta opci\u00f3n todo terreno es tan completa como infalible. Con seis velocidades, frenos V Brake y un desviador de triple plato, podr\u00e1s adaptarte a cualquier superficie sin esfuerzos. Fabricada en acero y con una horquilla r\u00edgida, es siempre una garant\u00eda de estabilidad y de resistencia. Sus ruedas de 26 pulgadas te ayudar\u00e1n a absorber mejor los peque\u00f1os impactos durante tu recorrido. Si te gusta la aventura, explorar terrenos diversos y, en definitiva, tener una bicicleta que se adapte a cualquier situaci\u00f3n solo tienes que confiar en un modelo perfecto para ti. Este te sorprender\u00e1 desde el primer momento con extrema facilidad.<\/p>\n<p><a rel=\"nofollow noopener\" target=\"_blank\" href=\"https:\/\/amzn.to\/2S97iXp\">COMPRAR (141,21 \u20ac)<\/a><\/p>\n<h3><a rel=\"nofollow noopener\" target=\"_blank\" href=\"https:\/\/amzn.to\/3cfpx4i\">Lionelo<\/a><\/h3>\n<p>\t\t\t<img decoding=\"async\" src=\"https:\/\/images-na.ssl-images-amazon.com\/images\/I\/71MVkRBriDL._AC_SL1500_.jpg\"\/><\/p>\n<p>\u00bfPor qu\u00e9 no\u00a0<strong>comprarle a tus hijos una bicicleta espec\u00edfica para ellos<\/strong>? El modelo te permite ajustar el manillar y el sill\u00edn a la altura m\u00e1s adecuada. Su resistente cuadro lleva una aleaci\u00f3n de magnesio sin soldadura consiguiendo as\u00ed que la bicicleta apenas pese tres kilogramos.<\/p>\n<p>Su uso es adecuado para potenciar el equilibrio, el fortalecimiento de los m\u00fasculos y la coordinaci\u00f3n del aparato locomotor de los ni\u00f1os. Incluye almohadillas antideslizantes para que el manejo del manillar sea m\u00e1s eficaz. Al evitar los bloqueos y facilitar las maniobras, hay siempre menos riesgo de accidentes o ca\u00eddas. Las ruedas est\u00e1n fabricadas en espuma EVA, no incluyen c\u00e1mara y se adhieren muy bien a cualquier tipo de superficie.<\/p>\n<p><a rel=\"nofollow noopener\" target=\"_blank\" href=\"https:\/\/amzn.to\/3cfpx4i\">COMPRAR (59,95 \u20ac)<\/a><\/p>\n<h3><a rel=\"nofollow noopener\" target=\"_blank\" href=\"https:\/\/amzn.to\/3pswdBD\">Windgoo<\/a><\/h3>\n<p>\t\t\t<img decoding=\"async\" src=\"https:\/\/images-na.ssl-images-amazon.com\/images\/I\/61UEufUsfKL._AC_SL1430_.jpg\"\/><\/p>\n<p>Si quieres celebrar el\u00a0<strong>D\u00eda Mundial de la Bicicleta\u00a0<\/strong>apostando por la sostenibilidad no encontrar\u00e1s mejor opci\u00f3n. Su motor sin escobillas y una bater\u00eda de 6.0 Ah permiten conducirla con mayor suavidad. Alcanza una velocidad m\u00e1xima de 25 kil\u00f3metros por hora. Puede recorrer hasta 18 kil\u00f3metros con una carga. Fabricada en aleaci\u00f3n de aluminio, aspecto que aligera su peso, es plegable por lo que podr\u00e1s llev\u00e1rtela donde quieras. Incluye un freno de disco en la rueda trasera y luces LED en la parte delantera para evitar todo tipo de accidentes. Su pantalla digital te ofrece la informaci\u00f3n necesaria para que sepas el estado actual de la bater\u00eda y la velocidad que llevas. Atr\u00e9vete a probarla.<\/p>\n<p><a rel=\"nofollow noopener\" target=\"_blank\" href=\"https:\/\/amzn.to\/3pswdBD\">COMPRAR (309,68 \u20ac)<\/a><\/p>\n<h3><a rel=\"nofollow noopener\" target=\"_blank\" href=\"https:\/\/amzn.to\/3uH0Dko\">Bicicleta Fixie<\/a><\/h3>\n<p>\t\t\t<img decoding=\"async\" src=\"https:\/\/estaticos.elperiodico.com\/resources\/jpg\/9\/0\/1591165763509.jpg\"\/><\/p>\n<p>Quienes est\u00e9n pensando en hacerse con una bicicleta o sustituir a la que hasta ahora ha sido su fiel compa\u00f1era, pueden optar por otro de los modelos que m\u00e1s p\u00fablico acapara actualmente: la Fixie. En este caso, su popularidad se debe, sobre todo, a su bonito dise\u00f1o y a su ligereza, pues pesa mucho menos que otro tipo de bicis. Por ello, moverte con ella en el entorno urbano te resultar\u00e1 realmente sencillo. De hecho, es perfecta para ciudades llanas, donde podr\u00e1s desplazarte sobre ruedas a cualquier parte, sin hacer excesivo esfuerzo.<\/p>\n<h3><a rel=\"nofollow noopener\" target=\"_blank\" href=\"https:\/\/amzn.to\/3uH0Dko\">COMPRAR (453,30\u00a0\u20ac)<\/a><\/h3>\n<h3><a rel=\"nofollow noopener\" target=\"_blank\" href=\"https:\/\/amzn.to\/3uH0Dko\">Juego de luces y timbre<\/a><\/h3>\n<p>\t\t\t<img decoding=\"async\" src=\"https:\/\/estaticos.elperiodico.com\/resources\/jpg\/5\/9\/1591165763495.jpg\"\/><\/p>\n<p>Para disfrutar de la bicicleta hay un aspecto que es innegociable: la seguridad. Por ello, traemos este juego de luces para que tu conducci\u00f3n nocturna cumpla con las normas al respecto. Con esta propuesta, podr\u00e1s elegir entre tres intensidades para la luz delantera, mientras que la trasera ofrece 5 modos distintos. Se cargan a trav\u00e9s de USB en tan solo dos horas, son impermeables para que las condiciones meteorol\u00f3gicas no te limiten y, adem\u00e1s, les acompa\u00f1a un timbre para advertir de peligros o riesgo de accidente. En definitiva, un juego imprescindible para que nuestra ruta sea, ante todo, segura. Y todo ello a un precio dif\u00edcil de igualar.<\/p>\n<p><a rel=\"nofollow noopener\" target=\"_blank\" href=\"https:\/\/amzn.to\/3uH0Dko\">COMPRAR (17,99 \u20ac)<\/a><\/p>\n<h3><a rel=\"nofollow noopener\" target=\"_blank\" href=\"https:\/\/amzn.to\/3uH0Dko\">Protecci\u00f3n para tu cabeza<\/a><\/h3>\n<p>\t\t\t<img decoding=\"async\" src=\"https:\/\/estaticos.elperiodico.com\/resources\/jpg\/0\/9\/1591165763490.jpg\"\/><\/p>\n<p>Disfrutar de nuestra afici\u00f3n favorita debe ser en todo momento appropriate con mantener la integridad f\u00edsica. Por ello, no nos podemos olvidar del casco, que en caso de accidente puede salvarnos la vida. Este modelo, de la marca Kinglead, nos ofrecer\u00e1 la protecci\u00f3n que necesitamos para nuestra cabeza, con un dise\u00f1o muy atractivo que ha tenido en cuenta tanto la aerodin\u00e1mica como la ventilaci\u00f3n, por lo que el calor no ser\u00e1 un problema. Adem\u00e1s, incorpora luz en la parte trasera, para reforzar la seguridad, y visera en la parte delantera, por lo que podremos pedalear sin que el sol nos moleste lo m\u00e1s m\u00ednimo. Protecci\u00f3n y dise\u00f1o a un precio muy competitivo.<\/p>\n<h3><a rel=\"nofollow noopener\" target=\"_blank\" href=\"https:\/\/amzn.to\/3uH0Dko\">COMPRAR (35,99 \u20ac)<\/a><\/h3>\n<h3><a rel=\"nofollow noopener\" target=\"_blank\" href=\"https:\/\/amzn.to\/3uH0Dko\">Cuida de tus manos<\/a><\/h3>\n<p>\t\t\t<img decoding=\"async\" src=\"https:\/\/estaticos.elperiodico.com\/resources\/jpg\/0\/1\/1591165763510.jpg\"\/><\/p>\n<p>Otro accesorio que tambi\u00e9n resulta de gran utilidad a la hora de montar en bicicleta son los guantes, que evitar\u00e1n que suframos las molestas rozaduras que salen de los roces y el contacto con los manillares. Este modelo cuenta con unas almohadillas SBR de 6 mil\u00edmetros engrosadas que nos proteger\u00e1n de los da\u00f1os de choques o ca\u00eddas, y su dise\u00f1o no ha olvidado la necesaria transpiraci\u00f3n, para un agarre perfecto. Por \u00faltimo, es muy importante destacar que no solo nos servir\u00e1n para la bici, sino que tambi\u00e9n son muy adecuados para otras actividades, como conducir una moto, hacer senderismo o levantar pesas.<\/p>\n<h3><a rel=\"nofollow noopener\" target=\"_blank\" href=\"https:\/\/amzn.to\/3uH0Dko\">COMPRAR (27,99 \u20ac)<\/a><\/h3>\n<h3><a rel=\"nofollow noopener\" target=\"_blank\" href=\"https:\/\/amzn.to\/3uH0Dko\">Gafas para esquivar el deslumbramiento<\/a><\/h3>\n<p>\t\t\t<img decoding=\"async\" src=\"https:\/\/estaticos.elperiodico.com\/resources\/jpg\/5\/7\/1591165763475.jpg\"\/><\/p>\n<p>El sol puede ser uno de los peores compa\u00f1eros de ruta. Ya no solo por el calor, sino porque, si lo tenemos de cara, puede incluso cegarnos de tal manera que se vea perjudicada nuestra visi\u00f3n. Por ello, hacerse con unas gafas de sol que protejan nuestros ojos es realmente importante. Este modelo de X-Tiger destaca por su extremada ligereza, pues no llega a los 20 gramos de peso. Y su dise\u00f1o, que recuerda por momentos a las que portan los mejores contrarrelojistas, las hace perfectas para la pr\u00e1ctica del ciclismo, pero tambi\u00e9n para otros deportes como el esqu\u00ed, la pesca o la escalada. Unas gafas completas, de m\u00e1xima protecci\u00f3n y por menos de 20 euros.<\/p>\n<h3><a rel=\"nofollow noopener\" target=\"_blank\" href=\"https:\/\/amzn.to\/3uH0Dko\">COMPRAR (21,99 \u20ac)<\/a><\/h3>\n<h3><a rel=\"nofollow noopener\" target=\"_blank\" href=\"https:\/\/amzn.to\/3uNiLJw\">Calas para un c\u00f3modo pedaleo<\/a><\/h3>\n<p>\t\t\t<img decoding=\"async\" src=\"https:\/\/estaticos.elperiodico.com\/resources\/jpg\/1\/9\/1591165763491.jpg\"\/><\/p>\n<p>Contar con un calzado especialmente fabricado para la pr\u00e1ctica del ciclismo es very important si somos de los que disfrutamos de largas rutas. Estas zapatillas, perfectas para la bicicleta, nos dar\u00e1n una comodidad magn\u00edfica, gracias a que est\u00e1n hechas de una sola pieza, sin costuras interiores que nos incomoden. Adem\u00e1s, cuentan con refuerzo tanto en la puntera como el tal\u00f3n y nos las podremos ajustar hasta conseguir la mayor sujecci\u00f3n con sus 3 bandas de velcro. A eso, habr\u00eda a\u00f1adir que las zapatillas Luck han sido producidas en nuestro pa\u00eds, otro issue a tener en cuenta, y m\u00e1s a\u00fan en estos tiempos que corren.<\/p>\n<p><a rel=\"nofollow noopener\" target=\"_blank\" href=\"https:\/\/amzn.to\/3uNiLJw\">COMPRAR (41,02\u00a0\u20ac)<\/a><\/p>\n<p>\t<span class=\"smallTitle center\">Noticias relacionadas<\/span><\/p>\n<hr\/>\n<p>\u25a0 Estas ofertas han sido seleccionadas por un equipo de elPeri\u00f3dico de forma independiente en base a su criterio y experiencia. ElPeri\u00f3dico obtiene una comisi\u00f3n de las ventas a partir de los enlaces de esta p\u00e1gina. Todos los precios de compra incluidos en este art\u00edculo est\u00e1n actualizados a fecha del 3\u00a0de junio de 2021.<\/p>\n<\/p><\/div>\n\n<p><em> &#8221; Fuentes www.elperiodico.com &#8221; <\/em><\/p>\n","protected":false},"excerpt":{"rendered":"<p>En abril de 2018, la Asamblea Common de las Naciones Unidas instaur\u00f3\u00a0el d\u00eda 3 de junio como D\u00eda Mundial de la Bicicleta. Y es que, son muchos los apasionados que pasan horas y horas pedaleando, ya sea porque utilizan la bici como medio de transporte specific o como forma de practicar ejercicio, tanto en entornos [&hellip;]<\/p>\n","protected":false},"author":4,"featured_media":138330,"comment_status":"open","ping_status":"closed","sticky":false,"template":"","format":"standard","meta":{"om_disable_all_campaigns":false,"jnews-multi-image_gallery":[],"jnews_single_post":[],"jnews_primary_category":[],"jnews_social_meta":[],"footnotes":""},"categories":[39],"tags":[579],"class_list":["post-138329","post","type-post","status-publish","format-standard","has-post-thumbnail","hentry","category-viajes","tag-amazon"],"_links":{"self":[{"href":"https:\/\/dimensionturistica.com\/es\/wp-json\/wp\/v2\/posts\/138329","targetHints":{"allow":["GET"]}}],"collection":[{"href":"https:\/\/dimensionturistica.com\/es\/wp-json\/wp\/v2\/posts"}],"about":[{"href":"https:\/\/dimensionturistica.com\/es\/wp-json\/wp\/v2\/types\/post"}],"author":[{"embeddable":true,"href":"https:\/\/dimensionturistica.com\/es\/wp-json\/wp\/v2\/users\/4"}],"replies":[{"embeddable":true,"href":"https:\/\/dimensionturistica.com\/es\/wp-json\/wp\/v2\/comments?post=138329"}],"version-history":[{"count":0,"href":"https:\/\/dimensionturistica.com\/es\/wp-json\/wp\/v2\/posts\/138329\/revisions"}],"wp:featuredmedia":[{"embeddable":true,"href":"https:\/\/dimensionturistica.com\/es\/wp-json\/wp\/v2\/media\/138330"}],"wp:attachment":[{"href":"https:\/\/dimensionturistica.com\/es\/wp-json\/wp\/v2\/media?parent=138329"}],"wp:term":[{"taxonomy":"category","embeddable":true,"href":"https:\/\/dimensionturistica.com\/es\/wp-json\/wp\/v2\/categories?post=138329"},{"taxonomy":"post_tag","embeddable":true,"href":"https:\/\/dimensionturistica.com\/es\/wp-json\/wp\/v2\/tags?post=138329"}],"curies":[{"name":"wp","href":"https:\/\/api.w.org\/{rel}","templated":true}]}}