{"id":138257,"date":"2021-06-03T10:31:03","date_gmt":"2021-06-03T10:31:03","guid":{"rendered":"https:\/\/dimensionturistica.com\/es\/?p=138257"},"modified":"2021-06-03T10:31:03","modified_gmt":"2021-06-03T10:31:03","slug":"el-ceo-de-tyson-foods-renuncia-tras-solo-ocho-meses-en-el-cargo","status":"publish","type":"post","link":"https:\/\/dimensionturistica.com\/es\/el-ceo-de-tyson-foods-renuncia-tras-solo-ocho-meses-en-el-cargo\/","title":{"rendered":"El CEO de Tyson Foods renuncia tras solo ocho meses en el cargo"},"content":{"rendered":"<p> <br \/>\n<\/p>\n<div>\n<p class=\"content-element\">El principal oficial ejecutivo (CEO, en ingl\u00e9s) de <a target=\"_blank\" href=\"https:\/\/www.tysonfoods.com\/\" rel=\"noopener\"><b>Tyson Foods<\/b><\/a>, Dean Banks, anunci\u00f3 hoy, mi\u00e9rcoles, que dej\u00f3 el cargo tras ocho meses al mando de la compa\u00f1\u00eda debido a razones personales. <\/p>\n<aside class=\"related-stories article-body-drop content-element\">\n<article class=\"story-tease-beta\"\/>\n<article class=\"story-tease-beta\"\/>\n<article class=\"story-tease-beta\"\/><\/aside>\n<p class=\"content-element\">Como sustituto, se design\u00f3 a Donnie King, quien period el principal oficial de operaciones (COO, en ingl\u00e9s).<\/p>\n<p class=\"content-element\">\u201cSer parte de Tyson Foods ha sido una experiencia muy gratificante\u201d, dijo<a target=\"_blank\" href=\"https:\/\/www.tysonfoods.com\/news\/news-releases\/2021\/6\/tyson-foods-announces-donnie-king-succeed-dean-banks-president-and-ceo\" rel=\"noopener\"><b> Banks en declaraciones escritas<\/b><\/a>. <b>\u201cTras una profunda reflexi\u00f3n personal y conversaciones con mi familia, la junta y mis colegas, creo que dejar el cargo y concentrarme en mi familia es la decisi\u00f3n correcta en este momento\u201d.<\/b><\/p>\n<p class=\"content-element\">Mientras, King, quien tiene sobre 36 de experiencia, asegur\u00f3 estar comprometido con la empresa de alimentos.<\/p>\n<p class=\"content-element\">\u201cCreo que debemos estar muy enfocados en operar con excelencia, ejecutar nuestras estrategias y continuar innovando en nuestros negocios en todo el mundo. Con nuestro s\u00f3lido equipo de liderazgo, estamos comprometidos a ganar con nuestros clientes y brindar una experiencia sobresaliente para los miembros del equipo\u201d, indic\u00f3.<\/p>\n<p class=\"content-element\">Tyson Meals ha lidiado durante la pandemia con cientos de empleados que se han contagiado con COVID-19, por lo que han tenido que suspender temporeramente operaciones en algunas de sus plantas en esos momentos.<\/p>\n<\/div>\n\n<p><em> \u2018 The preceding article may include information circulated by third parties \u2019 <\/em><\/p>\n<p><em> \u2018 Some details of this article were extracted from the following source www.elnuevodia.com \u2019 <\/em><\/p>\n","protected":false},"excerpt":{"rendered":"<p>El principal oficial ejecutivo (CEO, en ingl\u00e9s) de Tyson Foods, Dean Banks, anunci\u00f3 hoy, mi\u00e9rcoles, que dej\u00f3 el cargo tras ocho meses al mando de la compa\u00f1\u00eda debido a razones personales. Como sustituto, se design\u00f3 a Donnie King, quien period el principal oficial de operaciones (COO, en ingl\u00e9s). \u201cSer parte de Tyson Foods ha sido [&hellip;]<\/p>\n","protected":false},"author":2,"featured_media":138258,"comment_status":"open","ping_status":"closed","sticky":false,"template":"","format":"standard","meta":{"om_disable_all_campaigns":false,"jnews-multi-image_gallery":[],"jnews_single_post":[],"jnews_primary_category":[],"jnews_social_meta":[],"footnotes":""},"categories":[43],"tags":[25169],"class_list":["post-138257","post","type-post","status-publish","format-standard","has-post-thumbnail","hentry","category-gourmet","tag-empresas-en-estados-unidos"],"_links":{"self":[{"href":"https:\/\/dimensionturistica.com\/es\/wp-json\/wp\/v2\/posts\/138257","targetHints":{"allow":["GET"]}}],"collection":[{"href":"https:\/\/dimensionturistica.com\/es\/wp-json\/wp\/v2\/posts"}],"about":[{"href":"https:\/\/dimensionturistica.com\/es\/wp-json\/wp\/v2\/types\/post"}],"author":[{"embeddable":true,"href":"https:\/\/dimensionturistica.com\/es\/wp-json\/wp\/v2\/users\/2"}],"replies":[{"embeddable":true,"href":"https:\/\/dimensionturistica.com\/es\/wp-json\/wp\/v2\/comments?post=138257"}],"version-history":[{"count":0,"href":"https:\/\/dimensionturistica.com\/es\/wp-json\/wp\/v2\/posts\/138257\/revisions"}],"wp:featuredmedia":[{"embeddable":true,"href":"https:\/\/dimensionturistica.com\/es\/wp-json\/wp\/v2\/media\/138258"}],"wp:attachment":[{"href":"https:\/\/dimensionturistica.com\/es\/wp-json\/wp\/v2\/media?parent=138257"}],"wp:term":[{"taxonomy":"category","embeddable":true,"href":"https:\/\/dimensionturistica.com\/es\/wp-json\/wp\/v2\/categories?post=138257"},{"taxonomy":"post_tag","embeddable":true,"href":"https:\/\/dimensionturistica.com\/es\/wp-json\/wp\/v2\/tags?post=138257"}],"curies":[{"name":"wp","href":"https:\/\/api.w.org\/{rel}","templated":true}]}}