{"id":137776,"date":"2021-06-02T15:51:02","date_gmt":"2021-06-02T15:51:02","guid":{"rendered":"https:\/\/dimensionturistica.com\/es\/?p=137776"},"modified":"2021-06-02T15:51:02","modified_gmt":"2021-06-02T15:51:02","slug":"tyson-foods-nombra-a-donnie-king-como-nuevo-presidente-y-ceo","status":"publish","type":"post","link":"https:\/\/dimensionturistica.com\/es\/tyson-foods-nombra-a-donnie-king-como-nuevo-presidente-y-ceo\/","title":{"rendered":"Tyson Foods nombra a Donnie King como nuevo presidente y CEO"},"content":{"rendered":"<p> <br \/>\n<\/p>\n<div itemprop=\"text\">\n<p>Tyson Meals anunci\u00f3 que el director de operaciones Donnie King fue nombrado presidente y CEO, con efecto inmediato. Seg\u00fan la compa\u00f1\u00eda, el precise presidente y CEO, Dean Banks, deja su cargo y la Junta de Directores por motivos personales.<\/p>\n<div class=\"g g-2\">\n<div class=\"g-single a-59\"><a target=\"_blank\" onclick=\"dataLayer.push({'event': 'AdRotatePro', 'AdCategory': 'Adverts', 'AdAction': 'Click', 'AdLabel': 'CONTENT - Americas Food and Beverage', 'AdValue': 1.00});\" alt=\"CONTENT - Americas Food and Beverage\" href=\"https:\/\/www.americasfoodandbeverage.com\/\" rel=\"noopener\"><picture onload=\"dataLayer.push({'event': 'AdRotatePro', 'AdCategory': 'Adverts', 'AdAction': 'Impression', 'AdLabel': 'CONTENT - Americas Food and Beverage', 'AdValue': 2.00});\" class=\"sp-no-webp\"><source data-srcset=\"https:\/\/abasto.com\/wp-content\/uploads\/2021\/04\/afb-content.webp\" type=\"image\/webp\"><source data-srcset=\"https:\/\/abasto.com\/wp-content\/uploads\/2021\/04\/afb-content.jpg\" type=\"image\/jpeg\"><noscript><img decoding=\"async\" src=\"https:\/\/abasto.com\/wp-content\/uploads\/2021\/04\/afb-content.jpg\" onload=\"dataLayer.push({'event': 'AdRotatePro', 'AdCategory': 'Adverts', 'AdAction': 'Impression', 'AdLabel': 'CONTENT - Americas Food and Beverage', 'AdValue': 2.00});\" class=\"sp-no-webp\" srcset=\"https:\/\/abasto.com\/wp-content\/uploads\/2021\/04\/afb-content.jpg\"\/><\/noscript><img decoding=\"async\" src=\"https:\/\/abasto.com\/wp-content\/uploads\/2021\/04\/afb-content.jpg\" onload=\"dataLayer.push({'event': 'AdRotatePro', 'AdCategory': 'Adverts', 'AdAction': 'Impression', 'AdLabel': 'CONTENT - Americas Food and Beverage', 'AdValue': 2.00});\" class=\"lazyload sp-no-webp\" srcset=\"https:\/\/abasto.com\/wp-content\/uploads\/2021\/04\/afb-content.jpg\"\/><\/source><\/source><\/picture><\/a><\/div>\n<\/div>\n<p>\u00abEl consejo de administraci\u00f3n y yo sabemos que Donnie tiene un profundo conocimiento de nuestro negocio, nuestros valores y nuestra cultura, as\u00ed como las s\u00f3lidas habilidades de liderazgo necesarias para seguir aplicando nuestra estrategia y obtener s\u00f3lidos resultados\u00bb, declar\u00f3 John H. Tyson, presidente de la Junta de Directores. \u00abQueremos expresar nuestro agradecimiento a Dean por sus contribuciones como miembro de la junta y ejecutivo\u00bb.<\/p>\n<p>King cuenta con m\u00e1s de 36 a\u00f1os de experiencia en el negocio de las prote\u00ednas, ocupando diversos puestos de liderazgo ejecutivo en pr\u00e1cticamente todas las facetas de <a target=\"_blank\" href=\"https:\/\/www.tysonfoods.com\/\" rel=\"noreferrer noopener\">la empresa<\/a>, incluyendo la avicultura, la carne de vacuno, la carne de cerdo, los alimentos preparados y el \u00e1mbito internacional.<\/p>\n<p>Tambi\u00e9n ha ejercido la supervisi\u00f3n ejecutiva de otras \u00e1reas esenciales, como la seguridad alimentaria y la garant\u00eda de calidad, la salud y la seguridad, la mejora continua, la ingenier\u00eda y la cadena de suministro, dijo la empresa en un comunicado de prensa.<\/p>\n<blockquote class=\"wp-block-quote\">\n<p><a target=\"_blank\" href=\"https:\/\/abasto.com\/noticias\/tyson-foods-abre-moderno-centro-de-fabricacion-automatizado\/\" rel=\"noreferrer noopener\">Art\u00edculo Relacionado: Tyson Foods abre moderno centro de fabricaci\u00f3n automatizado<\/a><\/p>\n<\/blockquote>\n<p>\u00abMe siento humilde y a la vez entusiasmado por dirigir Tyson Meals, una empresa que alimenta a millones de personas y que significa mucho para m\u00ed personalmente\u00bb, dijo King. \u00abCreo que tenemos que centrarnos en operar con excelencia, ejecutar nuestras estrategias y seguir innovando en todos nuestros negocios en todo el mundo. Con nuestro s\u00f3lido equipo de liderazgo, nos comprometemos a ganar con nuestros clientes y a ofrecer una experiencia excepcional a los miembros del equipo\u00bb.\u00a0\u00a0<\/p>\n<p>Banks deja la empresa despu\u00e9s de menos de un a\u00f1o de ocupar esa posici\u00f3n de liderazgo. Se uni\u00f3 a Tyson Meals como director en 2017 y se convirti\u00f3 en presidente de la compa\u00f1\u00eda en 2019.<\/p>\n<p>\u00abSer parte de Tyson Meals ha sido una experiencia muy gratificante\u00bb, dijo Banks. \u00abTras una profunda reflexi\u00f3n private y discusiones con mi familia, la junta directiva y mis colegas, creo que renunciar y concentrarme en mi familia es la decisi\u00f3n correcta en este momento\u00bb.<\/p>\n<\/div>\n\n<p><em> \u2018 The preceding article may include information circulated by third parties \u2019 <\/em><\/p>\n<p><em> \u2018 Some details of this article were extracted from the following source abasto.com \u2019 <\/em><\/p>\n","protected":false},"excerpt":{"rendered":"<p>Tyson Meals anunci\u00f3 que el director de operaciones Donnie King fue nombrado presidente y CEO, con efecto inmediato. Seg\u00fan la compa\u00f1\u00eda, el precise presidente y CEO, Dean Banks, deja su cargo y la Junta de Directores por motivos personales. \u00abEl consejo de administraci\u00f3n y yo sabemos que Donnie tiene un profundo conocimiento de nuestro negocio, [&hellip;]<\/p>\n","protected":false},"author":2,"featured_media":137777,"comment_status":"open","ping_status":"closed","sticky":false,"template":"","format":"standard","meta":{"om_disable_all_campaigns":false,"jnews-multi-image_gallery":[],"jnews_single_post":[],"jnews_primary_category":[],"jnews_social_meta":[],"footnotes":""},"categories":[43],"tags":[],"class_list":["post-137776","post","type-post","status-publish","format-standard","has-post-thumbnail","hentry","category-gourmet"],"_links":{"self":[{"href":"https:\/\/dimensionturistica.com\/es\/wp-json\/wp\/v2\/posts\/137776","targetHints":{"allow":["GET"]}}],"collection":[{"href":"https:\/\/dimensionturistica.com\/es\/wp-json\/wp\/v2\/posts"}],"about":[{"href":"https:\/\/dimensionturistica.com\/es\/wp-json\/wp\/v2\/types\/post"}],"author":[{"embeddable":true,"href":"https:\/\/dimensionturistica.com\/es\/wp-json\/wp\/v2\/users\/2"}],"replies":[{"embeddable":true,"href":"https:\/\/dimensionturistica.com\/es\/wp-json\/wp\/v2\/comments?post=137776"}],"version-history":[{"count":0,"href":"https:\/\/dimensionturistica.com\/es\/wp-json\/wp\/v2\/posts\/137776\/revisions"}],"wp:featuredmedia":[{"embeddable":true,"href":"https:\/\/dimensionturistica.com\/es\/wp-json\/wp\/v2\/media\/137777"}],"wp:attachment":[{"href":"https:\/\/dimensionturistica.com\/es\/wp-json\/wp\/v2\/media?parent=137776"}],"wp:term":[{"taxonomy":"category","embeddable":true,"href":"https:\/\/dimensionturistica.com\/es\/wp-json\/wp\/v2\/categories?post=137776"},{"taxonomy":"post_tag","embeddable":true,"href":"https:\/\/dimensionturistica.com\/es\/wp-json\/wp\/v2\/tags?post=137776"}],"curies":[{"name":"wp","href":"https:\/\/api.w.org\/{rel}","templated":true}]}}