{"id":137730,"date":"2021-06-02T14:31:09","date_gmt":"2021-06-02T14:31:09","guid":{"rendered":"https:\/\/dimensionturistica.com\/es\/?p=137730"},"modified":"2021-06-02T14:31:09","modified_gmt":"2021-06-02T14:31:09","slug":"aptur-lanzan-un-aporte-economico-para-agencias-de-viaje-y-servicios-de-transporte-turistico","status":"publish","type":"post","link":"https:\/\/dimensionturistica.com\/es\/aptur-lanzan-un-aporte-economico-para-agencias-de-viaje-y-servicios-de-transporte-turistico\/","title":{"rendered":"APTur: lanzan un aporte econ\u00f3mico para agencias de viaje y servicios de transporte tur\u00edstico"},"content":{"rendered":"<p> <br \/>\n<\/p>\n<div><picture class=\"preview-image\"><img decoding=\"async\" src=\"https:\/\/laopinionaustral.com.ar\/resources\/img\/_blank.gif\" data-imgresponsive=\"\" data-desktop=\"https:\/\/d35gjdqhyew8r0.cloudfront.net\/wp-content\/uploads\/2020\/09\/turismo-isla-pinguinos-lobos-728x410.jpg\" data-mobile=\"https:\/\/d35gjdqhyew8r0.cloudfront.net\/wp-content\/uploads\/2020\/09\/turismo-isla-pinguinos-lobos-400x225.jpg\" onerror=\"FRN.imgFIX(this);\" loading=\"lazy\"\/><\/picture>\n<p>El Gobierno nacional anunci\u00f3 una nueva edici\u00f3n del <strong>Fondo de Auxilio para Prestadores Tur\u00edsticos<\/strong> (<strong>APTur<\/strong>), orientada a <strong>agencias de viajes y servicios de transporte tur\u00edstico<\/strong>, como parte de las pol\u00edticas destinadas a los diferentes sectores del turismo del pa\u00eds en medio de la pandemia. Adem\u00e1s, pr\u00f3ximamente se sumar\u00e1 una nueva l\u00ednea espec\u00edfica para <strong>gu\u00edas de turismo<\/strong>, y se anunciaron tambi\u00e9n medidas de protecci\u00f3n para agencias.<\/p>\n<p>\u00a0<\/p>\n<p>El <strong>APTur V<\/strong> otorgar\u00e1 un aporte no reembolsable de $50.000 para agencias de viajes y servicios de transporte automotor tur\u00edstico de pasajeros. El beneficio apunta a <strong>monotributistas sociales<\/strong>, <strong>monotributistas<\/strong>, <strong>trabajadores aut\u00f3nomos<\/strong> y <strong>personas jur\u00eddicas<\/strong>, siempre y cuando -cualquiera de estos- tengan hasta dos empleados a cargo.<\/p>\n<p>\u00a0<\/p>\n<p>&#8220;En este contexto tan dif\u00edcil, seguimos apoyando al sector a trav\u00e9s de diferentes medidas de sostenimiento, convencidos de que ser\u00e1 un gran motor de desarrollo para el pa\u00eds en la pr\u00f3xima etapa&#8221;, se\u00f1al\u00f3 el ministro de Turismo y Deportes, <strong>Mat\u00edas Lammens<\/strong>.<\/p>\n<p>\u00a0<\/p>\n<p>Quienes postulen al beneficio deber\u00e1n aprobar alguno de los cursos de capacitaci\u00f3n del Programa de Formaci\u00f3n Digital que lleva adelante el Ministerio de Turismo y Deportes de la Naci\u00f3n. Podr\u00e1n optar por \u201cAccesibilidad Tur\u00edstica\u201d o por \u201cTurismo Responsable y G\u00e9nero\u201d.<\/p>\n<p>\u00a0<\/p>\n<p>Para conocer los requisitos, se deber\u00e1 ingresar en la net del Ministerio de Turismo y Deportes (<strong>https:\/\/www.argentina.gob.ar\/turismoydeportes\/aptur<\/strong>).<\/p>\n<p>\u00a0<\/p>\n<h3>A su vez, se avanz\u00f3 con una serie de medidas para seguir apoyando a las agencias de viajes:<\/h3>\n<ul>\n<li>Se autoriza la unificaci\u00f3n de estructuras funcionales de hasta dos Agentes por native, por un plazo de tres a\u00f1os. Podr\u00e1n solicitarlo dentro del plazo de seis meses desde la fecha de publicada la resoluci\u00f3n.<\/li>\n<li>Se autoriza la suspensi\u00f3n de actividades y el cierre temporario sin perder su legajo habilitante hasta el 31 de diciembre de 2021.<\/li>\n<li>Se deroga la Resoluci\u00f3n 102\/2014 y se establecen nuevas medidas vinculadas a franquicias, entre las que se destaca que una vez finalizados sus contratos, los agentes de viajes podr\u00e1n continuar operando siempre que se cumplan los requisitos establecidos.<\/li>\n<\/ul>\n<p>\u00a0<\/p>\n<p>Las iniciativas se suman a la bater\u00eda de medidas puestas en marcha para apuntalar al <strong>sector tur\u00edstico<\/strong> en este momento cr\u00edtico. Luego de invertir $60 mil millones para preservar m\u00e1s de 250 mil empleos en 2020, el Estado Nacional contin\u00faa en 2021 con programas como el <strong>REPRO II<\/strong>, el <strong>Programa de Asistencia de Emergencia a Trabajadores y Trabajadoras Independientes<\/strong> en sectores cr\u00edticos, y la ampliaci\u00f3n de la l\u00ednea de <strong>cr\u00e9ditos para PyMEs tur\u00edsticas<\/strong> con el Ministerio de Desarrollo Productivo y el Banco Naci\u00f3n, entre otros<\/p>\n<\/div>\n\n<p><em> &#8221; Fuentes laopinionaustral.com.ar &#8221; <\/em><\/p>\n","protected":false},"excerpt":{"rendered":"<p>El Gobierno nacional anunci\u00f3 una nueva edici\u00f3n del Fondo de Auxilio para Prestadores Tur\u00edsticos (APTur), orientada a agencias de viajes y servicios de transporte tur\u00edstico, como parte de las pol\u00edticas destinadas a los diferentes sectores del turismo del pa\u00eds en medio de la pandemia. Adem\u00e1s, pr\u00f3ximamente se sumar\u00e1 una nueva l\u00ednea espec\u00edfica para gu\u00edas de [&hellip;]<\/p>\n","protected":false},"author":4,"featured_media":137731,"comment_status":"open","ping_status":"closed","sticky":false,"template":"","format":"standard","meta":{"om_disable_all_campaigns":false,"jnews-multi-image_gallery":[],"jnews_single_post":[],"jnews_primary_category":[],"jnews_social_meta":[],"footnotes":""},"categories":[40],"tags":[783,25119,544],"class_list":["post-137730","post","type-post","status-publish","format-standard","has-post-thumbnail","hentry","category-industria","tag-agencias-de-viaje","tag-programa-aptur","tag-turismo"],"_links":{"self":[{"href":"https:\/\/dimensionturistica.com\/es\/wp-json\/wp\/v2\/posts\/137730","targetHints":{"allow":["GET"]}}],"collection":[{"href":"https:\/\/dimensionturistica.com\/es\/wp-json\/wp\/v2\/posts"}],"about":[{"href":"https:\/\/dimensionturistica.com\/es\/wp-json\/wp\/v2\/types\/post"}],"author":[{"embeddable":true,"href":"https:\/\/dimensionturistica.com\/es\/wp-json\/wp\/v2\/users\/4"}],"replies":[{"embeddable":true,"href":"https:\/\/dimensionturistica.com\/es\/wp-json\/wp\/v2\/comments?post=137730"}],"version-history":[{"count":0,"href":"https:\/\/dimensionturistica.com\/es\/wp-json\/wp\/v2\/posts\/137730\/revisions"}],"wp:featuredmedia":[{"embeddable":true,"href":"https:\/\/dimensionturistica.com\/es\/wp-json\/wp\/v2\/media\/137731"}],"wp:attachment":[{"href":"https:\/\/dimensionturistica.com\/es\/wp-json\/wp\/v2\/media?parent=137730"}],"wp:term":[{"taxonomy":"category","embeddable":true,"href":"https:\/\/dimensionturistica.com\/es\/wp-json\/wp\/v2\/categories?post=137730"},{"taxonomy":"post_tag","embeddable":true,"href":"https:\/\/dimensionturistica.com\/es\/wp-json\/wp\/v2\/tags?post=137730"}],"curies":[{"name":"wp","href":"https:\/\/api.w.org\/{rel}","templated":true}]}}