{"id":136895,"date":"2021-06-01T03:16:44","date_gmt":"2021-06-01T03:16:44","guid":{"rendered":"https:\/\/dimensionturistica.com\/es\/?p=136895"},"modified":"2021-06-01T03:16:45","modified_gmt":"2021-06-01T03:16:45","slug":"aeropuertos-reportan-record-en-numero-de-viajes-este-fin-de-semana-69-news-edicion-en-espanol","status":"publish","type":"post","link":"https:\/\/dimensionturistica.com\/es\/aeropuertos-reportan-record-en-numero-de-viajes-este-fin-de-semana-69-news-edicion-en-espanol\/","title":{"rendered":"Aeropuertos reportan record en n\u00famero de viajes este fin de semana | 69 News Edici\u00f3n En Espa\u00f1ol"},"content":{"rendered":"<p> <br \/>\n<\/p>\n<div itemprop=\"articleBody\">\n                                <meta itemprop=\"isAccessibleForFree\" content=\"true\"\/><\/p>\n<p>WASHINGTON, DC.- Este lunes podr\u00eda terminar siendo en el d\u00eda m\u00e1s ocupado en los aeropuertos de todo el pa\u00eds durante la pandemia.<\/p>\n<p>Esto es lo que aseguran los expertos, ya que la seguridad portuaria inform\u00f3 sobre un n\u00famero de viajeros que bati\u00f3 r\u00e9cords.<\/p>\n<p>Autoridades dicen que han revisado a m\u00e1s de siete millones de personas en los controles de seguridad entre el jueves y el domingo.<\/p>\n<p>Los expertos dicen que este ser\u00e1 el comienzo de lo que predicen ser\u00e1 un ocupado verano.<\/p>\n<\/p><\/div>\n<p><script>\n  !function(f,b,e,v,n,t,s)\n  {if(f.fbq)return;n=f.fbq=function(){n.callMethod?\n  n.callMethod.apply(n,arguments):n.queue.push(arguments)};\n  if(!f._fbq)f._fbq=n;n.push=n;n.loaded=!0;n.version='2.0';\n  n.queue=[];t=b.createElement(e);t.async=!0;\n  t.src=v;s=b.getElementsByTagName(e)[0];\n  s.parentNode.insertBefore(t,s)}(window, document,'script',\n  'https:\/\/connect.facebook.net\/en_US\/fbevents.js');\n  fbq('init', '185656319413717');\n  fbq('track', 'PageView');\n<\/script><br \/>\n<br \/><\/p>\n<p><em> &#8221; Fuentes www.wfmz.com &#8221; <\/em><\/p>\n","protected":false},"excerpt":{"rendered":"<p>WASHINGTON, DC.- Este lunes podr\u00eda terminar siendo en el d\u00eda m\u00e1s ocupado en los aeropuertos de todo el pa\u00eds durante la pandemia. Esto es lo que aseguran los expertos, ya que la seguridad portuaria inform\u00f3 sobre un n\u00famero de viajeros que bati\u00f3 r\u00e9cords. Autoridades dicen que han revisado a m\u00e1s de siete millones de personas [&hellip;]<\/p>\n","protected":false},"author":4,"featured_media":136896,"comment_status":"open","ping_status":"closed","sticky":false,"template":"","format":"standard","meta":{"om_disable_all_campaigns":false,"jnews-multi-image_gallery":[],"jnews_single_post":[],"jnews_primary_category":[],"jnews_social_meta":[],"footnotes":""},"categories":[39],"tags":[1524,705],"class_list":["post-136895","post","type-post","status-publish","format-standard","has-post-thumbnail","hentry","category-viajes","tag-espanol","tag-noticias"],"_links":{"self":[{"href":"https:\/\/dimensionturistica.com\/es\/wp-json\/wp\/v2\/posts\/136895","targetHints":{"allow":["GET"]}}],"collection":[{"href":"https:\/\/dimensionturistica.com\/es\/wp-json\/wp\/v2\/posts"}],"about":[{"href":"https:\/\/dimensionturistica.com\/es\/wp-json\/wp\/v2\/types\/post"}],"author":[{"embeddable":true,"href":"https:\/\/dimensionturistica.com\/es\/wp-json\/wp\/v2\/users\/4"}],"replies":[{"embeddable":true,"href":"https:\/\/dimensionturistica.com\/es\/wp-json\/wp\/v2\/comments?post=136895"}],"version-history":[{"count":0,"href":"https:\/\/dimensionturistica.com\/es\/wp-json\/wp\/v2\/posts\/136895\/revisions"}],"wp:featuredmedia":[{"embeddable":true,"href":"https:\/\/dimensionturistica.com\/es\/wp-json\/wp\/v2\/media\/136896"}],"wp:attachment":[{"href":"https:\/\/dimensionturistica.com\/es\/wp-json\/wp\/v2\/media?parent=136895"}],"wp:term":[{"taxonomy":"category","embeddable":true,"href":"https:\/\/dimensionturistica.com\/es\/wp-json\/wp\/v2\/categories?post=136895"},{"taxonomy":"post_tag","embeddable":true,"href":"https:\/\/dimensionturistica.com\/es\/wp-json\/wp\/v2\/tags?post=136895"}],"curies":[{"name":"wp","href":"https:\/\/api.w.org\/{rel}","templated":true}]}}